{"id":165258,"date":"2025-06-10T08:43:11","date_gmt":"2025-06-10T08:43:11","guid":{"rendered":"https:\/\/www.europesays.com\/fr\/165258\/"},"modified":"2025-06-10T08:43:11","modified_gmt":"2025-06-10T08:43:11","slug":"alsace-quand-les-centres-de-formation-professionnelle-de-lafpa-se-metamorphosent-en-villages-des-solutions-2","status":"publish","type":"post","link":"https:\/\/www.europesays.com\/fr\/165258\/","title":{"rendered":"Alsace. Quand les centres de formation professionnelle de l\u2019Afpa se m\u00e9tamorphosent en villages des solutions"},"content":{"rendered":"<p>Ceux qui ont fr\u00e9quent\u00e9 l\u2019Afpa (Association pour la formation professionnelle des adultes) de Strasbourg il y a quelques ann\u00e9es auraient bien du mal \u00e0 reconna\u00eetre les lieux. Car depuis un peu plus d\u2019un an, beaucoup de choses ont chang\u00e9 sur les 7\u00a0000 m2 du centre situ\u00e9 rue des Corps-de-Garde, entre les quartiers du Neudorf et celui du Neuhof. Couleurs vives, espaces verts abondants et b\u00e2ti r\u00e9nov\u00e9 ont redonn\u00e9 du cachet \u00e0 cet ensemble typique des ann\u00e9es 70.<\/p>\n<p>Et le changement n\u2019est pas que de fa\u00e7ade. Sur la quarantaine de b\u00e2timents d\u00e9di\u00e9s aux formations professionnelles, une bonne dizaine est d\u00e9sormais d\u00e9volue \u00e0 des associations de l\u2019\u00e9conomie sociale et solidaire ou \u00e0 des artisans. Une r\u00e9volution qui porte le nom de \u201cvillage des solutions\u201d.<\/p>\n<p>\u00ab\u00a0On a mis en place tout un \u00e9cosyst\u00e8me\u00a0\u00bb<\/p>\n<p>\u00ab\u00a0Notre sp\u00e9cialit\u00e9, \u00e0 l\u2019Afpa, a toujours \u00e9t\u00e9 la formation aux m\u00e9tiers manuels\u00a0\u00bb, expose Patrick Bern\u00e8de, 63 ans, le&#8230;<\/p>\n","protected":false},"excerpt":{"rendered":"Ceux qui ont fr\u00e9quent\u00e9 l\u2019Afpa (Association pour la formation professionnelle des adultes) de Strasbourg il y a quelques&hellip;\n","protected":false},"author":2,"featured_media":165027,"comment_status":"","ping_status":"","sticky":false,"template":"","format":"standard","meta":{"footnotes":""},"categories":[2820],"tags":[1111,11,2389,2649,214,2880,1057,341,1777,674,107,5016,1011,27,775,12,25,801,104,640,2879,1631],"class_list":{"0":"post-165258","1":"post","2":"type-post","3":"status-publish","4":"format-standard","5":"has-post-thumbnail","7":"category-strasbourg","8":"tag-actu","9":"tag-actualites","10":"tag-alsace","11":"tag-bas-rhin","12":"tag-chomage","13":"tag-edition-strasbourg","14":"tag-education","15":"tag-emploi","16":"tag-eu","17":"tag-europe","18":"tag-fil-info","19":"tag-formation-orientation","20":"tag-fr","21":"tag-france","22":"tag-grand-est","23":"tag-news","24":"tag-republique-francaise","25":"tag-social","26":"tag-societe","27":"tag-strasbourg","28":"tag-strasbourg-ville","29":"tag-vie-associative"},"share_on_mastodon":{"url":"https:\/\/pubeurope.com\/@fr\/114658187861135459","error":""},"_links":{"self":[{"href":"https:\/\/www.europesays.com\/fr\/wp-json\/wp\/v2\/posts\/165258","targetHints":{"allow":["GET"]}}],"collection":[{"href":"https:\/\/www.europesays.com\/fr\/wp-json\/wp\/v2\/posts"}],"about":[{"href":"https:\/\/www.europesays.com\/fr\/wp-json\/wp\/v2\/types\/post"}],"author":[{"embeddable":true,"href":"https:\/\/www.europesays.com\/fr\/wp-json\/wp\/v2\/users\/2"}],"replies":[{"embeddable":true,"href":"https:\/\/www.europesays.com\/fr\/wp-json\/wp\/v2\/comments?post=165258"}],"version-history":[{"count":0,"href":"https:\/\/www.europesays.com\/fr\/wp-json\/wp\/v2\/posts\/165258\/revisions"}],"wp:featuredmedia":[{"embeddable":true,"href":"https:\/\/www.europesays.com\/fr\/wp-json\/wp\/v2\/media\/165027"}],"wp:attachment":[{"href":"https:\/\/www.europesays.com\/fr\/wp-json\/wp\/v2\/media?parent=165258"}],"wp:term":[{"taxonomy":"category","embeddable":true,"href":"https:\/\/www.europesays.com\/fr\/wp-json\/wp\/v2\/categories?post=165258"},{"taxonomy":"post_tag","embeddable":true,"href":"https:\/\/www.europesays.com\/fr\/wp-json\/wp\/v2\/tags?post=165258"}],"curies":[{"name":"wp","href":"https:\/\/api.w.org\/{rel}","templated":true}]}}