{"id":16526,"date":"2025-04-11T04:38:29","date_gmt":"2025-04-11T04:38:29","guid":{"rendered":"https:\/\/www.europesays.com\/fr\/16526\/"},"modified":"2025-04-11T04:38:29","modified_gmt":"2025-04-11T04:38:29","slug":"la-garde-a-vue-de-gregory-doucet-le-maire-de-la-ville-a-ete-levee","status":"publish","type":"post","link":"https:\/\/www.europesays.com\/fr\/16526\/","title":{"rendered":"la garde \u00e0 vue de Gr\u00e9gory Doucet, le maire de la ville, a \u00e9t\u00e9 lev\u00e9e"},"content":{"rendered":"<p class=\"article-p mdl\">Gr\u00e9gory Doucet n&rsquo;est plus en garde \u00e0 vue. Le maire de la ville de Lyon a \u00e9t\u00e9 entendu, ce mercredi 9 avril, pendant plus de dix heures par la justice. \u00ab\u00a0La mesure de garde \u00e0 vue du maire de Lyon a \u00e9t\u00e9 lev\u00e9e en fin d&rsquo;apr\u00e8s-midi. Les investigations se poursuivent sous l&rsquo;autorit\u00e9 des juges d&rsquo;instruction\u00a0\u00bb, a d\u00e9clar\u00e9 le parquet.<\/p>\n<p class=\"article-p mdl\">L&rsquo;\u00e9dile \u00e9cologiste a \u00e9t\u00e9 convoqu\u00e9, en d\u00e9but de matin\u00e9e, dans le cadre d&rsquo;une enqu\u00eate portant sur <strong>la nature des t\u00e2ches effectu\u00e9es par des charg\u00e9s de mission de sa mairie<\/strong>.\u00a0<a class=\"link\" href=\"https:\/\/www.rtl.fr\/actu\/politique\/municipales-2026-en-guerre-contre-gregory-doucet-jean-michel-aulas-sera-t-il-candidat-a-la-mairie-de-lyon-7900473594\" title=\"Municipales 2026 : en guerre contre Gr\u00e9gory Doucet, Jean-Michel Aulas sera-t-il candidat \u00e0 la mairie de Lyon ?\" target=\"_blank\" rel=\"noopener\">Gr\u00e9gory Doucet<\/a>\u00a0est \u00ab\u00a0entendu en tant que repr\u00e9sentant de la collectivit\u00e9 dans une \u00e9tape normale de l&rsquo;enqu\u00eate pour expliquer le fonctionnement de la ville et d\u00e9fendre la l\u00e9galit\u00e9 des d\u00e9cisions prises. Il collabore pleinement avec la justice\u00a0\u00bb, a expliqu\u00e9 son porte-parole dans la journ\u00e9e.\u00a0<\/p>\n<p class=\"article-p mdl\">Il a donc \u00e9t\u00e9 entendu dans le cadre de cette enqu\u00eate ouverte pour <strong>d\u00e9tournement de fonds publics<\/strong>. Les charg\u00e9s de mission <strong>\u00ab\u00a0sont bien des agents administratifs<\/strong>\u00ab\u00a0, a affirm\u00e9 le maire apr\u00e8s sa garde \u00e0 vue.\u00a0<\/p>\n<p class=\"article-p mdl\">Une perquisition avait \u00e9t\u00e9 men\u00e9e \u00e0 l&rsquo;h\u00f4tel de Ville par une vingtaine de policiers\u00a0le 13 mars 2024. D\u00e9but 2024,\u00a0le parquet de Lyon avait ouvert une information judiciaire\u00a0\u00e0 la suite d&rsquo;un signalement de la Chambre r\u00e9gionale des comptes (CRC).<\/p>\n<p>    La r\u00e9daction vous recommande<\/p>\n<p class=\"s-newsletter__title\">\n                L\u2019actualit\u00e9 par la r\u00e9daction de RTL dans votre bo\u00eete mail.\n            <\/p>\n<p class=\"s-newsletter__subtitle\">\n                Gr\u00e2ce \u00e0 votre compte RTL abonnez-vous \u00e0 la newsletter RTL info pour suivre toute l&rsquo;actualit\u00e9 au quotidien\n            <\/p>\n<p>\n                                    Lire la suite\n                                <\/p>\n","protected":false},"excerpt":{"rendered":"Gr\u00e9gory Doucet n&rsquo;est plus en garde \u00e0 vue. Le maire de la ville de Lyon a \u00e9t\u00e9 entendu,&hellip;\n","protected":false},"author":2,"featured_media":16527,"comment_status":"","ping_status":"","sticky":false,"template":"","format":"standard","meta":{"footnotes":""},"categories":[1889],"tags":[1111,11,2430,1777,674,107,1011,27,303,2428,6793,12,25],"class_list":{"0":"post-16526","1":"post","2":"type-post","3":"status-publish","4":"format-standard","5":"has-post-thumbnail","7":"category-lyon","8":"tag-actu","9":"tag-actualites","10":"tag-auvergne-rhone-alpes","11":"tag-eu","12":"tag-europe","13":"tag-fil-info","14":"tag-fr","15":"tag-france","16":"tag-justice","17":"tag-lyon","18":"tag-maires","19":"tag-news","20":"tag-republique-francaise"},"share_on_mastodon":{"url":"https:\/\/pubeurope.com\/@fr\/114317485881293868","error":""},"_links":{"self":[{"href":"https:\/\/www.europesays.com\/fr\/wp-json\/wp\/v2\/posts\/16526","targetHints":{"allow":["GET"]}}],"collection":[{"href":"https:\/\/www.europesays.com\/fr\/wp-json\/wp\/v2\/posts"}],"about":[{"href":"https:\/\/www.europesays.com\/fr\/wp-json\/wp\/v2\/types\/post"}],"author":[{"embeddable":true,"href":"https:\/\/www.europesays.com\/fr\/wp-json\/wp\/v2\/users\/2"}],"replies":[{"embeddable":true,"href":"https:\/\/www.europesays.com\/fr\/wp-json\/wp\/v2\/comments?post=16526"}],"version-history":[{"count":0,"href":"https:\/\/www.europesays.com\/fr\/wp-json\/wp\/v2\/posts\/16526\/revisions"}],"wp:featuredmedia":[{"embeddable":true,"href":"https:\/\/www.europesays.com\/fr\/wp-json\/wp\/v2\/media\/16527"}],"wp:attachment":[{"href":"https:\/\/www.europesays.com\/fr\/wp-json\/wp\/v2\/media?parent=16526"}],"wp:term":[{"taxonomy":"category","embeddable":true,"href":"https:\/\/www.europesays.com\/fr\/wp-json\/wp\/v2\/categories?post=16526"},{"taxonomy":"post_tag","embeddable":true,"href":"https:\/\/www.europesays.com\/fr\/wp-json\/wp\/v2\/tags?post=16526"}],"curies":[{"name":"wp","href":"https:\/\/api.w.org\/{rel}","templated":true}]}}