{"id":165274,"date":"2025-06-10T08:54:08","date_gmt":"2025-06-10T08:54:08","guid":{"rendered":"https:\/\/www.europesays.com\/fr\/165274\/"},"modified":"2025-06-10T08:54:08","modified_gmt":"2025-06-10T08:54:08","slug":"concert-jeux-cine-plein-air-la-villa-cavrois-de-croix-celebre-ses-10-ans-douverture-ce-samedi","status":"publish","type":"post","link":"https:\/\/www.europesays.com\/fr\/165274\/","title":{"rendered":"Concert, jeux, cin\u00e9 plein air\u2026 La Villa Cavrois de Croix c\u00e9l\u00e8bre ses 10 ans d\u2019ouverture ce samedi"},"content":{"rendered":"<p>            Par<br \/>\n        <strong><br \/>\n            <a href=\"https:\/\/actu.fr\/auteur\/amandine-vachez\" title=\"Consulter tous les articles de Amandine Vachez\" target=\"_blank\" rel=\"noopener\">Amandine Vachez<\/a><br \/>\n        <\/strong><\/p>\n<p>        Publi\u00e9 le<\/p>\n<p>            10 juin 2025 \u00e0 10h50        <\/p>\n<p>Elle est un des joyaux architecturaux de la m\u00e9tropole de <a href=\"https:\/\/actu.fr\/lille\/\" target=\"_blank\" rel=\"noopener\">Lille<\/a> (Nord)\u2009: la <b>Villa Cavrois<\/b>, situ\u00e9e \u00e0<b> Croix<\/b>, attire chaque ann\u00e9e de nombreux visiteurs, tant elle se d\u00e9marque par son style. Elle a notamment accueilli <a href=\"https:\/\/actu.fr\/hauts-de-france\/croix_59163\/reportage-dans-coulisses-clip-clara-luciani-tourne-villa-cavrois-pres-lille_29516058.html\" target=\"_blank\" rel=\"noopener\">le tournage d\u2019un clip de la chanteuse \u00e0 succ\u00e8s Clara Luciani<\/a>\u2009! Ce<b> samedi 14\u00a0juin 2025<\/b>, la maison imagin\u00e9e par l\u2019architecte belge <a href=\"https:\/\/actu.fr\/hauts-de-france\/croix_59163\/patrimoine-a-croix-plongez-sur-les-traces-de-mallet-stevens_57258491.html\" target=\"_blank\" rel=\"noopener\">Mallet-Stevens<\/a> pour l\u2019industriel roubaisien Paul Cavrois, construite au d\u00e9but des ann\u00e9es 1930, accueillera de belles animations pour<b> f\u00eater ses 10\u00a0ans d\u2019ouverture au public<\/b>. Une occasion exceptionnelle de (re)d\u00e9couvrir cet exemple frappant de modernit\u00e9 de l\u2019\u00e9poque. On vous donne le<b> programme pr\u00e9vu pour cet anniversaire <\/b>exceptionnel.<\/p>\n<p>Des artistes contemporains pour faire le lien entre pass\u00e9 et pr\u00e9sent<\/p>\n<p class=\" wall-content\">Le samedi 14 juin, les visiteurs seront \u00ab\u2009invit\u00e9s \u00e0 un dialogue permanent entre les ann\u00e9es 30 et la cr\u00e9ation contemporaine ponctu\u00e9 de rencontres et de retrouvailles autour d\u2019une programmation festive ouverte au plus grand nombre\u2009\u00bb, annonce la Villa Cavrois.<\/p>\n<p class=\" wall-content\">Cette programmation mettra \u00e0 l\u2019honneur des figures artistiques ancr\u00e9es sur le territoire. \u00ab\u2009Des cr\u00e9ateurs seront invit\u00e9s \u00e0 co-construire des exp\u00e9riences\u00a0artistiques \u00e0 partir des m\u00e9moires collectives et les partager dans une atmosph\u00e8re festive et conviviale.\u2009\u00bb<\/p>\n<p class=\" wall-content\">Voici le programme de la journ\u00e9e, qui s\u2019ouvrira d\u00e8s l\u2019aurore\u2009:<\/p>\n<ul class=\" wall-content\">\n<li><b>\u00ab\u2009\u00c9veil architectural\u2009\u00bb \u2013 Danse en d\u00e9ambulation, 07\u2009h\u200930 \u2013 09\u2009h\u200930<\/b><br \/>Cr\u00e9ation contemporaine de <a href=\"https:\/\/actu.fr\/hauts-de-france\/roubaix_59512\/lille-metropole-sylvain-groud-arrive-direction-ccn-roubaix-debut-dune-nouvelle-ere_16673953.html\" target=\"_blank\" rel=\"noopener\">Sylvain Groud<\/a>, du Centre Chor\u00e9graphique National de Roubaix<\/li>\n<li><b>Visites et rencontres \u2013 10\u2009h \u2013 18\u2009h<\/b><br \/>Visites flash avec les anciens ouvriers, les membres de l\u2019association des Amis de la Villa Cavrois, des membres de la famille Cavrois, des architectes et des professionnels<\/li>\n<li><b>Espace de d\u00e9p\u00f4t m\u00e9moriel sonore \u2013 10\u2009h \u2013 18\u2009h<\/b><br \/>Mis \u00e0 disposition des visiteurs<\/li>\n<li><b>Photomaton \u2013 10\u2009h \u2013 18\u2009h<\/b><\/li>\n<li><b>Ateliers tout public \u2013 10\u2009h-18\u2009h<\/b><br \/>Atelier de dessin et construction inspir\u00e9 par le kit ludique du designer graphique Aur\u00e9lien Debat, lectures cont\u00e9es, construction et fresque participative, atelier d\u2019origami de bateaux flottants \u00e0 la surface du miroir d\u2019eau en hommage \u00e0 son architecture paquebot dans le pavillon \u00e9ph\u00e9m\u00e8re du jardin<\/li>\n<li><b>Jeux vintages en acc\u00e8s libre \u2013 10\u2009h-18\u2009h<\/b><br \/>Jeux d\u2019\u00e9poque en bois mis \u00e0 la disposition du public en ext\u00e9rieur et sur les terrasses<\/li>\n<li><b>Lectures cont\u00e9es \u2013 10\u2009h-18\u2009h<\/b><br \/>Sessions de lectures autour du th\u00e8me de l\u2019architecture et de la modernit\u00e9<\/li>\n<li><b>Bal chor\u00e9graphique participatif \u2013 16\u2009h \u2013 18\u2009h<\/b><br \/>Dirig\u00e9 par Sylvain Groud \u2013 Centre Chor\u00e9graphique National de Roubaix<\/li>\n<li><b>Concert \u2013 Ensemble K \u2013 18\u2009h\u200930 \u2013 19\u2009h\u200930<\/b><br \/><a href=\"https:\/\/actu.fr\/hauts-de-france\/lille_59350\/portrait-maestra-italo-bresilienne-simone-menezes-cree-lensemble-k-lille_23772845.html\" target=\"_blank\" rel=\"noopener\">Formation musicale<\/a>\u00a0\u00e0 g\u00e9om\u00e9trie variable<\/li>\n<li><b>Cin\u00e9ma en plein air \u2013 22\u2009h\u200930 \u2013 00\u2009h\u200900<\/b><br \/>Projection du film Le M\u00e9pris, de Jean-Luc Godard<\/li>\n<\/ul>\n<p>Vid\u00e9os : en ce moment sur Actu<\/p>\n<p class=\" wall-content\">Une belle journ\u00e9e en perspective\u2009! Il ne reste plus qu\u2019\u00e0 souhaiter que le temps soit au beau fixe.<\/p>\n<p class=\" wall-content\">Suivez toute l\u2019actualit\u00e9 de vos villes et m\u00e9dias favoris en vous inscrivant \u00e0 <a href=\"https:\/\/moncompte.actu.fr\" title=\"D\u00e9couvez Mon Actu\" rel=\"nofollow noopener\" data-trk=\"{&quot;cta&quot;:{&quot;action&quot;:&quot;https:\\\/\\\/moncompte.actu.fr&quot;,&quot;category&quot;:&quot;mon compte&quot;,&quot;from&quot;:&quot;article footer&quot;,&quot;name&quot;:&quot;Mon actu&quot;,&quot;type&quot;:&quot;cta&quot;}}\" target=\"_blank\">Mon Actu<\/a>.<\/p>\n","protected":false},"excerpt":{"rendered":"Par Amandine Vachez Publi\u00e9 le 10 juin 2025 \u00e0 10h50 Elle est un des joyaux architecturaux de la&hellip;\n","protected":false},"author":2,"featured_media":165275,"comment_status":"","ping_status":"","sticky":false,"template":"","format":"standard","meta":{"footnotes":""},"categories":[2815],"tags":[1111,11,1697,5972,1777,674,1011,27,811,1307,1652,12,25],"class_list":{"0":"post-165274","1":"post","2":"type-post","3":"status-publish","4":"format-standard","5":"has-post-thumbnail","7":"category-lille","8":"tag-actu","9":"tag-actualites","10":"tag-concert","11":"tag-danse","12":"tag-eu","13":"tag-europe","14":"tag-fr","15":"tag-france","16":"tag-hauts-de-france","17":"tag-lille","18":"tag-loisirs-culture","19":"tag-news","20":"tag-republique-francaise"},"share_on_mastodon":{"url":"https:\/\/pubeurope.com\/@fr\/114658231113133504","error":""},"_links":{"self":[{"href":"https:\/\/www.europesays.com\/fr\/wp-json\/wp\/v2\/posts\/165274","targetHints":{"allow":["GET"]}}],"collection":[{"href":"https:\/\/www.europesays.com\/fr\/wp-json\/wp\/v2\/posts"}],"about":[{"href":"https:\/\/www.europesays.com\/fr\/wp-json\/wp\/v2\/types\/post"}],"author":[{"embeddable":true,"href":"https:\/\/www.europesays.com\/fr\/wp-json\/wp\/v2\/users\/2"}],"replies":[{"embeddable":true,"href":"https:\/\/www.europesays.com\/fr\/wp-json\/wp\/v2\/comments?post=165274"}],"version-history":[{"count":0,"href":"https:\/\/www.europesays.com\/fr\/wp-json\/wp\/v2\/posts\/165274\/revisions"}],"wp:featuredmedia":[{"embeddable":true,"href":"https:\/\/www.europesays.com\/fr\/wp-json\/wp\/v2\/media\/165275"}],"wp:attachment":[{"href":"https:\/\/www.europesays.com\/fr\/wp-json\/wp\/v2\/media?parent=165274"}],"wp:term":[{"taxonomy":"category","embeddable":true,"href":"https:\/\/www.europesays.com\/fr\/wp-json\/wp\/v2\/categories?post=165274"},{"taxonomy":"post_tag","embeddable":true,"href":"https:\/\/www.europesays.com\/fr\/wp-json\/wp\/v2\/tags?post=165274"}],"curies":[{"name":"wp","href":"https:\/\/api.w.org\/{rel}","templated":true}]}}