{"id":165289,"date":"2025-06-10T09:05:09","date_gmt":"2025-06-10T09:05:09","guid":{"rendered":"https:\/\/www.europesays.com\/fr\/165289\/"},"modified":"2025-06-10T09:05:09","modified_gmt":"2025-06-10T09:05:09","slug":"soupconne-davoir-tenter-denlever-une-fillette-de-5-ans-dans-un-bus-ratp-le-suspect-disculpe","status":"publish","type":"post","link":"https:\/\/www.europesays.com\/fr\/165289\/","title":{"rendered":"soup\u00e7onn\u00e9 d&rsquo;avoir tenter d&rsquo;enlever une fillette de 5 ans dans un bus RATP, le suspect disculp\u00e9"},"content":{"rendered":"<p>            Par<br \/>\n        <strong><br \/>\n            <a href=\"https:\/\/actu.fr\/auteur\/joel-nandjui\" title=\"Consulter tous les articles de Joel Nandjui\" target=\"_blank\" rel=\"noopener\">Joel Nandjui<\/a><br \/>\n        <\/strong><\/p>\n<p>        Publi\u00e9 le<\/p>\n<p>            10 juin 2025 \u00e0 10h10<br \/>\n        ; mis \u00e0 jour le 10 juin 2025 \u00e0 10h28    <\/p>\n<p>mise \u00e0 jour \u00e0 10 heures 30 :\u00a0 La garde \u00e0 vue du suspect a \u00e9t\u00e9 lev\u00e9e et la proc\u00e9dure class\u00e9e sans suite selon le parquet de Bobigny. L\u2019homme cherchait \u00e0 aider l\u2019enfant qui s\u2019\u00e9tait perdu.\u00a0<\/p>\n<p class=\" wall-content\">Le dispositif d\u2019alerte du PC S\u00e9curit\u00e9 <a href=\"https:\/\/actu.fr\/ile-de-france\/paris_75056\/ratp-et-sncf-les-perturbations-attendues-dans-les-transports-a-paris-et-en-ile-de-france-cette-semaine-14_62744329.html\" target=\"_blank\" rel=\"noopener\">RATP<\/a> a permis d\u2019\u00e9viter un drame ce dimanche 8\u00a0 juin 2025 \u00e0 <strong>Montreuil <\/strong>(Seine-Saint-Denis)<strong>.<\/strong> Une tentative d\u2019enl\u00e8vement a eu lieu dans le centre-ville \u00e0 l\u2019arr\u00eat Mairie de Montreuil de la ligne de bus 129. Selon les informations du journal <a href=\"https:\/\/www.leparisien.fr\/seine-saint-denis-93\/montreuil-un-homme-interpelle-apres-avoir-tente-denlever-une-enfant-de-cinq-ans-08-06-2025-4WIUQWJWMRH7FNKUO4ZTE5EPBQ.php\" target=\"_blank\" rel=\"noopener\">Le Parisien<\/a>, un homme aurait profit\u00e9 d\u2019un moment d\u2019inattention des parents qui montaient dans le bus pour attraper le bras d\u2019une <strong>petite fille de cinq ans<\/strong> et tenter de s\u2019\u00e9chapper avec elle. Le p\u00e8re de l\u2019enfant a rep\u00e9r\u00e9 l\u2019homme et a pu \u00e9viter<a href=\"https:\/\/actu.fr\/ile-de-france\/paris_75056\/enlevement-en-plein-paris-dans-le-milieu-des-cryptomonnaies-25-personnes-deferees_62707486.html\" target=\"_blank\" rel=\"noopener\"> l\u2019enl\u00e8vement<\/a>, il l\u2019a ensuite poursuivi et maintenu jusqu\u2019\u00e0 l\u2019arriv\u00e9e des forces de l\u2019ordre.\u00a0<\/p>\n<p>L\u2019alerte du PC S\u00e9curit\u00e9 de la RATP activ\u00e9e<\/p>\n<p class=\" wall-content\">L\u2019arriv\u00e9e rapide de la police a \u00e9t\u00e9 rendue possible gr\u00e2ce au dispositif d\u2019alerte du <strong>PC s\u00e9curit\u00e9 de la RATP.<\/strong> Le conducteur du bus qui s\u2019est aper\u00e7u de la sc\u00e8ne a d\u00e9clench\u00e9 cette alerte discr\u00e8te pour pr\u00e9venir les secours. Ce dispositif permet d\u2019activer l\u2019intervention du Groupe de Protection et de S\u00e9curit\u00e9 du R\u00e9seau<a href=\"https:\/\/actu.fr\/ile-de-france\/paris_75056\/paris-ils-pensaient-proceder-a-un-controle-de-routine-dans-le-metro-les-agents-ratp-decrochent-le-gros-lot_62218962.html\" target=\"_blank\" rel=\"noopener\"> (GPSR)<\/a> ou de la police et lance une sauvegarde vid\u00e9o automatique de 15 minutes pr\u00e9c\u00e9dant et suivant cette activation.\u00a0 L\u2019homme a \u00e9t\u00e9 interpell\u00e9 et les vid\u00e9os de la sc\u00e8ne de la tentative ont \u00e9t\u00e9 transmises aux enqu\u00eateurs.\u00a0<\/p>\n<p class=\" wall-content\">\n<p class=\" wall-content\">Suivez toute l\u2019actualit\u00e9 de vos villes et m\u00e9dias favoris en vous inscrivant \u00e0 <a href=\"https:\/\/moncompte.actu.fr\" title=\"D\u00e9couvez Mon Actu\" rel=\"nofollow noopener\" data-trk=\"{&quot;cta&quot;:{&quot;action&quot;:&quot;https:\\\/\\\/moncompte.actu.fr&quot;,&quot;category&quot;:&quot;mon compte&quot;,&quot;from&quot;:&quot;article footer&quot;,&quot;name&quot;:&quot;Mon actu&quot;,&quot;type&quot;:&quot;cta&quot;}}\" target=\"_blank\">Mon Actu<\/a>.<\/p>\n","protected":false},"excerpt":{"rendered":"Par Joel Nandjui Publi\u00e9 le 10 juin 2025 \u00e0 10h10 ; mis \u00e0 jour le 10 juin 2025&hellip;\n","protected":false},"author":2,"featured_media":165290,"comment_status":"","ping_status":"","sticky":false,"template":"","format":"standard","meta":{"footnotes":""},"categories":[1888],"tags":[1111,1928,11,1927,11250,1777,674,1011,27,12,1926,626,1925,625,25,104],"class_list":{"0":"post-165289","1":"post","2":"type-post","3":"status-publish","4":"format-standard","5":"has-post-thumbnail","7":"category-paris","8":"tag-actu","9":"tag-actu-paris","10":"tag-actualites","11":"tag-actualites-paris","12":"tag-enlevements","13":"tag-eu","14":"tag-europe","15":"tag-fr","16":"tag-france","17":"tag-news","18":"tag-news-paris","19":"tag-paris","20":"tag-paris-news","21":"tag-ratp","22":"tag-republique-francaise","23":"tag-societe"},"share_on_mastodon":{"url":"https:\/\/pubeurope.com\/@fr\/114658274384646685","error":""},"_links":{"self":[{"href":"https:\/\/www.europesays.com\/fr\/wp-json\/wp\/v2\/posts\/165289","targetHints":{"allow":["GET"]}}],"collection":[{"href":"https:\/\/www.europesays.com\/fr\/wp-json\/wp\/v2\/posts"}],"about":[{"href":"https:\/\/www.europesays.com\/fr\/wp-json\/wp\/v2\/types\/post"}],"author":[{"embeddable":true,"href":"https:\/\/www.europesays.com\/fr\/wp-json\/wp\/v2\/users\/2"}],"replies":[{"embeddable":true,"href":"https:\/\/www.europesays.com\/fr\/wp-json\/wp\/v2\/comments?post=165289"}],"version-history":[{"count":0,"href":"https:\/\/www.europesays.com\/fr\/wp-json\/wp\/v2\/posts\/165289\/revisions"}],"wp:featuredmedia":[{"embeddable":true,"href":"https:\/\/www.europesays.com\/fr\/wp-json\/wp\/v2\/media\/165290"}],"wp:attachment":[{"href":"https:\/\/www.europesays.com\/fr\/wp-json\/wp\/v2\/media?parent=165289"}],"wp:term":[{"taxonomy":"category","embeddable":true,"href":"https:\/\/www.europesays.com\/fr\/wp-json\/wp\/v2\/categories?post=165289"},{"taxonomy":"post_tag","embeddable":true,"href":"https:\/\/www.europesays.com\/fr\/wp-json\/wp\/v2\/tags?post=165289"}],"curies":[{"name":"wp","href":"https:\/\/api.w.org\/{rel}","templated":true}]}}