{"id":165297,"date":"2025-06-10T09:09:16","date_gmt":"2025-06-10T09:09:16","guid":{"rendered":"https:\/\/www.europesays.com\/fr\/165297\/"},"modified":"2025-06-10T09:09:16","modified_gmt":"2025-06-10T09:09:16","slug":"le-rapprochement-entre-la-russie-et-la-coree-du-nord-inquiete-les-pays-de-lotan-2","status":"publish","type":"post","link":"https:\/\/www.europesays.com\/fr\/165297\/","title":{"rendered":"Le rapprochement entre la Russie et la Cor\u00e9e du Nord inqui\u00e8te les pays de l&rsquo;OTAN"},"content":{"rendered":"<ol class=\"table-of-contents\">\n<li><a href=\"#cooperation-en-matiere-d-armement\">Coop\u00e9ration en mati\u00e8re d&rsquo;armement<\/a>\n<\/li>\n<\/ol>\n<p>Dans le but de renforcer les liens bilat\u00e9raux,<strong> le gouvernement russe a envoy\u00e9 le secr\u00e9taire de son Conseil de s\u00e9curit\u00e9, Sergei Shoigu, \u00e0 Pyongyang, la capitale nord-cor\u00e9enne, pour rencontrer le dirigeant Kim Jong-un<\/strong> le 5 juin.\u00a0<\/p>\n<p>Selon l&rsquo;agence de presse russe TASS, le secr\u00e9taire s&rsquo;est rendu en Cor\u00e9e du Nord sur ordre<strong> du pr\u00e9sident russe Vladimir Poutine afin de discuter de diverses questions bilat\u00e9rales. <\/strong>\u00ab Les discussions porteront sur la mise en \u0153uvre de certaines dispositions du partenariat strat\u00e9gique global entre la F\u00e9d\u00e9ration de Russie et la R\u00e9publique populaire d\u00e9mocratique de Cor\u00e9e, ainsi que sur les efforts visant \u00e0 honorer la m\u00e9moire des soldats nord-cor\u00e9ens qui ont contribu\u00e9 \u00e0 la lib\u00e9ration de la r\u00e9gion de Koursk \u00bb, a d\u00e9clar\u00e9 le Conseil de s\u00e9curit\u00e9 russe \u00e0 l&rsquo;agence officielle russe.\u00a0<\/p>\n<p><img loading=\"lazy\" decoding=\"async\" width=\"1200\" height=\"675\" alt=\"&lt;p&gt;El presidente de Rusia, Vladimir Putin, y el l\u00edder de Corea del Norte, Kim Jong Un, asisten a una recepci\u00f3n de estado en Pyongyang, Corea del Norte, el 19 de junio de 2024 - SPUTNIK\/VLADIMIR SMIRNOV via \u00a0REUTERS&lt;\/p&gt;&#10;\" src=\"https:\/\/www.europesays.com\/fr\/wp-content\/uploads\/2025\/06\/2025060512454998952.jpg\"\/><br \/>\nLe pr\u00e9sident russe Vladimir Poutine et le dirigeant nord-cor\u00e9en Kim Jong Un assistent \u00e0 une r\u00e9ception d&rsquo;\u00c9tat \u00e0 Pyongyang, en Cor\u00e9e du Nord, le 19 juin 2024<strong> &#8211; SPUTNIK\/VLADIMIR SMIRNOV via REUTERS<\/strong><\/p>\n<p>Selon l&rsquo;agence Korean Central News Agency (KCNA), lors de la r\u00e9union, le dirigeant nord-cor\u00e9en<strong> Kim Jong-un a confirm\u00e9 \u00e0 Sergue\u00ef Cho\u00efgou que son pays \u00ab soutiendra sans condition la position de la Russie et sa politique \u00e9trang\u00e8re sur toutes les questions politiques internationales cruciales, y compris la question ukrainienne \u00bb.\u00a0<\/strong><\/p>\n<p>Ce n&rsquo;est pas la premi\u00e8re fois que Shoigu effectue une visite de ce type : le 21 mars dernier, il a eu une r\u00e9union de deux heures avec Kim Jong-un, au cours de laquelle des questions tr\u00e8s larges ont \u00e9t\u00e9 abord\u00e9es, telles que la situation en Ukraine, les pourparlers avec les \u00c9tats-Unis et la s\u00e9curit\u00e9, tant dans la p\u00e9ninsule cor\u00e9enne qu&rsquo;au niveau mondial, selon les d\u00e9clarations du secr\u00e9taire aux m\u00e9dias. \u00c0 cette occasion, Sergue\u00ef Cho\u00efgou a salu\u00e9 la volont\u00e9 de la Cor\u00e9e du Nord de soutenir son pays : \u00ab Je tiens \u00e0 remercier mes amis cor\u00e9ens pour leur solidarit\u00e9 avec la Russie dans tous les probl\u00e8mes de la politique mondiale, et en particulier sur la question de l&rsquo;Ukraine \u00bb, a-t-il d\u00e9clar\u00e9 devant les m\u00e9dias.\u00a0<\/p>\n<p>Coop\u00e9ration en mati\u00e8re d&rsquo;armement<\/p>\n<p>Par ailleurs, via la plateforme Telegram, <strong>une page intitul\u00e9e Informador militar a publi\u00e9 des images de ce qu&rsquo;elle a d\u00e9crit comme \u00ab un mortier nord-cor\u00e9en de 60 mm destin\u00e9 \u00e0 l&rsquo;arm\u00e9e russe \u00bb, pr\u00e9cisant dans sa publication que les unit\u00e9s de l&rsquo;arm\u00e9e russe seraient d\u00e9j\u00e0 en train de s&rsquo;\u00e9quiper de ce type d&rsquo;armement.\u00a0<\/strong><\/p>\n<p>En ce qui concerne la Cor\u00e9e du Nord, le Comit\u00e9 de surveillance des sanctions multilat\u00e9rales de l&rsquo;ONU a averti que la Russie aurait livr\u00e9 une unit\u00e9 du syst\u00e8me antia\u00e9rien Pantsir, ainsi qu&rsquo;un v\u00e9hicule de combat du m\u00eame type.\u00a0<\/p>\n<p><img loading=\"lazy\" decoding=\"async\" width=\"1200\" height=\"675\" alt=\"&lt;p&gt;Ejercicio de las subunidades de mortero del Ej\u00e9rcito Popular de Corea en un lugar no revelado - KCNA via REUTERS\u202f\u202f&lt;\/p&gt;&#10;\" src=\"https:\/\/www.europesays.com\/fr\/wp-content\/uploads\/2025\/06\/2025060512454867269.jpg\"\/><br \/>\nDes sous-unit\u00e9s de mortiers de l&rsquo;Arm\u00e9e populaire de lib\u00e9ration du Kosovo (APK) s&rsquo;exercent dans un lieu non divulgu\u00e9<strong> &#8211; KCNA via REUTERS<\/strong><\/p>\n<p>La relation dangereuse entre la Russie et la Cor\u00e9e du Nord<\/p>\n<p><strong>Pour le Dr Edward Howell, le lien de plus en plus profond entre la Cor\u00e9e du Nord et la Russie, qui se limitait auparavant \u00e0 des \u00e9changes tactiques, a \u00e9volu\u00e9 vers un alignement plus strat\u00e9gique et id\u00e9ologique. D\u00e9clench\u00e9e par l&rsquo;invasion de l&rsquo;Ukraine par la Russie en 2022, cette relation est rapidement pass\u00e9e de transactions d&rsquo;armes contre de l&rsquo;argent \u00e0 une coop\u00e9ration militaire <\/strong>qui inclut d\u00e9sormais le d\u00e9ploiement de troupes nord-cor\u00e9ennes sur le sol russe, ce qui, comme on l&rsquo;a vu, repr\u00e9sente un risque pour l&rsquo;ordre mondial.\u00a0<\/p>\n<p>Historiquement, les liens entre Moscou et Pyongyang ont vari\u00e9 (en fonction des circonstances), mais la pression de la guerre et des sanctions a raviv\u00e9 un partenariat qui semblait inactif. <strong>La Russie, confront\u00e9e \u00e0 l&rsquo;isolement et \u00e0 un besoin critique d&rsquo;armes, a trouv\u00e9 en Cor\u00e9e du Nord un fournisseur d&rsquo;artillerie et de missiles. En \u00e9change, le r\u00e9gime de Kim Jong-un s&rsquo;est assur\u00e9 une aide alimentaire vitale, des ressources financi\u00e8res et peut-\u00eatre des technologies militaires de pointe<\/strong>, \u00e9l\u00e9ments essentiels \u00e0 la strat\u00e9gie de survie de Pyongyang.\u00a0<\/p>\n<p>Ce qui distingue cette nouvelle alliance, c&rsquo;est son contexte id\u00e9ologique : <strong>les deux nations cherchent \u00e0 d\u00e9fier l&rsquo;ordre s\u00e9curitaire de l&rsquo;apr\u00e8s-guerre froide domin\u00e9 par les \u00c9tats-Unis et leurs alli\u00e9s. En tirant parti du droit de veto de la Russie \u00e0 l&rsquo;ONU, la Cor\u00e9e du Nord se prot\u00e8ge de toute responsabilit\u00e9 en cas de violation des sanctions et continue d&rsquo;\u00e9tendre ses capacit\u00e9s nucl\u00e9aires et balistiques sans craindre de repr\u00e9sailles internationales<\/strong>, a d\u00e9clar\u00e9 M. Howell.\u00a0<\/p>\n<p>Ce nouvel axe repr\u00e9sente un d\u00e9fi important pour la paix mondiale. La coop\u00e9ration militaire croissante entre les deux puissances a non seulement renforc\u00e9 les aspirations nucl\u00e9aires de Pyongyang, mais a \u00e9galement d\u00e9stabilis\u00e9 la dynamique r\u00e9gionale. <strong>De m\u00eame, le renforcement de cette relation affaiblit sans aucun doute les efforts internationaux en mati\u00e8re de contr\u00f4le des armements et limite l&rsquo;efficacit\u00e9 des institutions internationales telles que le Conseil de s\u00e9curit\u00e9.\u00a0<\/strong><\/p>\n<p><img loading=\"lazy\" decoding=\"async\" width=\"1200\" height=\"675\" alt=\"&lt;p&gt;El presidente franc\u00e9s, Emmanuel Macron - REUTERS\/ TERESA SU\u00c1REZ&lt;\/p&gt;&#10;\" src=\"https:\/\/www.europesays.com\/fr\/wp-content\/uploads\/2025\/06\/2025060512454962126.jpg\"\/><br \/>\nLe pr\u00e9sident fran\u00e7ais Emmanuel Macron <strong>&#8211; REUTERS\/ TERESA SU\u00c1REZ<\/strong><\/p>\n<p>De plus, bien que la Chine observe la situation avec prudence, sa r\u00e9ponse a \u00e9t\u00e9 ambigu\u00eb. En effet, <strong>Emmanuel Macron, pr\u00e9sident fran\u00e7ais, a lui-m\u00eame averti la Chine qu&rsquo;une absence de r\u00e9action face au soutien de la Cor\u00e9e du Nord \u00e0 la Russie pourrait entra\u00eener une pr\u00e9sence accrue de l&rsquo;OTAN en Asie. \u00ab La situation de la Cor\u00e9e du Nord en Ukraine est une grande inconnue pour nous tous. Si la Chine ne veut pas que l&rsquo;OTAN intervienne en Asie du Sud-Est, elle devrait l&#8217;emp\u00eacher d&rsquo;intervenir sur le sol europ\u00e9en \u00bb<\/strong>, a-t-il soulign\u00e9.\u00a0<\/p>\n<p>\u00c0 mesure que l&rsquo;alliance entre la Cor\u00e9e du Nord et la Russie se consolide, <strong>le sc\u00e9nario international devient de plus en plus incertain et tendu. <\/strong>Loin d&rsquo;\u00eatre une simple coop\u00e9ration, cette relation repr\u00e9sente un alignement strat\u00e9gique avec des objectifs communs : affaiblir l&rsquo;ordre mondial et renforcer leurs capacit\u00e9s militaires face \u00e0 l&rsquo;isolement international. Dans ce contexte, la communaut\u00e9 internationale est confront\u00e9e au d\u00e9fi de proposer une r\u00e9ponse ferme et coordonn\u00e9e.\u00a0<\/p>\n","protected":false},"excerpt":{"rendered":"Coop\u00e9ration en mati\u00e8re d&rsquo;armement Dans le but de renforcer les liens bilat\u00e9raux, le gouvernement russe a envoy\u00e9 le&hellip;\n","protected":false},"author":2,"featured_media":159738,"comment_status":"","ping_status":"","sticky":false,"template":"","format":"standard","meta":{"footnotes":""},"categories":[1591],"tags":[11,29127,29129,29128,554,1887,1577,2489,17796,12,136,14750,9024,316,29130,8940,1885,1886,132],"class_list":{"0":"post-165297","1":"post","2":"type-post","3":"status-publish","4":"format-standard","5":"has-post-thumbnail","7":"category-russie","8":"tag-actualites","9":"tag-corea-del-norte","10":"tag-defence","11":"tag-defensa","12":"tag-defense","13":"tag-federation-de-russie","14":"tag-l","15":"tag-la-russie","16":"tag-nato","17":"tag-news","18":"tag-otan","19":"tag-politica","20":"tag-politics","21":"tag-politique","22":"tag-portada","23":"tag-rusia","24":"tag-russia","25":"tag-russian-federation","26":"tag-russie"},"share_on_mastodon":{"url":"https:\/\/pubeurope.com\/@fr\/114658290223224130","error":""},"_links":{"self":[{"href":"https:\/\/www.europesays.com\/fr\/wp-json\/wp\/v2\/posts\/165297","targetHints":{"allow":["GET"]}}],"collection":[{"href":"https:\/\/www.europesays.com\/fr\/wp-json\/wp\/v2\/posts"}],"about":[{"href":"https:\/\/www.europesays.com\/fr\/wp-json\/wp\/v2\/types\/post"}],"author":[{"embeddable":true,"href":"https:\/\/www.europesays.com\/fr\/wp-json\/wp\/v2\/users\/2"}],"replies":[{"embeddable":true,"href":"https:\/\/www.europesays.com\/fr\/wp-json\/wp\/v2\/comments?post=165297"}],"version-history":[{"count":0,"href":"https:\/\/www.europesays.com\/fr\/wp-json\/wp\/v2\/posts\/165297\/revisions"}],"wp:featuredmedia":[{"embeddable":true,"href":"https:\/\/www.europesays.com\/fr\/wp-json\/wp\/v2\/media\/159738"}],"wp:attachment":[{"href":"https:\/\/www.europesays.com\/fr\/wp-json\/wp\/v2\/media?parent=165297"}],"wp:term":[{"taxonomy":"category","embeddable":true,"href":"https:\/\/www.europesays.com\/fr\/wp-json\/wp\/v2\/categories?post=165297"},{"taxonomy":"post_tag","embeddable":true,"href":"https:\/\/www.europesays.com\/fr\/wp-json\/wp\/v2\/tags?post=165297"}],"curies":[{"name":"wp","href":"https:\/\/api.w.org\/{rel}","templated":true}]}}