{"id":16530,"date":"2025-04-11T04:41:09","date_gmt":"2025-04-11T04:41:09","guid":{"rendered":"https:\/\/www.europesays.com\/fr\/16530\/"},"modified":"2025-04-11T04:41:09","modified_gmt":"2025-04-11T04:41:09","slug":"des-cadavres-de-porcelets-deposes-devant-un-leclerc-a-paris","status":"publish","type":"post","link":"https:\/\/www.europesays.com\/fr\/16530\/","title":{"rendered":"des cadavres de porcelets d\u00e9pos\u00e9s devant un Leclerc \u00e0 Paris"},"content":{"rendered":"<p>            Par<br \/>\n        <strong><br \/>\n            <a href=\"https:\/\/actu.fr\/auteur\/sarah-coulet\" title=\"Consulter tous les articles de Sarah Coulet\" target=\"_blank\" rel=\"noopener\">Sarah Coulet<\/a><br \/>\n        <\/strong><\/p>\n<p>        Publi\u00e9 le<\/p>\n<p>            10 avr. 2025 \u00e0 16h12        <\/p>\n<p>Images chocs. <a href=\"https:\/\/actu.fr\/ile-de-france\/paris_75056\/paris-pourquoi-trois-poulets-geants-et-difformes-vont-investir-la-place-de-la-bourse-ce-mercredi_60983533.html\" target=\"_blank\" rel=\"noopener\">L\u2019association L214<\/a>, habitu\u00e9e des mises en sc\u00e8ne ayant vocation \u00e0 interloquer, a encore frapp\u00e9. Ce jeudi 10\u00a0avril 2025, une vingtaine de militants de l\u2019association de d\u00e9fense des animaux se sont post\u00e9s devant un magasin <a href=\"https:\/\/actu.fr\/tag\/leclerc\" target=\"_blank\" rel=\"noopener\">E. Leclerc<\/a> du 19e arrondissement de Paris ont expos\u00e9 des <strong>cadavres de porcelets<\/strong> pour protester contre les conditions d\u2019\u00e9levage dans des \u00e9tablissements fournissant le distributeur.<\/p>\n<p>Des pratiques tr\u00e8s violentes<\/p>\n<p class=\" wall-content\">Deux enqu\u00eates ont \u00e9t\u00e9 ouvertes en Bretagne mi-mars\u00a02025 apr\u00e8s le d\u00e9p\u00f4t de plaintes de L214 pour <strong>maltraitance animale<\/strong> dans huit \u00e9levages porcins \u00e0 la suite d\u2019une enqu\u00eate men\u00e9e par l\u2019association.<\/p>\n<p class=\" wall-content\">Les photos et vid\u00e9os alors diffus\u00e9es montrent notamment des cadavres de porcelets en \u00e9tat de <strong>d\u00e9composition avanc\u00e9e<\/strong>, abandonn\u00e9s au milieu des animaux.<\/p>\n<p class=\" wall-content\">\n<p class=\" wall-content\">\n<p class=\" wall-content\">Ambre Bernard, charg\u00e9e de campagne contre l\u2019\u00e9levage intensif, d\u00e9nonce aussi la <strong>coupe syst\u00e9matique des queues<\/strong> des porcelets sans anesth\u00e9sie, le meulage syst\u00e9matique de leurs dents mais aussi le \u00ab\u2009claquage\u2009\u00bb au sol ou au mur utilis\u00e9 pour tuer les porcelets jug\u00e9s \u00ab\u2009non \u00e9conomiquement viables\u2009\u00bb. Ces proc\u00e9d\u00e9s sont autoris\u00e9s seulement en dernier recours et s\u2019ils ne sont pas syst\u00e9matiques.<\/p>\n<p class=\" wall-content\">Kermen\u00e9, filiale de l\u2019enseigne E.Leclerc sp\u00e9cialis\u00e9e dans la <strong>transformation de produits carn\u00e9s<\/strong>, avait indiqu\u00e9 \u00ab\u2009v\u00e9rifier ces informations afin de prendre toutes les mesures n\u00e9cessaires\u2009\u00bb, y compris l\u2019arr\u00eat de la collaboration avec les \u00e9leveurs concern\u00e9s si ces faits \u00ab\u2009inacceptables\u2009\u00bb sont \u00ab\u2009av\u00e9r\u00e9s\u2009\u00bb.<\/p>\n<p>Vid\u00e9os : en ce moment sur Actu\u00ab\u2009Il y a des fa\u00e7ons de traiter les animaux\u2009\u00bb<\/p>\n<p class=\" wall-content\">L214 a depuis men\u00e9 plusieurs actions devant des magasins E. Leclerc partout en France mais avec seulement tractage et collage d\u2019autocollants. Celle de ce jeudi a \u00e9t\u00e9 \u00ab\u2009la plus difficile\u2009\u00bb pour les militants, qui se sont relay\u00e9s pour <strong>porter les cadavres<\/strong> sur des morceaux de caillebotis en plastique, sur lesquels \u00e9voluent les cochons dans les \u00e9levages, affirme Ambre Bernard.<\/p>\n<p class=\" wall-content\">\u00ab\u2009Je suis carnivore, <strong>je mange de la viande<\/strong> mais il y a des fa\u00e7ons de traiter les animaux, ils ont le droit d\u2019\u00eatre bien trait\u00e9s\u2009\u00bb, d\u00e9clare \u00e0 l\u2019AFP M\u00e9lanie, cliente de 36\u00a0ans qui n\u2019a pas souhait\u00e9 donner son nom. \u00ab\u2009Touch\u00e9e\u2009\u00bb par la vision des cadavres de porcelets, elle a sign\u00e9 la p\u00e9tition que les militants ont pr\u00e9sent\u00e9e devant le magasin, apr\u00e8s s\u2019\u00eatre assur\u00e9e que celle-ci ne visait pas \u00e0 \u00ab\u2009interdire\u2009\u00bb la viande.<\/p>\n<p class=\" wall-content\">Avec AFP.<\/p>\n<p class=\" wall-content\">Suivez toute l\u2019actualit\u00e9 de vos villes et m\u00e9dias favoris en vous inscrivant \u00e0 <a href=\"https:\/\/moncompte.actu.fr\" title=\"D\u00e9couvez Mon Actu\" rel=\"nofollow noopener\" data-trk=\"{&quot;cta&quot;:{&quot;action&quot;:&quot;https:\\\/\\\/moncompte.actu.fr&quot;,&quot;category&quot;:&quot;mon compte&quot;,&quot;from&quot;:&quot;article footer&quot;,&quot;name&quot;:&quot;Mon actu&quot;,&quot;type&quot;:&quot;cta&quot;}}\" target=\"_blank\">Mon Actu<\/a>.<\/p>\n<ul class=\"ac-article-tag wall-content\">\n<li><a href=\"https:\/\/actu.fr\/tag\/animaux\" data-trk=\"{&quot;cta&quot;:{&quot;action&quot;:&quot;Animaux&quot;,&quot;category&quot;:&quot;tag&quot;,&quot;from&quot;:&quot;article footer&quot;,&quot;name&quot;:&quot;Animaux&quot;,&quot;type&quot;:&quot;cta&quot;}}\" target=\"_blank\" rel=\"noopener\">#Animaux<\/a><\/li>\n<li><a href=\"https:\/\/actu.fr\/tag\/maltraitance-animale\" data-trk=\"{&quot;cta&quot;:{&quot;action&quot;:&quot;Maltraitance animale&quot;,&quot;category&quot;:&quot;tag&quot;,&quot;from&quot;:&quot;article footer&quot;,&quot;name&quot;:&quot;Maltraitance animale&quot;,&quot;type&quot;:&quot;cta&quot;}}\" target=\"_blank\" rel=\"noopener\">#Maltraitance animale<\/a><\/li>\n<\/ul>\n","protected":false},"excerpt":{"rendered":"Par Sarah Coulet Publi\u00e9 le 10 avr. 2025 \u00e0 16h12 Images chocs. L\u2019association L214, habitu\u00e9e des mises en&hellip;\n","protected":false},"author":2,"featured_media":16531,"comment_status":"","ping_status":"","sticky":false,"template":"","format":"standard","meta":{"footnotes":""},"categories":[1888],"tags":[1111,1928,11,1927,1867,1777,674,1011,27,6795,12,1926,626,1925,25,104],"class_list":{"0":"post-16530","1":"post","2":"type-post","3":"status-publish","4":"format-standard","5":"has-post-thumbnail","7":"category-paris","8":"tag-actu","9":"tag-actu-paris","10":"tag-actualites","11":"tag-actualites-paris","12":"tag-animaux","13":"tag-eu","14":"tag-europe","15":"tag-fr","16":"tag-france","17":"tag-maltraitance-animale","18":"tag-news","19":"tag-news-paris","20":"tag-paris","21":"tag-paris-news","22":"tag-republique-francaise","23":"tag-societe"},"share_on_mastodon":{"url":"https:\/\/pubeurope.com\/@fr\/114317497682745482","error":""},"_links":{"self":[{"href":"https:\/\/www.europesays.com\/fr\/wp-json\/wp\/v2\/posts\/16530","targetHints":{"allow":["GET"]}}],"collection":[{"href":"https:\/\/www.europesays.com\/fr\/wp-json\/wp\/v2\/posts"}],"about":[{"href":"https:\/\/www.europesays.com\/fr\/wp-json\/wp\/v2\/types\/post"}],"author":[{"embeddable":true,"href":"https:\/\/www.europesays.com\/fr\/wp-json\/wp\/v2\/users\/2"}],"replies":[{"embeddable":true,"href":"https:\/\/www.europesays.com\/fr\/wp-json\/wp\/v2\/comments?post=16530"}],"version-history":[{"count":0,"href":"https:\/\/www.europesays.com\/fr\/wp-json\/wp\/v2\/posts\/16530\/revisions"}],"wp:featuredmedia":[{"embeddable":true,"href":"https:\/\/www.europesays.com\/fr\/wp-json\/wp\/v2\/media\/16531"}],"wp:attachment":[{"href":"https:\/\/www.europesays.com\/fr\/wp-json\/wp\/v2\/media?parent=16530"}],"wp:term":[{"taxonomy":"category","embeddable":true,"href":"https:\/\/www.europesays.com\/fr\/wp-json\/wp\/v2\/categories?post=16530"},{"taxonomy":"post_tag","embeddable":true,"href":"https:\/\/www.europesays.com\/fr\/wp-json\/wp\/v2\/tags?post=16530"}],"curies":[{"name":"wp","href":"https:\/\/api.w.org\/{rel}","templated":true}]}}