{"id":165300,"date":"2025-06-10T09:11:10","date_gmt":"2025-06-10T09:11:10","guid":{"rendered":"https:\/\/www.europesays.com\/fr\/165300\/"},"modified":"2025-06-10T09:11:10","modified_gmt":"2025-06-10T09:11:10","slug":"etats-unis-une-action-en-justice-contre-ladministration-trump-relance-le-debat-sur-les-armes-automatiques","status":"publish","type":"post","link":"https:\/\/www.europesays.com\/fr\/165300\/","title":{"rendered":"\u00c9tats-Unis : une action en justice contre l&rsquo;administration Trump relance le d\u00e9bat sur les armes automatiques"},"content":{"rendered":"<p>\n         Publi\u00e9 le<br \/>\n            10\/06\/2025 &#8211; 10:49 UTC+2<\/p>\n<p><img decoding=\"async\" class=\"c-ad__placeholder__logo\" src=\"https:\/\/www.europesays.com\/fr\/wp-content\/uploads\/2025\/03\/logo-euronews-grey-6-180x22.svg.svg+xml\" width=\"180\" height=\"22\" alt=\"\" loading=\"lazy\"\/>PUBLICIT\u00c9<\/p>\n<p>Seize \u00c9tats am\u00e9ricains ont intent\u00e9 une action en justice contre l&rsquo;administration Trump concernant sa proposition d&rsquo;autoriser la vente de g\u00e2chettes \u00e0 r\u00e9armement forc\u00e9, qui permettent d&rsquo;augmenter la cadence de tir des fusils semi-automatiques, et de restituer les dispositifs d\u00e9j\u00e0 saisis \u00e0 leurs propri\u00e9taires.<\/p>\n<p>L&rsquo;action en justice, annonc\u00e9e lundi, soutient que la restitution des g\u00e2chettes violerait les lois f\u00e9d\u00e9rales, mettrait en danger les r\u00e9sidents et le personnel charg\u00e9 de l&rsquo;application de la loi, et pourrait aggraver la violence arm\u00e9e. La plainte a \u00e9t\u00e9 d\u00e9pos\u00e9e aupr\u00e8s d&rsquo;un tribunal f\u00e9d\u00e9ral du Maryland.<\/p>\n<p>Plusieurs batailles juridiques ont eu lieu au sujet de ces dispositifs, qui peuvent \u00eatre utilis\u00e9s en remplacement de la g\u00e2chette standard d&rsquo;un fusil de type AR-15.<\/p>\n<p>L&rsquo;administration Biden soutenait que les g\u00e2chettes \u00e0 r\u00e9armement forc\u00e9 permettent de transformer une arme semi-automatique en mitraillette en vertu de la loi f\u00e9d\u00e9rale, car une pression constante du doigt permet \u00e0 un fusil de continuer \u00e0 tirer, \u00e0 la mani\u00e8re d&rsquo;une arme totalement automatique.<\/p>\n<p>Une action intent\u00e9e par des procureurs affili\u00e9s au Parti d\u00e9mocrate<\/p>\n<p>Rare Breed Triggers, le fabricant de ces dispositifs, affirme que le Bureau of Alcohol, Tobacco, Firearms and Explosives (ATF) les a mal class\u00e9s et n&rsquo;a pas tenu compte des demandes de cessation des ventes de g\u00e2chettes avant d&rsquo;\u00eatre poursuivi par l&rsquo;administration Biden.<\/p>\n<p>Le minist\u00e8re de la Justice a annonc\u00e9 le mois dernier un accord avec la soci\u00e9t\u00e9 autorisant la vente de g\u00e2chettes \u00e0 r\u00e9armement forc\u00e9. Auparavant, l&rsquo;entreprise \u00e9tait repr\u00e9sent\u00e9e par David Warrington, qui est actuellement le conseiller juridique de Donald Trump \u00e0 la Maison Blanche.<\/p>\n<p>Conform\u00e9ment \u00e0 l&rsquo;accord, Rare Breed Triggers a accept\u00e9 de s&rsquo;abstenir de fabriquer des dispositifs pour armes de poing, selon le minist\u00e8re de la Justice. Le r\u00e8glement exige \u00e9galement que l&rsquo;ATF restitue au gouvernement les g\u00e2chettes qui ont \u00e9t\u00e9 confisqu\u00e9es ou remises volontairement par leurs propri\u00e9taires.<\/p>\n<p>Le proc\u00e8s intent\u00e9 par les \u00c9tats est men\u00e9 par les procureurs g\u00e9n\u00e9raux du Delaware, du Maryland et du New Jersey.<\/p>\n<p>Les autres \u00c9tats participants sont le Colorado, Hawa\u00ef, l&rsquo;Illinois, le Maine, le Massachusetts, le Michigan, le Minnesota, le Nevada, l&rsquo;Oregon, Rhode Island, le Vermont, Washington, ainsi que le district de Columbia.<\/p>\n<p>Tous les procureurs g\u00e9n\u00e9raux de ces \u00c9tats sont affili\u00e9s au Parti d\u00e9mocrate, bien que le bureau d&rsquo;Hawa\u00ef soit officiellement non partisan.<\/p>\n<p>Sources additionnelles<strong> \u2022 AP<\/strong><\/p>\n","protected":false},"excerpt":{"rendered":"Publi\u00e9 le 10\/06\/2025 &#8211; 10:49 UTC+2 PUBLICIT\u00c9 Seize \u00c9tats am\u00e9ricains ont intent\u00e9 une action en justice contre l&rsquo;administration&hellip;\n","protected":false},"author":2,"featured_media":165301,"comment_status":"","ping_status":"","sticky":false,"template":"","format":"standard","meta":{"footnotes":""},"categories":[1589],"tags":[11,6376,29863,75,73,1866,12,1864,1865,1863,308],"class_list":{"0":"post-165300","1":"post","2":"type-post","3":"status-publish","4":"format-standard","5":"has-post-thumbnail","7":"category-etats-unis","8":"tag-actualites","9":"tag-armes","10":"tag-controle-des-armes-a-feu","11":"tag-donald-trump","12":"tag-etats-unis","13":"tag-etats-unis-damerique","14":"tag-news","15":"tag-united-states","16":"tag-united-states-of-america","17":"tag-us","18":"tag-usa"},"share_on_mastodon":{"url":"https:\/\/pubeurope.com\/@fr\/114658298114876102","error":""},"_links":{"self":[{"href":"https:\/\/www.europesays.com\/fr\/wp-json\/wp\/v2\/posts\/165300","targetHints":{"allow":["GET"]}}],"collection":[{"href":"https:\/\/www.europesays.com\/fr\/wp-json\/wp\/v2\/posts"}],"about":[{"href":"https:\/\/www.europesays.com\/fr\/wp-json\/wp\/v2\/types\/post"}],"author":[{"embeddable":true,"href":"https:\/\/www.europesays.com\/fr\/wp-json\/wp\/v2\/users\/2"}],"replies":[{"embeddable":true,"href":"https:\/\/www.europesays.com\/fr\/wp-json\/wp\/v2\/comments?post=165300"}],"version-history":[{"count":0,"href":"https:\/\/www.europesays.com\/fr\/wp-json\/wp\/v2\/posts\/165300\/revisions"}],"wp:featuredmedia":[{"embeddable":true,"href":"https:\/\/www.europesays.com\/fr\/wp-json\/wp\/v2\/media\/165301"}],"wp:attachment":[{"href":"https:\/\/www.europesays.com\/fr\/wp-json\/wp\/v2\/media?parent=165300"}],"wp:term":[{"taxonomy":"category","embeddable":true,"href":"https:\/\/www.europesays.com\/fr\/wp-json\/wp\/v2\/categories?post=165300"},{"taxonomy":"post_tag","embeddable":true,"href":"https:\/\/www.europesays.com\/fr\/wp-json\/wp\/v2\/tags?post=165300"}],"curies":[{"name":"wp","href":"https:\/\/api.w.org\/{rel}","templated":true}]}}