{"id":165311,"date":"2025-06-10T09:17:10","date_gmt":"2025-06-10T09:17:10","guid":{"rendered":"https:\/\/www.europesays.com\/fr\/165311\/"},"modified":"2025-06-10T09:17:10","modified_gmt":"2025-06-10T09:17:10","slug":"cinq-des-six-francais-a-bord-du-navire-madleen-refusent-leur-expulsion-et-seront-presentes-a-la-justice-israelienne","status":"publish","type":"post","link":"https:\/\/www.europesays.com\/fr\/165311\/","title":{"rendered":"cinq des six Fran\u00e7ais \u00e0 bord du navire \u00ab\u00a0Madleen\u00a0\u00bb refusent leur expulsion et seront pr\u00e9sent\u00e9s \u00e0 la justice isra\u00e9lienne"},"content":{"rendered":"<p>   Des enqu\u00eateurs ind\u00e9pendants de l\u2019ONU accusent Isra\u00ebl d\u2019\u00ab\u00a0extermination\u00a0\u00bb, \u00ab\u00a0en tuant des civils r\u00e9fugi\u00e9s dans des \u00e9coles et des sites religieux\u00a0\u00bb             <\/p>\n<p class=\"post__live-container--answer-text post__space-node\">Une commission internationale d\u2019enqu\u00eate des Nations unies a affirm\u00e9, mardi, que les attaques isra\u00e9liennes contre des \u00e9coles et des sites religieux et culturels dans la bande de Gaza constituent \u00ab\u00a0des crimes de guerre et le crime contre l\u2019humanit\u00e9 d\u2019extermination\u00a0\u00bb.<\/p>\n<p class=\"post__live-container--answer-text post__space-node\">\u00ab\u00a0La vaste destruction mat\u00e9rielle de Gaza, le d\u00e9mant\u00e8lement de son syst\u00e8me \u00e9ducatif et les attaques contre les sites culturels et religieux (\u2026) n\u2019affectent pas seulement les Palestiniens \u00e0 l\u2019heure actuelle, mais compromettent \u00e9galement l\u2019avenir du peuple palestinien, y compris son droit \u00e0 l\u2019autod\u00e9termination\u00a0\u00bb, conclut la commission ind\u00e9pendante, <a href=\"https:\/\/docs.un.org\/fr\/A\/HRC\/59\/26\" target=\"_blank\" rel=\"noopener\" title=\"Nouvelle fen\u00eatre\">dans un rapport<\/a> publi\u00e9 mardi.<\/p>\n<p class=\"post__live-container--answer-text post__space-node\">Dans un communiqu\u00e9, la commission accuse Isra\u00ebl d\u2019avoir \u00ab\u00a0an\u00e9anti le syst\u00e8me \u00e9ducatif de Gaza et d\u00e9truit plus de la moiti\u00e9 des sites religieux et culturels de la bande de Gaza, dans le cadre d\u2019un assaut g\u00e9n\u00e9ralis\u00e9 et incessant contre le peuple palestinien au cours duquel les forces isra\u00e9liennes ont commis des crimes de guerre et le crime contre l\u2019humanit\u00e9 d\u2019extermination\u00a0\u00bb.<\/p>\n<p class=\"post__live-container--answer-text post__space-node\">\u00ab\u00a0Nous avons de plus en plus d\u2019indications qu\u2019Isra\u00ebl m\u00e8ne une campagne concert\u00e9e pour an\u00e9antir la vie des Palestiniens \u00e0 Gaza\u00a0\u00bb, y assure la pr\u00e9sidente de la commission, la Sud-Africaine Navi Pillay, qui fut pr\u00e9sidente du Tribunal p\u00e9nal international pour le Rwanda (TPIR), juge \u00e0 la Cour p\u00e9nale internationale (CPI) et haut-commissaire des Nations unies aux droits de l\u2019homme.<\/p>\n<p class=\"post__live-container--answer-text post__space-node\">Cette commission internationale ind\u00e9pendante est compos\u00e9e de trois membres et a \u00e9t\u00e9 cr\u00e9\u00e9e par le Conseil des droits de l\u2019homme des Nations unies en mai\u00a02021 pour enqu\u00eater sur les violations du droit international en Isra\u00ebl et dans les territoires palestiniens occup\u00e9s.<\/p>\n<p class=\"post__live-container--answer-text post__space-node\">La commission accuse les forces isra\u00e9liennes d\u2019avoir commis des crimes de guerre lors des attaques contre des \u00e9tablissements \u00e9ducatifs et \u00ab\u00a0le crime contre l\u2019humanit\u00e9 d\u2019extermination (\u2026) en tuant des civils r\u00e9fugi\u00e9s dans des \u00e9coles et des sites religieux\u00a0\u00bb. Une telle destruction \u00ab\u00a0n\u2019est pas en soi un acte g\u00e9nocidaire\u00a0\u00bb, mais \u00ab\u00a0la preuve d\u2019un tel comportement peut n\u00e9anmoins permettre de d\u00e9duire l\u2019intention g\u00e9nocidaire de d\u00e9truire un groupe prot\u00e9g\u00e9\u00a0\u00bb, explique le rapport.<\/p>\n<p class=\"post__live-container--answer-text post__space-node\">La commission indique aussi avoir trouv\u00e9 des \u00ab\u00a0preuves significatives\u00a0\u00bb que les forces de s\u00e9curit\u00e9 isra\u00e9liennes ont saisi et utilis\u00e9 des centres d\u2019enseignement \u00ab\u00a0comme bases ou zones d\u2019attente militaires, y compris en transformant une partie du campus Al-Mughraqa de l\u2019universit\u00e9 Al-Azhar en synagogues pour les troupes\u00a0\u00bb. Elle accuse aussi les autorit\u00e9s isra\u00e9liennes de s\u2019en prendre aux enseignants et aux \u00e9tudiants en Isra\u00ebl exprimant leur solidarit\u00e9 avec la population \u00e0 Gaza.<\/p>\n<p class=\"post__live-container--answer-text post__space-node\">Face aux r\u00e9cits et aux images d\u2019horreur qui sortent de la bande de Gaza, des voix de plus en plus nombreuses s\u2019\u00e9l\u00e8vent pour qualifier de \u00ab\u00a0g\u00e9nocide\u00a0\u00bb la guerre men\u00e9e par Isra\u00ebl dans le territoire palestinien. A l\u2019ONU, le chef des op\u00e9rations humanitaires, Tom Fletcher, a exhort\u00e9 les dirigeants mondiaux, dans un discours choc \u00e0 la mi-mai\u00a02025, \u00e0 \u00ab\u00a0agir pour emp\u00eacher un g\u00e9nocide\u00a0\u00bb. La commission pr\u00e9sentera son rapport le 17\u00a0juin devant le Conseil des droits de l\u2019homme des Nations unies.<\/p>\n","protected":false},"excerpt":{"rendered":"Des enqu\u00eateurs ind\u00e9pendants de l\u2019ONU accusent Isra\u00ebl d\u2019\u00ab\u00a0extermination\u00a0\u00bb, \u00ab\u00a0en tuant des civils r\u00e9fugi\u00e9s dans des \u00e9coles et des&hellip;\n","protected":false},"author":2,"featured_media":165312,"comment_status":"","ping_status":"","sticky":false,"template":"","format":"standard","meta":{"footnotes":""},"categories":[2],"tags":[11,1011,27,12,25],"class_list":{"0":"post-165311","1":"post","2":"type-post","3":"status-publish","4":"format-standard","5":"has-post-thumbnail","7":"category-actualites","8":"tag-actualites","9":"tag-fr","10":"tag-france","11":"tag-news","12":"tag-republique-francaise"},"share_on_mastodon":{"url":"https:\/\/pubeurope.com\/@fr\/114658321622930910","error":""},"_links":{"self":[{"href":"https:\/\/www.europesays.com\/fr\/wp-json\/wp\/v2\/posts\/165311","targetHints":{"allow":["GET"]}}],"collection":[{"href":"https:\/\/www.europesays.com\/fr\/wp-json\/wp\/v2\/posts"}],"about":[{"href":"https:\/\/www.europesays.com\/fr\/wp-json\/wp\/v2\/types\/post"}],"author":[{"embeddable":true,"href":"https:\/\/www.europesays.com\/fr\/wp-json\/wp\/v2\/users\/2"}],"replies":[{"embeddable":true,"href":"https:\/\/www.europesays.com\/fr\/wp-json\/wp\/v2\/comments?post=165311"}],"version-history":[{"count":0,"href":"https:\/\/www.europesays.com\/fr\/wp-json\/wp\/v2\/posts\/165311\/revisions"}],"wp:featuredmedia":[{"embeddable":true,"href":"https:\/\/www.europesays.com\/fr\/wp-json\/wp\/v2\/media\/165312"}],"wp:attachment":[{"href":"https:\/\/www.europesays.com\/fr\/wp-json\/wp\/v2\/media?parent=165311"}],"wp:term":[{"taxonomy":"category","embeddable":true,"href":"https:\/\/www.europesays.com\/fr\/wp-json\/wp\/v2\/categories?post=165311"},{"taxonomy":"post_tag","embeddable":true,"href":"https:\/\/www.europesays.com\/fr\/wp-json\/wp\/v2\/tags?post=165311"}],"curies":[{"name":"wp","href":"https:\/\/api.w.org\/{rel}","templated":true}]}}