{"id":165319,"date":"2025-06-10T09:22:11","date_gmt":"2025-06-10T09:22:11","guid":{"rendered":"https:\/\/www.europesays.com\/fr\/165319\/"},"modified":"2025-06-10T09:22:11","modified_gmt":"2025-06-10T09:22:11","slug":"furax-amelie-mauresmo-tacle-les-derives-du-public-la-personne-degage","status":"publish","type":"post","link":"https:\/\/www.europesays.com\/fr\/165319\/","title":{"rendered":"furax, Am\u00e9lie Mauresmo tacle les d\u00e9rives du public, \u00ab\u00a0La personne d\u00e9gage\u00a0\u00bb"},"content":{"rendered":"<p>Cette quinzaine de Roland-Garros aura \u00e9t\u00e9 un v\u00e9ritable succ\u00e8s.<br \/>\nAlors que les rencontres se sont encha\u00een\u00e9es sur les courts,<br \/>\nplusieurs grands moments ont marqu\u00e9 cette \u00e9dition 2025 du tournoi<br \/>\nfran\u00e7ais. Impossible alors de ne pas mentionner <a href=\"https:\/\/www.melty.fr\/sportz\/apres-sa-defaite-a-roland-garros-lois-boisson-destabilisee-en-plein-direct-euh-2240818.html\" target=\"_blank\" rel=\"noopener\"><br \/>\nLo\u00efs Boisson dont le parcours a \u00e9t\u00e9 exemplaire<\/a> ou encore la<br \/>\ngrande finale opposant Jannik Sinner \u00e0 Carlos Alcaraz.<br \/>\nMalheureusement, ce spectacle a parfois \u00e9t\u00e9 g\u00e2ch\u00e9 par des<br \/>\nspectateurs irrespectueux dans les tribunes.<\/p>\n<p>Jaume Munar s\u2019emporte contre le public de Roland-Garros<\/p>\n<p>Jaume Munar, qui a perdu face \u00e0 Arthur Fils (7-6, 7-6, 2-6, 0-6,<br \/>\n6-4), garde par exemple <a href=\"https:\/\/www.melty.fr\/sportz\/elimine-de-roland-garros-ce-joueur-tacle-violemment-le-public-je-ne-vais-pas-macher-mes-mots-2240409.html\" target=\"_blank\" rel=\"noopener\"><br \/>\nun mauvais souvenir de son passage \u00e0 Roland-Garros<\/a>. \u00ab\u00a0Je<br \/>\nvais \u00eatre tr\u00e8s clair sur le sujet du public, et <strong>je ne vais<br \/>\npas m\u00e2cher mes mots\u00a0\u00bb<\/strong>, annon\u00e7ait d\u2019embl\u00e9e le tennisman<br \/>\nespagnol apr\u00e8s son match contre le joueur tricolore.<\/p>\n<p>Et de poursuivre agac\u00e9 : \u00ab\u00a0Qu\u2019ils encouragent l\u2019autre joueur,<br \/>\nqu\u2019ils crient, je suis habitu\u00e9, j\u2019ai l\u2019exp\u00e9rience, en Am\u00e9rique du<br \/>\nSud aussi, c\u2019est tr\u00e8s intense. Mais ce que je consid\u00e8re comme<br \/>\n<strong>un manque total de respect<\/strong>, et ici, \u00e7a arrive<br \/>\nsouvent, c\u2019est le fait qu\u2019<strong>ils chantent sans arr\u00eat<\/strong>,<br \/>\nqu\u2019<strong>ils interrompent continuellement<\/strong>. Et au final,<br \/>\ncela emp\u00eache le jeu d\u2019avancer. \u00c0 un moment du match, quand la<br \/>\ntension monte, ils chantent l\u2019hymne, <strong>ils t\u2019emp\u00eachent de<br \/>\nservir<\/strong>, entre les services <strong>ils disent des b\u00eatises<br \/>\njuste pour d\u00e9ranger\u00a0\u00bb<\/strong>.<\/p>\n<p>Un joueur agress\u00e9 : \u00ab\u00a0On m\u2019a crach\u00e9 dessus\u00a0\u00bb<\/p>\n<p>M\u00eame son de cloche du c\u00f4t\u00e9 de <strong>Miomir<br \/>\nKecmanovic<\/strong>. Grand perdant face \u00e0 Quentin Halys (4-6, 6-3,<br \/>\n7-6, 7-5), le Serbe n\u2019a <strong>pas du tout appr\u00e9ci\u00e9 l\u2019ambiance des<br \/>\ncourts<\/strong> et le public de Roland-Garros. <strong>\u00ab\u00a0On m\u2019a<br \/>\ncrach\u00e9 dessus<\/strong>. C\u2019est un joueur local en face, je<br \/>\ncomprends, pas de probl\u00e8me avec \u00e7a. Mais l\u00e0, <strong>c\u2019est<br \/>\nind\u00e9cent\u00a0\u00bb<\/strong>, a-t-il fustig\u00e9.<\/p>\n<p>Selon lui, performer \u00e0 Roland-Garros \u00e9tait <strong>tout sauf<br \/>\nfacile et agr\u00e9able<\/strong> : <strong>\u00ab\u00a0L\u2019ambiance \u00e9tait<br \/>\nhorrible<\/strong> pour jouer, c\u2019\u00e9tait <strong>une sensation<br \/>\naffreuse<\/strong> [\u2026]. S\u2019ils (le public) n\u2019avaient pas \u00e9t\u00e9 l\u00e0, \u00e7a<br \/>\nne se serait pas pass\u00e9 comme \u00e7a\u00a0\u00bb. Un violent coup de gueule<br \/>\nqui n\u2019est malheureusement pas un cas isol\u00e9.<\/p>\n<p>Am\u00e9lie Mauresmo met les choses au clair<br \/>\napr\u00e8s les incidents survenus \u00e0 Roland-Garros<\/p>\n<p>Am\u00e9lie Mauresmo, directrice de Roland-Garros, s\u2019est confi\u00e9e sans<br \/>\nd\u00e9tour sur <strong>ces probl\u00e8mes que les joueurs professionnels<br \/>\nrencontrent parfois sur les courts<\/strong> de tennis. Faisant \u00e9cho<br \/>\naux t\u00e9moignages de Jaume Munar et Miomir Kecmanovic, l\u2019ancienne<br \/>\ntenniswoman de 45 ans a partag\u00e9 <strong>son point de vue<\/strong><br \/>\nen conf\u00e9rence de presse.<\/p>\n<p>\u00ab\u00a0\u00c9videmment que, si on nous rapporte des incidents comme \u00e7a,<br \/>\n<strong>la personne d\u00e9gage et on n\u2019aura pas de tol\u00e9rance<\/strong><br \/>\npour ce genre de comportements\u00a0\u00bb. Et de poursuivre au sujet du<br \/>\nSerbe : \u00ab\u00a0Je suis emb\u00eat\u00e9e parce que, dans cette situation-l\u00e0,<br \/>\n<strong>on ne nous a rien rapport\u00e9<\/strong>. \u00c0 aucun moment il<br \/>\nn\u2019est all\u00e9 voir l\u2019arbitre pour dire : \u00ab\u00a0J\u2019ai \u00e9t\u00e9 insult\u00e9&rsquo; ou &lsquo;On m\u2019a<br \/>\ncrach\u00e9 dessus&rsquo;. [\u2026] Alors que vous vous doutez bien que,<br \/>\n<strong>s\u2019il se passait quoi que ce soit comme cela, on prendrait<br \/>\ndes mesures\u00a0\u00bb<\/strong>. Le sujet est donc clos.<\/p>\n","protected":false},"excerpt":{"rendered":"Cette quinzaine de Roland-Garros aura \u00e9t\u00e9 un v\u00e9ritable succ\u00e8s. Alors que les rencontres se sont encha\u00een\u00e9es sur les&hellip;\n","protected":false},"author":2,"featured_media":165320,"comment_status":"","ping_status":"","sticky":false,"template":"","format":"standard","meta":{"footnotes":""},"categories":[1415],"tags":[23657,1011,27,4171,60,1467],"class_list":{"0":"post-165319","1":"post","2":"type-post","3":"status-publish","4":"format-standard","5":"has-post-thumbnail","7":"category-tennis","8":"tag-amelie-mauresmo","9":"tag-fr","10":"tag-france","11":"tag-roland-garros","12":"tag-sports","13":"tag-tennis"},"share_on_mastodon":{"url":"https:\/\/pubeurope.com\/@fr\/114658341237335445","error":""},"_links":{"self":[{"href":"https:\/\/www.europesays.com\/fr\/wp-json\/wp\/v2\/posts\/165319","targetHints":{"allow":["GET"]}}],"collection":[{"href":"https:\/\/www.europesays.com\/fr\/wp-json\/wp\/v2\/posts"}],"about":[{"href":"https:\/\/www.europesays.com\/fr\/wp-json\/wp\/v2\/types\/post"}],"author":[{"embeddable":true,"href":"https:\/\/www.europesays.com\/fr\/wp-json\/wp\/v2\/users\/2"}],"replies":[{"embeddable":true,"href":"https:\/\/www.europesays.com\/fr\/wp-json\/wp\/v2\/comments?post=165319"}],"version-history":[{"count":0,"href":"https:\/\/www.europesays.com\/fr\/wp-json\/wp\/v2\/posts\/165319\/revisions"}],"wp:featuredmedia":[{"embeddable":true,"href":"https:\/\/www.europesays.com\/fr\/wp-json\/wp\/v2\/media\/165320"}],"wp:attachment":[{"href":"https:\/\/www.europesays.com\/fr\/wp-json\/wp\/v2\/media?parent=165319"}],"wp:term":[{"taxonomy":"category","embeddable":true,"href":"https:\/\/www.europesays.com\/fr\/wp-json\/wp\/v2\/categories?post=165319"},{"taxonomy":"post_tag","embeddable":true,"href":"https:\/\/www.europesays.com\/fr\/wp-json\/wp\/v2\/tags?post=165319"}],"curies":[{"name":"wp","href":"https:\/\/api.w.org\/{rel}","templated":true}]}}