{"id":165327,"date":"2025-06-10T09:27:09","date_gmt":"2025-06-10T09:27:09","guid":{"rendered":"https:\/\/www.europesays.com\/fr\/165327\/"},"modified":"2025-06-10T09:27:09","modified_gmt":"2025-06-10T09:27:09","slug":"lannonce-claire-de-donnarumma-sur-son-avenir","status":"publish","type":"post","link":"https:\/\/www.europesays.com\/fr\/165327\/","title":{"rendered":"L&rsquo;annonce claire de Donnarumma sur son avenir !"},"content":{"rendered":"<p><strong>Gianluigi Donnarumma, gardien de 26 ans arriv\u00e9 au Paris Saint-Germain en 2021 avec un contrat jusqu\u2019en 2026 (suite \u00e0 la fin du sien \u00e0 l\u2019AC Milan), est r\u00e9guli\u00e8rement remis en question par des supporters et observateurs. Il y a eu tout de m\u00eame une prolongation qui est en discussion, sauf que c\u2019est encore incertain malgr\u00e9 la volont\u00e9 affich\u00e9e par l\u2019Italien. Au micro de Sky apr\u00e8s la victoire 2-0 de l\u2019Italie contre la Moldavie lundi soir (2-0, \u00e9liminatoire de la Coupe du Monde 2026), le portier a fait un nouveau point.<\/strong><\/p>\n<blockquote class=\"twitter-tweet\">\n<p dir=\"ltr\" lang=\"fr\">\ud83d\udde3\ufe0f | Gianluigi Donnarumma \ud83c\uddee\ud83c\uddf9 sur son avenir :<\/p>\n<p>\u00ab Ma priorit\u00e9, c\u2019est de rester \u00e0 Paris !<br \/>Je pense qu\u2019il n\u2019y aura aucun probl\u00e8me lors des n\u00e9gociations pour la prolongation. \u00bb \u2764\ufe0f\ud83d\udc99 <a href=\"https:\/\/t.co\/fRQOjZxwwU\">pic.twitter.com\/fRQOjZxwwU<\/a><\/p>\n<p>\u2014 Relais Parisien (@RelaisParisien) <a href=\"https:\/\/twitter.com\/RelaisParisien\/status\/1932195737254891883?ref_src=twsrc%5Etfw\" target=\"_blank\" rel=\"noopener\">June 9, 2025<\/a><\/p>\n<\/blockquote>\n<p>On conna\u00eet les m\u00e9dias, ils vont sans doute continuer les rumeurs avec un possible d\u00e9part qui est mis en avant puisque la prolongation n\u2019est pas sign\u00e9e. Pourtant, le message de Donnarumma et son agent ces derni\u00e8res semaines est net : il souhaite prolonger. Il y a ensuite des n\u00e9gociations, possiblement ralenties par un calendrier de matchs tr\u00e8s serr\u00e9.<\/p>\n<p>Mais l\u2019Italien a bien pr\u00e9cis\u00e9 ici qu\u2019il ne s\u2019attend pas \u00e0 une difficult\u00e9. Cela ne signifie pas que ce sera forc\u00e9ment facile, mais l\u2019optimisme est aujourd\u2019hui logique. Il faut surtout laisser le PSG, l\u2019agent et le gardien discuter. Un peu de patience ferait du bien, plut\u00f4t que des rumeurs hasardeuses au quotidien.<\/p>\n<p>\t\t\t\t\t\t\t\t\t\t\t\t\t\t\t\t\t\t\t\t\t\t\t<img loading=\"lazy\" src=\"https:\/\/www.europesays.com\/fr\/wp-content\/uploads\/2025\/04\/ParisFans_Logo.png\" decoding=\"async\" class=\"lazyload\" width=\"240\" height=\"54\" data-eio-rwidth=\"240\" data-eio-rheight=\"54\"\/><\/p>\n<p>\t\t\t\t\t\t\t\t<script async src=\"https:\/\/platform.twitter.com\/widgets.js\" charset=\"utf-8\"><\/script><\/p>\n","protected":false},"excerpt":{"rendered":"Gianluigi Donnarumma, gardien de 26 ans arriv\u00e9 au Paris Saint-Germain en 2021 avec un contrat jusqu\u2019en 2026 (suite&hellip;\n","protected":false},"author":2,"featured_media":165328,"comment_status":"","ping_status":"","sticky":false,"template":"","format":"standard","meta":{"footnotes":""},"categories":[1410],"tags":[63,1011,27,10528,60,96],"class_list":{"0":"post-165327","1":"post","2":"type-post","3":"status-publish","4":"format-standard","5":"has-post-thumbnail","7":"category-football","8":"tag-football","9":"tag-fr","10":"tag-france","11":"tag-gianluigi-donnarumma","12":"tag-sports","13":"tag-une"},"share_on_mastodon":{"url":"https:\/\/pubeurope.com\/@fr\/114658360959090257","error":""},"_links":{"self":[{"href":"https:\/\/www.europesays.com\/fr\/wp-json\/wp\/v2\/posts\/165327","targetHints":{"allow":["GET"]}}],"collection":[{"href":"https:\/\/www.europesays.com\/fr\/wp-json\/wp\/v2\/posts"}],"about":[{"href":"https:\/\/www.europesays.com\/fr\/wp-json\/wp\/v2\/types\/post"}],"author":[{"embeddable":true,"href":"https:\/\/www.europesays.com\/fr\/wp-json\/wp\/v2\/users\/2"}],"replies":[{"embeddable":true,"href":"https:\/\/www.europesays.com\/fr\/wp-json\/wp\/v2\/comments?post=165327"}],"version-history":[{"count":0,"href":"https:\/\/www.europesays.com\/fr\/wp-json\/wp\/v2\/posts\/165327\/revisions"}],"wp:featuredmedia":[{"embeddable":true,"href":"https:\/\/www.europesays.com\/fr\/wp-json\/wp\/v2\/media\/165328"}],"wp:attachment":[{"href":"https:\/\/www.europesays.com\/fr\/wp-json\/wp\/v2\/media?parent=165327"}],"wp:term":[{"taxonomy":"category","embeddable":true,"href":"https:\/\/www.europesays.com\/fr\/wp-json\/wp\/v2\/categories?post=165327"},{"taxonomy":"post_tag","embeddable":true,"href":"https:\/\/www.europesays.com\/fr\/wp-json\/wp\/v2\/tags?post=165327"}],"curies":[{"name":"wp","href":"https:\/\/api.w.org\/{rel}","templated":true}]}}