{"id":165335,"date":"2025-06-10T09:31:11","date_gmt":"2025-06-10T09:31:11","guid":{"rendered":"https:\/\/www.europesays.com\/fr\/165335\/"},"modified":"2025-06-10T09:31:11","modified_gmt":"2025-06-10T09:31:11","slug":"cyril-hanouna-sattaque-a-une-emission-star-la-prod-le-remet-en-place-avec-humour-et-les-fans-approuvent","status":"publish","type":"post","link":"https:\/\/www.europesays.com\/fr\/165335\/","title":{"rendered":"Cyril Hanouna s&rsquo;attaque \u00e0 une \u00e9mission star, la prod le remet en place avec humour et les fans approuvent"},"content":{"rendered":"<p>TPMP n&rsquo;existe peut-\u00eatre plus depuis la fermeture de C8, mais cela n&#8217;emp\u00eache pas Cyril Hanouna de continuer \u00e0 faire grincer des dents dans le monde m\u00e9diatique. Sur Europe 1, l&rsquo;animateur s&rsquo;en est r\u00e9cemment pris \u00e0 deux \u00e9missions de France 2. Des attaques qui ne sont pas rest\u00e9es sans cons\u00e9quences.<\/p>\n<p>Son arriv\u00e9e au sein du groupe M6 \u00e0 la rentr\u00e9e devrait l&rsquo;obliger \u00e0 s&rsquo;assagir (ses nouveaux dirigeants auraient mis en place quelques clauses sp\u00e9cifiques dans son contrat), alors Cyril Hanouna profite encore de sa pr\u00e9sence sur Europe 1 pour l\u00e2cher ses possibles derni\u00e8res cartouches.<\/p>\n<p>Cyril Hanouna s&rsquo;attaque \u00e0 N&rsquo;oubliez pas les paroles&#8230;<\/p>\n<p>Aussi, \u00e0 l&rsquo;occasion d&rsquo;un r\u00e9cent num\u00e9ro d&rsquo;On marche sur la t\u00eate, l&rsquo;animateur en a notamment profit\u00e9 pour critiquer le retour d&rsquo;Intervilles en qualifiant le programme \u00ab\u00a0de ringard\u00a0\u00bb. Mais ce n&rsquo;est pas tout, il s&rsquo;en est par la suite pris \u00e0 N&rsquo;oubliez pas les paroles, \u00e9galement diffus\u00e9 sur France 2.<\/p>\n<p>Pr\u00e9sent \u00e0 l&rsquo;antenne depuis 2007, le jeu musical anim\u00e9 par Nagui ne semble pas du tout plaire \u00e0 Cyril Hanouna et ce&#8230; alors m\u00eame qu&rsquo;il ne le regarderait pas. \u00ab\u00a0Moi, je dis toujours la v\u00e9rit\u00e9&#8230; J&rsquo;ai jamais regard\u00e9 N&rsquo;oubliez pas les paroles de ma vie, s&rsquo;est-il exclam\u00e9. <strong>Franchement, moi, j&rsquo;ai qu&rsquo;une envie, c&rsquo;est pas N&rsquo;oubliez pas les paroles, c&rsquo;est d&rsquo;oublier l&rsquo;\u00e9mission !<\/strong>\u00ab\u00a0.<\/p>\n<p>&#8230; et se fait rembarrer par la production<\/p>\n<p>Une attaque gratuite qui n&rsquo;est pas pass\u00e9e inaper\u00e7ue. Au contraire, la production de l&rsquo;\u00e9mission n&rsquo;a pu s&#8217;emp\u00eacher d&rsquo;y r\u00e9agir d&rsquo;une dr\u00f4le de fa\u00e7on sur Instagram.<\/p>\n<p>Vous pouvez le d\u00e9couvrir ci-dessous, elle a tout simplement mis en ligne une ancienne vid\u00e9o de Cyril Hanouna en train de participer \u00e0&#8230; N&rsquo;oubliez&#8230;<a href=\"https:\/\/www.purebreak.com\/news\/jamais-vu-un-mec-mentir-autant-cyril-hanouna-sattaque-a-une-emission-star-la-prod-le-remet-en-place-avec-humour-et-les-fans-approuvent\/253998\" rel=\"nofollow noopener\" target=\"_blank\" data-ylk=\"slk:Lire la suite;elm:context_link;itc:0;sec:content-canvas\" class=\"link \">Lire la suite<\/a><br \/>\u00c0 lire aussi<br \/><a href=\"https:\/\/www.purebreak.com\/news\/vous-n-allez-pas-le-croire-cet-acteur-star-aurait-pu-jouer-a-la-place-de-leonardo-dicaprio-dans-titanic-mais-james-cameron-l-a-refuse-a-cause-de-son-age\/253505\" rel=\"nofollow noopener\" target=\"_blank\" data-ylk=\"slk:Vous n&#039;allez pas le croire : cet acteur star aurait pu jouer \u00e0 la place de Leonardo DiCaprio dans Titanic, mais James Cameron l&#039;a refus\u00e9 \u00e0 cause de son \u00e2ge !;elm:context_link;itc:0;sec:content-canvas\" class=\"link \">Vous n&rsquo;allez pas le croire : cet acteur star aurait pu jouer \u00e0 la place de Leonardo DiCaprio dans Titanic, mais James Cameron l&rsquo;a refus\u00e9 \u00e0 cause de son \u00e2ge !<\/a><br \/><a href=\"https:\/\/www.purebreak.com\/news\/touche-pas-a-mon-poste-cyril-hanouna-a-un-plan-b-pour-sauver-l-emission\/252795\" rel=\"nofollow noopener\" target=\"_blank\" data-ylk=\"slk:Touche pas \u00e0 mon poste : Cyril Hanouna a un &quot;plan B&quot; pour sauver l&#039;\u00e9mission;elm:context_link;itc:0;sec:content-canvas\" class=\"link \">Touche pas \u00e0 mon poste : Cyril Hanouna a un \u00ab\u00a0plan B\u00a0\u00bb pour sauver l&rsquo;\u00e9mission<\/a><br \/><a href=\"https:\/\/www.purebreak.com\/news\/ravage-netflix-tom-hardy-au-bord-du-malaise-il-a-cru-quil-ne-survivrait-jamais-a-cette-scene-impossible-a-tourner-je-vais-jamais-men-sortir\/253608\" rel=\"nofollow noopener\" target=\"_blank\" data-ylk=\"slk:Ravage (Netflix) : Tom Hardy au bord du malaise, il a cru qu\u2019il ne survivrait jamais \u00e0 cette sc\u00e8ne impossible \u00e0 tourner, &quot;Je vais jamais m&#039;en sortir&quot;;elm:context_link;itc:0;sec:content-canvas\" class=\"link \">Ravage (Netflix) : Tom Hardy au bord du malaise, il a cru qu\u2019il ne survivrait jamais \u00e0 cette sc\u00e8ne impossible \u00e0 tourner, \u00ab\u00a0Je vais jamais m&rsquo;en sortir\u00a0\u00bb<\/a><\/p>\n","protected":false},"excerpt":{"rendered":"TPMP n&rsquo;existe peut-\u00eatre plus depuis la fermeture de C8, mais cela n&#8217;emp\u00eache pas Cyril Hanouna de continuer \u00e0&hellip;\n","protected":false},"author":2,"featured_media":165336,"comment_status":"","ping_status":"","sticky":false,"template":"","format":"standard","meta":{"footnotes":""},"categories":[1356],"tags":[1083,58,59,1011,27,2789,252,1364],"class_list":{"0":"post-165335","1":"post","2":"type-post","3":"status-publish","4":"format-standard","5":"has-post-thumbnail","7":"category-television","8":"tag-cyril-hanouna","9":"tag-divertissement","10":"tag-entertainment","11":"tag-fr","12":"tag-france","13":"tag-la-rentree","14":"tag-television","15":"tag-tv"},"share_on_mastodon":{"url":"https:\/\/pubeurope.com\/@fr\/114658376634853434","error":""},"_links":{"self":[{"href":"https:\/\/www.europesays.com\/fr\/wp-json\/wp\/v2\/posts\/165335","targetHints":{"allow":["GET"]}}],"collection":[{"href":"https:\/\/www.europesays.com\/fr\/wp-json\/wp\/v2\/posts"}],"about":[{"href":"https:\/\/www.europesays.com\/fr\/wp-json\/wp\/v2\/types\/post"}],"author":[{"embeddable":true,"href":"https:\/\/www.europesays.com\/fr\/wp-json\/wp\/v2\/users\/2"}],"replies":[{"embeddable":true,"href":"https:\/\/www.europesays.com\/fr\/wp-json\/wp\/v2\/comments?post=165335"}],"version-history":[{"count":0,"href":"https:\/\/www.europesays.com\/fr\/wp-json\/wp\/v2\/posts\/165335\/revisions"}],"wp:featuredmedia":[{"embeddable":true,"href":"https:\/\/www.europesays.com\/fr\/wp-json\/wp\/v2\/media\/165336"}],"wp:attachment":[{"href":"https:\/\/www.europesays.com\/fr\/wp-json\/wp\/v2\/media?parent=165335"}],"wp:term":[{"taxonomy":"category","embeddable":true,"href":"https:\/\/www.europesays.com\/fr\/wp-json\/wp\/v2\/categories?post=165335"},{"taxonomy":"post_tag","embeddable":true,"href":"https:\/\/www.europesays.com\/fr\/wp-json\/wp\/v2\/tags?post=165335"}],"curies":[{"name":"wp","href":"https:\/\/api.w.org\/{rel}","templated":true}]}}