{"id":165349,"date":"2025-06-10T09:38:09","date_gmt":"2025-06-10T09:38:09","guid":{"rendered":"https:\/\/www.europesays.com\/fr\/165349\/"},"modified":"2025-06-10T09:38:09","modified_gmt":"2025-06-10T09:38:09","slug":"maprimerenov-redemarrera-le-15-septembre-annonce-la-ministre-des-comptes-publics","status":"publish","type":"post","link":"https:\/\/www.europesays.com\/fr\/165349\/","title":{"rendered":"MaPrimeR\u00e9nov&rsquo; red\u00e9marrera le 15 septembre, annonce la ministre des Comptes publics"},"content":{"rendered":"<p>Le dispositif d\u2019aide \u00e0 la r\u00e9novation \u00e9nerg\u00e9tique sera suspendu cet \u00e9t\u00e9 pour permettre d\u2019identifier les dossiers frauduleux, a indiqu\u00e9 Am\u00e9lie de Montchalin, promettant \u00abune revue totale\u00bb des dossiers.<\/p>\n<p class=\"fig-paragraph\">Le dispositif d&rsquo;aide \u00e0 la r\u00e9novation \u00e9nerg\u00e9tique\u00a0<a href=\"http:\/\/www.lefigaro.fr\/flash-eco\/maprimerenov-deux-organisations-professionnelles-reclament-son-maintien-pour-les-travaux-isoles-20250606\" target=\"_blank\" data-fig-type=\"NewsFlash\" rel=\"noopener\" data-gtm-custom-categorie=\"navigation\" data-gtm-custom-action=\"crossclick\" data-gtm-custom-label=\"Contextuel\" data-gtm-event=\"customEventSPE\" data-fig-domain=\"LEFIGARO\">MaPrimeR\u00e9nov&rsquo;<\/a>\u00a0red\u00e9marrera le 15 septembre apr\u00e8s une suspension cet \u00e9t\u00e9 pour permettre d&rsquo;identifier les dossiers frauduleux, a indiqu\u00e9 ce mardi la ministre des Comptes publics, Am\u00e9lie de Montchalin. Le pr\u00e9sident Emmanuel Macron avait exhort\u00e9 samedi le gouvernement \u00e0 \u00abmaintenir\u00bb le cap sur l&rsquo;\u00e9cologie, \u00e9pinglant dans une interview \u00e0 la presse quotidienne r\u00e9gionale les \u00abincertitudes sur les dispositifs mis en place\u00bb apr\u00e8s l&rsquo;annonce de la suspension de MaPrimeRenov&rsquo;.<\/p>\n<p class=\"fig-paragraph\">\u00abLe pr\u00e9sident de la R\u00e9publique a cent fois raison de dire que c&rsquo;est une politique n\u00e9cessaire. Mais il a tellement raison que c&rsquo;est aussi cent fois plus intol\u00e9rable\u00bb d&rsquo;avoir de la \u00abfraude massive\u00bb, a d\u00e9clar\u00e9 Am\u00e9lie de Montchalin sur RTL. Les propri\u00e9taires de logements pourront d\u00e9poser leur dossier de demande d&rsquo;aide \u00abjusqu&rsquo;\u00e0 la fin du mois de juin\u00bb, a-t-elle poursuivi, avant la suspension de MaPrimeR\u00e9nov&rsquo; pr\u00e9vue au 1er juillet.<\/p>\n<p>\u00abUne revue totale\u00bb<\/p>\n<p class=\"fig-paragraph\">\u00abEn juillet, ao\u00fbt et d\u00e9but septembre, nous allons faire une revue totale\u00a0: tous les dossiers des honn\u00eates gens qui ont \u00e9t\u00e9 d\u00e9pos\u00e9s seront pay\u00e9s, tous les dossiers des fraudeurs seront exclus\u00bb, a-t-elle expliqu\u00e9, soulignant qu&rsquo;il ne s&rsquo;agissait pas d&rsquo;\u00ab\u00e9conomies de bouts de chandelle\u00bb. \u00abCela nous permettra au 15 septembre de rouvrir le guichet et d&rsquo;allouer 100% des fonds qui sont dans cette politique publique \u00e0 l&rsquo;usage des personnes honn\u00eates\u00bb, a-t-elle pr\u00e9cis\u00e9. Le gouvernement avait annonc\u00e9 la semaine derni\u00e8re la fermeture temporaire du guichet de d\u00e9p\u00f4t des dossiers de demande d&rsquo;aide MaPrimeR\u00e9nov&rsquo; pour les r\u00e9novations \u00e9nerg\u00e9tiques globales et les travaux d&rsquo;isolation et de remplacement de chaudi\u00e8re ponctuels.<\/p>\n<p class=\"fig-paragraph\">La ministre du Logement, Val\u00e9rie L\u00e9tard, avait \u00e9galement indiqu\u00e9 vouloir \u00abchanger les r\u00e8gles\u00bb du dispositif applicable, pr\u00e9voyant alors sa r\u00e9ouverture \u00abd&rsquo;ici \u00e0 la fin du mois de septembre\u00bb. Dimanche, le ministre de l&rsquo;\u00c9conomie, \u00c9ric Lombard, avait affirm\u00e9 que l&rsquo;\u00e9cologie demeurait \u00abune priorit\u00e9 absolue\u00bb pour le gouvernement et que la suspension de MaPrimeR\u00e9nov&rsquo; n&rsquo;\u00e9tait pas motiv\u00e9e par des \u00abarri\u00e8re-pens\u00e9es budg\u00e9taires\u00bb. Le dispositif est dot\u00e9 d&rsquo;un budget de 3,6 milliards d&rsquo;euros et \u00absi jamais la demande est sup\u00e9rieure, on adaptera\u00bb, avait-il ajout\u00e9, soulignant par ailleurs qu&rsquo;actuellement, \u00abun dossier sur dix est un dossier frauduleux\u00bb.<\/p>\n","protected":false},"excerpt":{"rendered":"Le dispositif d\u2019aide \u00e0 la r\u00e9novation \u00e9nerg\u00e9tique sera suspendu cet \u00e9t\u00e9 pour permettre d\u2019identifier les dossiers frauduleux, a&hellip;\n","protected":false},"author":2,"featured_media":165350,"comment_status":"","ping_status":"","sticky":false,"template":"","format":"standard","meta":{"footnotes":""},"categories":[6],"tags":[1117,35,130,7064,33,34,893,638,1011,27,1116,342,639,2551,1118,137,2086],"class_list":{"0":"post-165349","1":"post","2":"type-post","3":"status-publish","4":"format-standard","5":"has-post-thumbnail","7":"category-economie","8":"tag-assurance","9":"tag-business","10":"tag-consommation","11":"tag-consommer","12":"tag-economie","13":"tag-economy","14":"tag-energie","15":"tag-figaro","16":"tag-fr","17":"tag-france","18":"tag-immobilier","19":"tag-impots","20":"tag-le-figaro","21":"tag-patrimoine","22":"tag-placement","23":"tag-retraite","24":"tag-travaux"},"share_on_mastodon":{"url":"https:\/\/pubeurope.com\/@fr\/114658404196416846","error":""},"_links":{"self":[{"href":"https:\/\/www.europesays.com\/fr\/wp-json\/wp\/v2\/posts\/165349","targetHints":{"allow":["GET"]}}],"collection":[{"href":"https:\/\/www.europesays.com\/fr\/wp-json\/wp\/v2\/posts"}],"about":[{"href":"https:\/\/www.europesays.com\/fr\/wp-json\/wp\/v2\/types\/post"}],"author":[{"embeddable":true,"href":"https:\/\/www.europesays.com\/fr\/wp-json\/wp\/v2\/users\/2"}],"replies":[{"embeddable":true,"href":"https:\/\/www.europesays.com\/fr\/wp-json\/wp\/v2\/comments?post=165349"}],"version-history":[{"count":0,"href":"https:\/\/www.europesays.com\/fr\/wp-json\/wp\/v2\/posts\/165349\/revisions"}],"wp:featuredmedia":[{"embeddable":true,"href":"https:\/\/www.europesays.com\/fr\/wp-json\/wp\/v2\/media\/165350"}],"wp:attachment":[{"href":"https:\/\/www.europesays.com\/fr\/wp-json\/wp\/v2\/media?parent=165349"}],"wp:term":[{"taxonomy":"category","embeddable":true,"href":"https:\/\/www.europesays.com\/fr\/wp-json\/wp\/v2\/categories?post=165349"},{"taxonomy":"post_tag","embeddable":true,"href":"https:\/\/www.europesays.com\/fr\/wp-json\/wp\/v2\/tags?post=165349"}],"curies":[{"name":"wp","href":"https:\/\/api.w.org\/{rel}","templated":true}]}}