{"id":165351,"date":"2025-06-10T09:39:12","date_gmt":"2025-06-10T09:39:12","guid":{"rendered":"https:\/\/www.europesays.com\/fr\/165351\/"},"modified":"2025-06-10T09:39:12","modified_gmt":"2025-06-10T09:39:12","slug":"40-millions-de-dollars-200-000-spectateurs-attendus-les-dessous-du-defile-militaire-a-la-gloire-de-trump","status":"publish","type":"post","link":"https:\/\/www.europesays.com\/fr\/165351\/","title":{"rendered":"40 millions de dollars, 200.000\u202fspectateurs attendus&#8230; les dessous du d\u00e9fil\u00e9 militaire \u00e0 la gloire de Trump"},"content":{"rendered":"<p>Donald Trump en r\u00eave depuis son premier mandat. Un d\u00e9fil\u00e9 militaire \u00e0 sa gloire, lui qui r\u00e9p\u00e8te avoir rendu sa fiert\u00e9 \u00e0 \u00ab la plus puissante arm\u00e9e que le monde ait jamais connue \u00bb. L&rsquo;id\u00e9e a pris corps en 2017 lorsque, 45e pr\u00e9sident des <a href=\"https:\/\/www.latribune.fr\/economie\/international\/etats-unis-les-droits-de-douane-remis-provisoirement-sur-les-rails-par-une-cour-d-appel-1026172.html\" rel=\"nofollow noopener\" target=\"_blank\">\u00c9tats-Unis<\/a> fra\u00eechement investi, il avait \u00e9t\u00e9 invit\u00e9 par <a href=\"https:\/\/www.latribune.fr\/economie\/france\/emmanuel-macron-sur-tf1-ces-deux-propositions-plebiscitees-par-les-francais-1025123.html\" rel=\"nofollow noopener\" target=\"_blank\">Emmanuel Macron<\/a> au traditionnel d\u00e9fil\u00e9 du 14 juillet sur les Champs-\u00c9lys\u00e9es.<\/p>\n<p>Elle a refait surface apr\u00e8s l&rsquo;\u00e9vacuation calamiteuse d&rsquo;Afghanistan en ao\u00fbt 2021, qui a d\u00e9cupl\u00e9 la hargne de Donald Trump envers son pr\u00e9d\u00e9cesseur <a href=\"https:\/\/www.latribune.fr\/la-tribune-dimanche\/dans-le-monde\/joe-biden-son-declin-cognitif-disseque-dans-un-livre-choc-1025281.html\" rel=\"nofollow noopener\" target=\"_blank\">Joe Biden<\/a>. Il lui fallait laver une humiliation jug\u00e9e comparable \u00e0 celle essuy\u00e9e en 1975 \u00e0 la chute de Saigon. L&rsquo;occasion \u00e9tait toute trouv\u00e9e : le 14 juin marque le 250e anniversaire de la naissance de l&rsquo;arm\u00e9e continentale et, comble du hasard, le jour o\u00f9 le pr\u00e9sident f\u00eatera son 79e anniversaire.<\/p>\n","protected":false},"excerpt":{"rendered":"Donald Trump en r\u00eave depuis son premier mandat. Un d\u00e9fil\u00e9 militaire \u00e0 sa gloire, lui qui r\u00e9p\u00e8te avoir&hellip;\n","protected":false},"author":2,"featured_media":165352,"comment_status":"","ping_status":"","sticky":false,"template":"","format":"standard","meta":{"footnotes":""},"categories":[5],"tags":[29875,17,11,17144,16694,16007,27075,1011,27,14,3102,151,4657,12,28],"class_list":{"0":"post-165351","1":"post","2":"type-post","3":"status-publish","4":"format-standard","5":"has-post-thumbnail","7":"category-international","8":"tag-200-000-spectateurs","9":"tag-17","10":"tag-actualites","11":"tag-attendus","12":"tag-defile","13":"tag-dessous","14":"tag-dollars","15":"tag-fr","16":"tag-france","17":"tag-international","18":"tag-la-tribune-dimanche","19":"tag-les","20":"tag-millions","21":"tag-news","22":"tag-world"},"share_on_mastodon":{"url":"https:\/\/pubeurope.com\/@fr\/114658408232030265","error":""},"_links":{"self":[{"href":"https:\/\/www.europesays.com\/fr\/wp-json\/wp\/v2\/posts\/165351","targetHints":{"allow":["GET"]}}],"collection":[{"href":"https:\/\/www.europesays.com\/fr\/wp-json\/wp\/v2\/posts"}],"about":[{"href":"https:\/\/www.europesays.com\/fr\/wp-json\/wp\/v2\/types\/post"}],"author":[{"embeddable":true,"href":"https:\/\/www.europesays.com\/fr\/wp-json\/wp\/v2\/users\/2"}],"replies":[{"embeddable":true,"href":"https:\/\/www.europesays.com\/fr\/wp-json\/wp\/v2\/comments?post=165351"}],"version-history":[{"count":0,"href":"https:\/\/www.europesays.com\/fr\/wp-json\/wp\/v2\/posts\/165351\/revisions"}],"wp:featuredmedia":[{"embeddable":true,"href":"https:\/\/www.europesays.com\/fr\/wp-json\/wp\/v2\/media\/165352"}],"wp:attachment":[{"href":"https:\/\/www.europesays.com\/fr\/wp-json\/wp\/v2\/media?parent=165351"}],"wp:term":[{"taxonomy":"category","embeddable":true,"href":"https:\/\/www.europesays.com\/fr\/wp-json\/wp\/v2\/categories?post=165351"},{"taxonomy":"post_tag","embeddable":true,"href":"https:\/\/www.europesays.com\/fr\/wp-json\/wp\/v2\/tags?post=165351"}],"curies":[{"name":"wp","href":"https:\/\/api.w.org\/{rel}","templated":true}]}}