{"id":165353,"date":"2025-06-10T09:40:08","date_gmt":"2025-06-10T09:40:08","guid":{"rendered":"https:\/\/www.europesays.com\/fr\/165353\/"},"modified":"2025-06-10T09:40:08","modified_gmt":"2025-06-10T09:40:08","slug":"un-collegien-blesse-gravement-une-surveillante-au-couteau-a-nogent-en-haute-marne","status":"publish","type":"post","link":"https:\/\/www.europesays.com\/fr\/165353\/","title":{"rendered":"Un coll\u00e9gien blesse gravement une surveillante au couteau \u00e0 Nogent en Haute-Marne"},"content":{"rendered":"<p>Un coll\u00e9gien a bless\u00e9 ce mardi matin une surveillante au couteau en Haute-Marne, indique l&rsquo;AFP. Des gendarmes effectuaient dans un m\u00eame temps un contr\u00f4le des sacs \u00e0 l&rsquo;entr\u00e9e de l&rsquo;\u00e9tablissement, ajoutent les autorit\u00e9s dans un communiqu\u00e9.<\/p>\n<p>L&rsquo;\u00e9l\u00e8ve a \u00e9t\u00e9 arr\u00eat\u00e9. Il a \u00ab\u00a0bless\u00e9 gri\u00e8vement une assistante d&rsquo;\u00e9ducation\u00a0\u00bb. La pr\u00e9fecture pr\u00e9cise que la victime \u00e2g\u00e9e de 31 ans est en \u00ab\u00a0urgence absolue\u00a0\u00bb.<\/p>\n<p>Le coll\u00e9gien en garde \u00e0 vue, Elisabeth Borne se rend sur place<\/p>\n<p>Le coll\u00e9gien a \u00e9t\u00e9 plac\u00e9 en garde \u00e0 vue \u00e0 la gendarmerie de Nogent et les 324 \u00e9l\u00e8ves de l&rsquo;\u00e9tablissement ont \u00e9t\u00e9 confin\u00e9s, a pr\u00e9cis\u00e9 la pr\u00e9fecture.<\/p>\n<p>Elisabeth Borne, ministre de l&rsquo;\u00c9ducation nationale, de l&rsquo;Enseignement sup\u00e9rieur et de la Recherche se rend sur place. \u00ab\u00a0Un drame terrible a frapp\u00e9 ce matin un coll\u00e8ge de Nogent : une assistante d&rsquo;\u00e9ducation a \u00e9t\u00e9 victime d&rsquo;une attaque au couteau par un \u00e9l\u00e8ve de l&rsquo;\u00e9tablissement. J&rsquo;exprime tout mon soutien \u00e0 la victime et \u00e0 ses proches. Je salue le sang-froid et l&rsquo;engagement de celles et ceux qui ont agi pour ma\u00eetriser l&rsquo;agresseur et prot\u00e9ger les \u00e9l\u00e8ves et les personnels\u00a0\u00bb, a \u00e9crit <a href=\"https:\/\/x.com\/Elisabeth_Borne\" target=\"_blank\" rel=\"nofollow\">la ministre sur X<\/a>.\u00a0<\/p>\n<p>Des contr\u00f4les al\u00e9atoires mis en place<\/p>\n<p>Des contr\u00f4les al\u00e9atoires de sacs dans les \u00e9tablissements scolaires ont \u00e9t\u00e9 mis en place apr\u00e8s une rixe qui avait provoqu\u00e9 la mort <a href=\"https:\/\/www.laprovence.com\/article\/faits-divers-justice\/83579399269314\/rixe-mortelle-en-essonne-6-personnes-presentees-a-la-justice-en-vue-de-leur-mise-en-examen\" target=\"_blank\" rel=\"nofollow noopener\">d&rsquo;un jeune de 17 ans devant un lyc\u00e9e en Essonne en mars<\/a>. Les ministres de l&rsquo;\u00c9ducation et de l&rsquo;Int\u00e9rieur avaient alors promis davantage de \u00ab\u00a0dissuasion et de sanctions\u00a0\u00bb aux abords des \u00e9tablissements scolaires apr\u00e8s la \u00ab\u00a0longue litanie\u00a0\u00bb de rixes mortelles.\u00a0<\/p>\n<p>Fin avril, au lendemain d&rsquo;une attaque mortelle dans un \u00e9tablissement \u00e0 Nantes, le minist\u00e8re de l&rsquo;\u00c9ducation nationale avait indiqu\u00e9 que 958 contr\u00f4les al\u00e9atoires de sacs dans les \u00e9tablissements scolaires avaient permis la saisie de 94 armes blanches depuis mars.\u00a0Apr\u00e8s cette attaque au couteau qui avait fait un mort et trois bless\u00e9s dans un lyc\u00e9e de Nantes, le Premier ministre Fran\u00e7ois Bayrou avait annonc\u00e9 \u00ab\u00a0une intensification des contr\u00f4les mis en place aux abords et au sein des \u00e9tablissements scolaires\u00a0\u00bb.<\/p>\n","protected":false},"excerpt":{"rendered":"Un coll\u00e9gien a bless\u00e9 ce mardi matin une surveillante au couteau en Haute-Marne, indique l&rsquo;AFP. Des gendarmes effectuaient&hellip;\n","protected":false},"author":2,"featured_media":165354,"comment_status":"","ping_status":"","sticky":false,"template":"","format":"standard","meta":{"footnotes":""},"categories":[4],"tags":[17,11,3916,20055,5264,274,1011,27,3915,12,29877,25,29876,96],"class_list":{"0":"post-165353","1":"post","2":"type-post","3":"status-publish","4":"format-standard","5":"has-post-thumbnail","7":"category-france","8":"tag-17","9":"tag-actualites","10":"tag-blesse","11":"tag-collegien","12":"tag-couteau","13":"tag-faits-divers-justice","14":"tag-fr","15":"tag-france","16":"tag-grievement","17":"tag-news","18":"tag-nogent","19":"tag-republique-francaise","20":"tag-surveillante","21":"tag-une"},"share_on_mastodon":{"url":"https:\/\/pubeurope.com\/@fr\/114658412044102516","error":""},"_links":{"self":[{"href":"https:\/\/www.europesays.com\/fr\/wp-json\/wp\/v2\/posts\/165353","targetHints":{"allow":["GET"]}}],"collection":[{"href":"https:\/\/www.europesays.com\/fr\/wp-json\/wp\/v2\/posts"}],"about":[{"href":"https:\/\/www.europesays.com\/fr\/wp-json\/wp\/v2\/types\/post"}],"author":[{"embeddable":true,"href":"https:\/\/www.europesays.com\/fr\/wp-json\/wp\/v2\/users\/2"}],"replies":[{"embeddable":true,"href":"https:\/\/www.europesays.com\/fr\/wp-json\/wp\/v2\/comments?post=165353"}],"version-history":[{"count":0,"href":"https:\/\/www.europesays.com\/fr\/wp-json\/wp\/v2\/posts\/165353\/revisions"}],"wp:featuredmedia":[{"embeddable":true,"href":"https:\/\/www.europesays.com\/fr\/wp-json\/wp\/v2\/media\/165354"}],"wp:attachment":[{"href":"https:\/\/www.europesays.com\/fr\/wp-json\/wp\/v2\/media?parent=165353"}],"wp:term":[{"taxonomy":"category","embeddable":true,"href":"https:\/\/www.europesays.com\/fr\/wp-json\/wp\/v2\/categories?post=165353"},{"taxonomy":"post_tag","embeddable":true,"href":"https:\/\/www.europesays.com\/fr\/wp-json\/wp\/v2\/tags?post=165353"}],"curies":[{"name":"wp","href":"https:\/\/api.w.org\/{rel}","templated":true}]}}