{"id":165357,"date":"2025-06-10T09:42:18","date_gmt":"2025-06-10T09:42:18","guid":{"rendered":"https:\/\/www.europesays.com\/fr\/165357\/"},"modified":"2025-06-10T09:42:18","modified_gmt":"2025-06-10T09:42:18","slug":"les-riverains-veulent-bannir-les-jet-skis-de-grangent","status":"publish","type":"post","link":"https:\/\/www.europesays.com\/fr\/165357\/","title":{"rendered":"les riverains veulent bannir les jet-skis de Grangent"},"content":{"rendered":"<p>\u00ab\u00a0\u00c7a y est, c\u2019est open bar\u00a0! Les k\u00e9k\u00e9s sont de retour\u00a0!\u00a0\u00bb, lance cet habitant de Saint-Victor-sur-Loire. Il fait partie du collectif des Croque-Cerises, nom donn\u00e9 aux habitants de ce quartier de Saint-Etienne, qui a lanc\u00e9 une p\u00e9tition pour demander l\u2019interdiction des jet-skis et scooters des mers sur le plan d\u2019eau de Grangent.<\/p>\n<p>Une missive adress\u00e9e \u00e0 la pr\u00e9fecture de la Loire puisque c\u2019est la direction d\u00e9partementale de la s\u00e9curit\u00e9 publique (DDSP42) qui est charg\u00e9e de la s\u00e9curit\u00e9 sur l\u2019eau.<\/p>\n<p>\u00ab\u00a0Le code fluvial et les vitesses obligatoires ne sont pas respect\u00e9s\u00a0\u00bb<\/p>\n<p>\u00ab\u00a0On subit leur pr\u00e9sence depuis plusieurs ann\u00e9es et les usagers de ces engins \u00e0 moteur tr\u00e8s bruyants sont de plus en plus nombreux. D\u00e8s qu\u2019il fait beau, comme le week-end dernier, ils sont une dizaine \u00e0 d\u00e9barquer avec leurs machines\u00a0\u00bb, poursuit ce riverain qui vit&#8230;<\/p>\n","protected":false},"excerpt":{"rendered":"\u00ab\u00a0\u00c7a y est, c\u2019est open bar\u00a0! Les k\u00e9k\u00e9s sont de retour\u00a0!\u00a0\u00bb, lance cet habitant de Saint-Victor-sur-Loire. Il fait&hellip;\n","protected":false},"author":2,"featured_media":165358,"comment_status":"","ping_status":"","sticky":false,"template":"","format":"standard","meta":{"footnotes":""},"categories":[9653],"tags":[1111,11,2430,1687,33,7539,1777,674,107,1011,27,3367,12,25,4001,29878,104,602],"class_list":{"0":"post-165357","1":"post","2":"type-post","3":"status-publish","4":"format-standard","5":"has-post-thumbnail","7":"category-saint-etienne","8":"tag-actu","9":"tag-actualites","10":"tag-auvergne-rhone-alpes","11":"tag-culture-loisirs","12":"tag-economie","13":"tag-edition-loire-sud","14":"tag-eu","15":"tag-europe","16":"tag-fil-info","17":"tag-fr","18":"tag-france","19":"tag-loire","20":"tag-news","21":"tag-republique-francaise","22":"tag-saint-etienne","23":"tag-saint-victor-sur-loire","24":"tag-societe","25":"tag-tourisme"},"share_on_mastodon":{"url":"https:\/\/pubeurope.com\/@fr\/114658419913078557","error":""},"_links":{"self":[{"href":"https:\/\/www.europesays.com\/fr\/wp-json\/wp\/v2\/posts\/165357","targetHints":{"allow":["GET"]}}],"collection":[{"href":"https:\/\/www.europesays.com\/fr\/wp-json\/wp\/v2\/posts"}],"about":[{"href":"https:\/\/www.europesays.com\/fr\/wp-json\/wp\/v2\/types\/post"}],"author":[{"embeddable":true,"href":"https:\/\/www.europesays.com\/fr\/wp-json\/wp\/v2\/users\/2"}],"replies":[{"embeddable":true,"href":"https:\/\/www.europesays.com\/fr\/wp-json\/wp\/v2\/comments?post=165357"}],"version-history":[{"count":0,"href":"https:\/\/www.europesays.com\/fr\/wp-json\/wp\/v2\/posts\/165357\/revisions"}],"wp:featuredmedia":[{"embeddable":true,"href":"https:\/\/www.europesays.com\/fr\/wp-json\/wp\/v2\/media\/165358"}],"wp:attachment":[{"href":"https:\/\/www.europesays.com\/fr\/wp-json\/wp\/v2\/media?parent=165357"}],"wp:term":[{"taxonomy":"category","embeddable":true,"href":"https:\/\/www.europesays.com\/fr\/wp-json\/wp\/v2\/categories?post=165357"},{"taxonomy":"post_tag","embeddable":true,"href":"https:\/\/www.europesays.com\/fr\/wp-json\/wp\/v2\/tags?post=165357"}],"curies":[{"name":"wp","href":"https:\/\/api.w.org\/{rel}","templated":true}]}}