{"id":165383,"date":"2025-06-10T09:59:13","date_gmt":"2025-06-10T09:59:13","guid":{"rendered":"https:\/\/www.europesays.com\/fr\/165383\/"},"modified":"2025-06-10T09:59:13","modified_gmt":"2025-06-10T09:59:13","slug":"la-cci-nice-lance-le-projet-tratteau-pour-anticiper-les-impacts-de-la","status":"publish","type":"post","link":"https:\/\/www.europesays.com\/fr\/165383\/","title":{"rendered":"La CCI Nice lance le projet TRATT\u2019EAU pour anticiper les impacts de la (\u2026)"},"content":{"rendered":"<p>                    <img loading=\"lazy\" decoding=\"async\" src=\"https:\/\/www.europesays.com\/fr\/wp-content\/uploads\/2025\/06\/ad2344c43d40df283e96fe7f68202f.jpg\" class=\"img-responsive post-image\" width=\"680\" height=\"510\" alt=\"La CCI Nice lance le (\u2026)\" title=\"La CCI Nice lance le projet TRATT'EAU pour anticiper les impacts de la mont\u00e9e des eaux sur les activit\u00e9s \u00e9conomiques\"\/><\/p>\n<p class=\"chapo\">La Chambre de Commerce et d\u2019Industrie Nice C\u00f4te d\u2019Azur (CCI NCA) annonce le lancement du projet TRATT\u2019EAU, une initiative transfrontali\u00e8re visant \u00e0 mesurer et anticiper les impacts \u00e9conomiques et sociaux de la mont\u00e9e des eaux sur les activit\u00e9s \u00e9conomiques situ\u00e9es dans les zones de recul. Ce projet, financ\u00e9 \u00e0 80\u00a0% par le Fonds europ\u00e9en de d\u00e9veloppement r\u00e9gional (FEDER), mobilise un budget total de 1,7M\u20ac s\u2019\u00e9chelonnera sur 36 mois. Son lancement a eu lieu le 5 juin.<\/p>\n<p>                    Un projet en r\u00e9sonance avec la Conf\u00e9rence des Nations Unies sur l\u2019Oc\u00e9an (UNOC) \u00e0 Nice<\/p>\n<p>Le lancement de TRATT\u2019EAU s\u2019inscrit dans une dynamique internationale forte, puisque la ville de Nice accueille du 9 au 13 juin 2025 la Conf\u00e9rence des Nations Unies sur l\u2019Oc\u00e9an (UNOC). Ce rendez-vous mondial, qui r\u00e9unit chefs d\u2019\u00c9tat, scientifiques, ONG, acteurs \u00e9conomiques et citoyens, vise \u00e0 acc\u00e9l\u00e9rer la mise en \u0153uvre de l\u2019Objectif de D\u00e9veloppement Durable n\u00b014 relatif \u00e0 la pr\u00e9servation des oc\u00e9ans.<\/p>\n<p>\u00c0 travers TRATT\u2019EAU, la CCI Nice C\u00f4te d\u2019Azur entend d\u00e9montrer que les territoires peuvent devenir moteurs de l\u2019adaptation climatique, en mobilisant leurs forces \u00e9conomiques, institutionnelles et scientifiques.<br class=\"autobr\"\/><br \/>\n<strong>Jean-Pierre Savarino,<\/strong> Pr\u00e9sident de la CCI Nice C\u00f4te d\u2019Azur, souligne\u00a0: \u00ab\u00a0 TRATT\u2019EAU n\u2019est pas seulement un projet europ\u00e9en\u00a0: c\u2019est une d\u00e9marche strat\u00e9gique, collective et transfrontali\u00e8re. En r\u00e9unissant des partenaires aux comp\u00e9tences vari\u00e9es, nous voulons construire un mod\u00e8le d\u2019adaptation reproductible, solide et ambitieux. Pr\u00e9server notre littoral, c\u2019est aussi pr\u00e9server nos entreprises, nos emplois et notre avenir.\u00a0\u00bb<\/p>\n<p>La mont\u00e9e du niveau des oc\u00e9ans s\u2019impose comme l\u2019un des d\u00e9fis des prochaines d\u00e9cennies. Selon les rapports du GIEC, plus d\u2019un milliard de personnes pourraient \u00eatre concern\u00e9es par ce ph\u00e9nom\u00e8ne \u00e0 l\u2019horizon 2050. Les zones littorales du territoire MARITTIMO, fortement urbanis\u00e9es et dot\u00e9es d\u2019un tissu \u00e9conomique dense, sont particuli\u00e8rement expos\u00e9es.<\/p>\n<p>Face \u00e0 cette r\u00e9alit\u00e9, la CCI Nice C\u00f4te d\u2019Azur a pris l\u2019initiative de r\u00e9unir un consortium de partenaires r\u00e9gionaux et transfrontaliers pour donner naissance au projet TRATT\u2019EAU. Parmi les partenaires figurent l\u2019AVITEM, la CCIAA (R\u00e9gion Ligure), le SMIAGE, la Province de Massa-Carrara, l\u2019Universit\u00e9 de Cagliari, la Communaut\u00e9 d\u2019Agglom\u00e9ration de Bastia.<\/p>\n<p><strong>Le projet TRATT\u2019EAU vise \u00e0 mesurer les impacts \u00e9conomiques et sociaux du recul du trait de c\u00f4te et de la mont\u00e9e des eaux sur les territoires littoraux, et \u00e0 accompagner la relocalisation durable des activit\u00e9s \u00e9conomiques expos\u00e9es.<\/strong> En outre, une partie de l\u2019analyse portera sur les leviers psychologiques et comportementaux de la population. En sensibilisant les d\u00e9cideurs publics et en leur fournissant des outils de communication adapt\u00e9s, le projet vise \u00e0 engager durablement le territoire dans une d\u00e9marche r\u00e9fl\u00e9chie et ambitieuse d\u2019adaptation au changement climatique.<br class=\"autobr\"\/><br \/>\n<strong>Ce projet, financ\u00e9 \u00e0 80\u00a0% par le Fonds europ\u00e9en de d\u00e9veloppement r\u00e9gional (FEDER) dans le cadre du programme Interreg MARITTIMO, mobilise un budget total de 1 729 387 \u20ac, dont 473 000 \u20ac allou\u00e9s \u00e0 la CCI NCA, qui en assure la coordination g\u00e9n\u00e9rale. Pilote, la Chambre de Commerce et d\u2019Industrie Nice C\u00f4te d\u2019Azur a organis\u00e9 le 5 juin 2025 au Port Vauban \u00e0 Antibes le lancement officiel du projet TRATT\u2019EAU.<br class=\"autobr\"\/><br \/>\n <\/strong><\/p>\n<p>Une approche en trois volets pour construire une r\u00e9silience \u00e9conomique durable<\/p>\n<p>TRATT\u2019EAU s\u2019articule autour de trois axes de travail compl\u00e9mentaires afin de proposer une r\u00e9ponse structur\u00e9e \u00e0 la probl\u00e9matique de l\u2019adaptation des territoires c\u00f4tiers \u00e0 la mont\u00e9e des eaux.<\/p>\n<p><strong>Le premier axe, pilot\u00e9 par la CCI Nice C\u00f4te d\u2019Azur, vise \u00e0 identifier et mesurer les menaces \u00e9conomiques directes et indirectes pesant sur les zones de recul c\u00f4tier.<\/strong> Ce travail s\u2019appuiera sur l\u2019\u00e9laboration de cartographies dynamiques d\u2019ennoiement, construites selon diff\u00e9rents sc\u00e9narios de r\u00e9chauffement climatique (2040, 2070, 2100), permettant de visualiser les zones potentiellement submerg\u00e9es et d\u2019\u00e9valuer l\u2019impact sur les entreprises implant\u00e9es. Pour accompagner cette d\u00e9marche, un r\u00e9cit web p\u00e9dagogique sera con\u00e7u afin de sensibiliser les acteurs \u00e9conomiques et le grand public aux enjeux en cours. Une m\u00e9thodologie d\u2019analyse de l\u2019impact \u00e9conomique sera d\u00e9velopp\u00e9e pour \u00e9valuer les pertes potentielles, les secteurs les plus vuln\u00e9rables, les emplois concern\u00e9s, et cette m\u00e9thode pourra ensuite \u00eatre r\u00e9pliqu\u00e9e dans d\u2019autres territoires europ\u00e9ens. Ce volet inclut \u00e9galement un investissement technologique concret avec l\u2019installation d\u2019un mar\u00e9graphe qui permettra de mesurer les variations du niveau de la mer et d\u2019alimenter les sc\u00e9narios pr\u00e9dictifs.<\/p>\n<p><strong>Le deuxi\u00e8me axe du projet est consacr\u00e9 \u00e0 l\u2019\u00e9valuation de la capacit\u00e9 de mobilisation du foncier d\u2019activit\u00e9s, en vue de la relocalisation des entreprises menac\u00e9es.<\/strong> Il est conduit par les partenaires italiens du projet, en \u00e9troite collaboration avec le service Urbanisme de la CCI NCA. L\u2019objectif est d\u2019identifier les activit\u00e9s \u00e9conomiques les plus expos\u00e9es et de d\u00e9terminer les opportunit\u00e9s de relocalisation sur des terrains moins vuln\u00e9rables. Pour ce faire, un observatoire du foncier \u00e9conomique sera cr\u00e9\u00e9, recensant les gisements disponibles sur le territoire. Parall\u00e8lement, un travail de pr\u00e9figuration d\u2019une strat\u00e9gie fonci\u00e8re sera men\u00e9, notamment en lien avec les collectivit\u00e9s et l\u2019\u00c9tat, afin d\u2019int\u00e9grer ces probl\u00e9matiques dans les documents d\u2019urbanisme. Des ateliers de sensibilisation r\u00e9uniront les acteurs publics et priv\u00e9s autour de ces enjeux, et une charte d\u2019engagement territoriale sera propos\u00e9e \u00e0 la signature de tous les partenaires concern\u00e9s pour garantir une dynamique collective sur le long terme.<\/p>\n<p><strong>Enfin, le troisi\u00e8me axe du projet portera sur l\u2019information, la sensibilisation et l\u2019appropriation des enjeux climatiques par les acteurs publics<\/strong>. L\u2019ambition est ici de faciliter la prise de conscience sans cr\u00e9er d\u2019inqui\u00e9tude disproportionn\u00e9e, en favorisant une approche collaborative. Les collectivit\u00e9s locales, les institutions et les d\u00e9cideurs publics seront \u00e9troitement associ\u00e9s au processus afin de co-construire des politiques d\u2019adaptation r\u00e9alistes, concert\u00e9es et int\u00e9gr\u00e9es \u00e0 l\u2019\u00e9chelle des territoires. Il s\u2019agira de mettre \u00e0 disposition des outils de communication et de compr\u00e9hension accessibles, pour mobiliser durablement l\u2019intelligence collective.<\/p>\n<p><strong>La CCI Nice C\u00f4te d\u2019Azur, forte de son expertise en gestion de projets europ\u00e9ens et en accompagnement des entreprises, jouera un r\u00f4le central dans la mise en \u0153uvre de TRATT\u2019EAU. Elle mettra \u00e0 disposition son savoir-faire en analyse d\u2019impacts \u00e9conomiques et en urbanisme pour soutenir les entreprises menac\u00e9es et les aider \u00e0 planifier leur relocalisation.<br class=\"autobr\"\/><br \/>\n <\/strong><\/p>\n","protected":false},"excerpt":{"rendered":"La Chambre de Commerce et d\u2019Industrie Nice C\u00f4te d\u2019Azur (CCI NCA) annonce le lancement du projet TRATT\u2019EAU, une&hellip;\n","protected":false},"author":2,"featured_media":165384,"comment_status":"","ping_status":"","sticky":false,"template":"","format":"standard","meta":{"footnotes":""},"categories":[2819],"tags":[1111,11,2408,1777,674,1011,27,12,2401,882,25],"class_list":{"0":"post-165383","1":"post","2":"type-post","3":"status-publish","4":"format-standard","5":"has-post-thumbnail","7":"category-nice","8":"tag-actu","9":"tag-actualites","10":"tag-appels-d","11":"tag-eu","12":"tag-europe","13":"tag-fr","14":"tag-france","15":"tag-news","16":"tag-nice","17":"tag-provence-alpes-cote-dazur","18":"tag-republique-francaise"},"share_on_mastodon":{"url":"https:\/\/pubeurope.com\/@fr\/114658486860880158","error":""},"_links":{"self":[{"href":"https:\/\/www.europesays.com\/fr\/wp-json\/wp\/v2\/posts\/165383","targetHints":{"allow":["GET"]}}],"collection":[{"href":"https:\/\/www.europesays.com\/fr\/wp-json\/wp\/v2\/posts"}],"about":[{"href":"https:\/\/www.europesays.com\/fr\/wp-json\/wp\/v2\/types\/post"}],"author":[{"embeddable":true,"href":"https:\/\/www.europesays.com\/fr\/wp-json\/wp\/v2\/users\/2"}],"replies":[{"embeddable":true,"href":"https:\/\/www.europesays.com\/fr\/wp-json\/wp\/v2\/comments?post=165383"}],"version-history":[{"count":0,"href":"https:\/\/www.europesays.com\/fr\/wp-json\/wp\/v2\/posts\/165383\/revisions"}],"wp:featuredmedia":[{"embeddable":true,"href":"https:\/\/www.europesays.com\/fr\/wp-json\/wp\/v2\/media\/165384"}],"wp:attachment":[{"href":"https:\/\/www.europesays.com\/fr\/wp-json\/wp\/v2\/media?parent=165383"}],"wp:term":[{"taxonomy":"category","embeddable":true,"href":"https:\/\/www.europesays.com\/fr\/wp-json\/wp\/v2\/categories?post=165383"},{"taxonomy":"post_tag","embeddable":true,"href":"https:\/\/www.europesays.com\/fr\/wp-json\/wp\/v2\/tags?post=165383"}],"curies":[{"name":"wp","href":"https:\/\/api.w.org\/{rel}","templated":true}]}}