{"id":165388,"date":"2025-06-10T10:02:19","date_gmt":"2025-06-10T10:02:19","guid":{"rendered":"https:\/\/www.europesays.com\/fr\/165388\/"},"modified":"2025-06-10T10:02:19","modified_gmt":"2025-06-10T10:02:19","slug":"les-neptunes-de-nantes-contraintes-de-se-retirer-de-lelite","status":"publish","type":"post","link":"https:\/\/www.europesays.com\/fr\/165388\/","title":{"rendered":"les Neptunes de Nantes contraintes de se retirer de l&rsquo;\u00e9lite"},"content":{"rendered":"<p>            Par<br \/>\n        <strong><br \/>\n            <a href=\"https:\/\/actu.fr\/auteur\/thomas-bernard\" title=\"Consulter tous les articles de Thomas Bernard\" rel=\"nofollow noopener\" target=\"_blank\">Thomas Bernard<\/a><br \/>\n        <\/strong><\/p>\n<p>        Publi\u00e9 le<\/p>\n<p>            10 juin 2025 \u00e0 10h23        <\/p>\n<p>\u00ab\u2009\u00catre responsable, c\u2019est parfois renoncer au sommet pour ne pas sacrifier les<br \/>fondations\u2009\u00bb, \u00e9crit le club de volley f\u00e9minin des Neptunes de Nantes, ce samedi 7\u00a0juin 2025, <a href=\"https:\/\/www.neptunesvolley.com\/post\/apr%C3%A8s-avoir-remu%C3%A9-ciel-et-mer-les-neptunes-font-le-choix-de-la-raison?fbclid=IwY2xjawK0wolleHRuA2FlbQIxMQBicmlkETE3bHBhQWJWNlc0WWNhY2hrAR5D__MkLO2A33OZ8BwoJRkJ-YCTDvzEtyDP6VB_iR0Ra2LvahwqDOhpYFk44Q_aem_iAIRmu_mOhP8FdqsSg3BLg\" rel=\"nofollow noopener\" target=\"_blank\">dans un communiqu\u00e9<\/a>.<\/p>\n<p class=\" wall-content\">En raison \u00ab\u2009d\u2019un manque de garantie imm\u00e9diate\u2009\u00bb, <strong>la DNACG a refus\u00e9 l\u2019engagement du club pr\u00e9sid\u00e9 par Monique Bernard en Saforelle Power 6<\/strong> (premi\u00e8re division du championnat de France de volley).<\/p>\n<p class=\" wall-content\">Malgr\u00e9 une belle saison sportive (finaliste du championnat et de la coupe de France, vainqueur de la Supercoupe), le club lig\u00e9rien a d\u00fb composer avec un contexte financier d\u00e9licat suite au<a href=\"https:\/\/actu.fr\/pays-de-la-loire\/nantes_44109\/handball-les-neptunes-de-nantes-placees-en-liquidation-judiciaire_61430652.html\" rel=\"nofollow noopener\" target=\"_blank\"> d\u00e9sengagement de son ancien actionnaire majoritaire R\u00e9alit\u00e9s en juillet\u00a02024<\/a>. Le club a h\u00e9rit\u00e9 d\u2019 \u00ab\u2009un passif lourd \u00e0 combler d\u2019environ <strong>300\u2009000\u00a0\u20ac de dettes\u2009\u00bb<\/strong>.<\/p>\n<p>\u00ab\u2009Construire ce nouveau chapitre\u2009\u00bb<\/p>\n<p class=\" wall-content\">\u00ab\u2009Pour le club, c\u2019est <strong>un sentiment d\u2019injustice et d\u2019amertume<\/strong>, apr\u00e8s tous les efforts qu\u2019il a donn\u00e9 pour se maintenir \u00e0 flot. J\u2019ai une pens\u00e9e tr\u00e8s \u00e9mue et admirative pour Monique Bernard, grande pr\u00e9sidente de ce club, qui s\u2019est battue pour rester en Ligue A, et dont je salue la pugnacit\u00e9 et l\u2019engagement\u2009\u00bb, a r\u00e9agi <strong>Ali Rebouh<\/strong>, vice-pr\u00e9sident de Nantes M\u00e9tropole au sport de haut niveau et adjoint aux sports de la Ville de Nantes.<\/p>\n<p class=\" wall-content\">Ces derniers mois le club s\u2019est battu pour ne pas licencier de salari\u00e9s et \u00ab\u2009r\u00e9gulariser l\u2019ensemble des dettes laiss\u00e9es par REALITES, \u00e0 l\u2019exception de la cr\u00e9ance de 155\u2009000\u00a0\u20ac envers notre propre association, que nous comptions rembourser gr\u00e2ce \u00e0 l\u2019arriv\u00e9e esp\u00e9r\u00e9e d\u2019un m\u00e9c\u00e8ne\u2009\u00bb.<\/p>\n<p>Vid\u00e9os : en ce moment sur Actu<\/p>\n<p class=\" wall-content\">Un contexte contraignant les Neptunes \u00e0 ne pas poursuivre dans l\u2019\u00e9lite du volley f\u00e9minin et de <strong>se retrouver \u00e0 l\u2019\u00e9chelon inf\u00e9rieur pour la saison 2025\/2026<\/strong>.<\/p>\n<blockquote class=\"ac-article-quote wall-content\">\n<p>D\u00e8s aujourd\u2019hui, les \u00e9quipes sont d\u00e9j\u00e0 mobilis\u00e9es pour construire ce nouveau chapitre. Toutes nos \u00e9quipes administratives sont r\u00e9engag\u00e9es. Le projet continue. Il vit. Il respire. Il est debout. Et il portera encore fi\u00e8rement les valeurs de ce club unique, soutenu par tant de partenaires, d\u2019institutions, d\u2019abonn\u00e9(e)s, de b\u00e9n\u00e9voles, de supporters fid\u00e8les. Oui, nous devons reculer. Mais c\u2019est pour mieux sauter.<\/p>\n<p>    <strong>Neptunes de Nantes<\/strong>\n            <\/p><\/blockquote>\n<p class=\" wall-content\">\u00ab\u2009J\u2019appelle de mes v\u0153ux \u00e0 une mobilisation des partenaires priv\u00e9s et publics pour maintenir leurs engagements financiers. La M\u00e9tropole souhaite, autant que possible, \u00eatre pr\u00e9sente l\u2019ann\u00e9e prochaine aux c\u00f4t\u00e9s du club, de ses b\u00e9n\u00e9voles, de ses licenci\u00e9s, pour l\u2019aider \u00e0 se relever\u2009\u00bb, a annonc\u00e9 Ali Rebouh.<\/p>\n<p class=\" wall-content\">Suivez toute l\u2019actualit\u00e9 de vos villes et m\u00e9dias favoris en vous inscrivant \u00e0 <a href=\"https:\/\/moncompte.actu.fr\" title=\"D\u00e9couvez Mon Actu\" rel=\"nofollow noopener\" data-trk=\"{&quot;cta&quot;:{&quot;action&quot;:&quot;https:\\\/\\\/moncompte.actu.fr&quot;,&quot;category&quot;:&quot;mon compte&quot;,&quot;from&quot;:&quot;article footer&quot;,&quot;name&quot;:&quot;Mon actu&quot;,&quot;type&quot;:&quot;cta&quot;}}\" target=\"_blank\">Mon Actu<\/a>.<\/p>\n","protected":false},"excerpt":{"rendered":"Par Thomas Bernard Publi\u00e9 le 10 juin 2025 \u00e0 10h23 \u00ab\u2009\u00catre responsable, c\u2019est parfois renoncer au sommet pour&hellip;\n","protected":false},"author":2,"featured_media":165389,"comment_status":"","ping_status":"","sticky":false,"template":"","format":"standard","meta":{"footnotes":""},"categories":[2818],"tags":[1111,11,1777,674,1011,27,766,12,2636,25,60,1470],"class_list":{"0":"post-165388","1":"post","2":"type-post","3":"status-publish","4":"format-standard","5":"has-post-thumbnail","7":"category-nantes","8":"tag-actu","9":"tag-actualites","10":"tag-eu","11":"tag-europe","12":"tag-fr","13":"tag-france","14":"tag-nantes","15":"tag-news","16":"tag-pays-de-la-loire","17":"tag-republique-francaise","18":"tag-sports","19":"tag-volley"},"share_on_mastodon":{"url":"https:\/\/pubeurope.com\/@fr\/114658498603870812","error":""},"_links":{"self":[{"href":"https:\/\/www.europesays.com\/fr\/wp-json\/wp\/v2\/posts\/165388","targetHints":{"allow":["GET"]}}],"collection":[{"href":"https:\/\/www.europesays.com\/fr\/wp-json\/wp\/v2\/posts"}],"about":[{"href":"https:\/\/www.europesays.com\/fr\/wp-json\/wp\/v2\/types\/post"}],"author":[{"embeddable":true,"href":"https:\/\/www.europesays.com\/fr\/wp-json\/wp\/v2\/users\/2"}],"replies":[{"embeddable":true,"href":"https:\/\/www.europesays.com\/fr\/wp-json\/wp\/v2\/comments?post=165388"}],"version-history":[{"count":0,"href":"https:\/\/www.europesays.com\/fr\/wp-json\/wp\/v2\/posts\/165388\/revisions"}],"wp:featuredmedia":[{"embeddable":true,"href":"https:\/\/www.europesays.com\/fr\/wp-json\/wp\/v2\/media\/165389"}],"wp:attachment":[{"href":"https:\/\/www.europesays.com\/fr\/wp-json\/wp\/v2\/media?parent=165388"}],"wp:term":[{"taxonomy":"category","embeddable":true,"href":"https:\/\/www.europesays.com\/fr\/wp-json\/wp\/v2\/categories?post=165388"},{"taxonomy":"post_tag","embeddable":true,"href":"https:\/\/www.europesays.com\/fr\/wp-json\/wp\/v2\/tags?post=165388"}],"curies":[{"name":"wp","href":"https:\/\/api.w.org\/{rel}","templated":true}]}}