{"id":165392,"date":"2025-06-10T10:04:25","date_gmt":"2025-06-10T10:04:25","guid":{"rendered":"https:\/\/www.europesays.com\/fr\/165392\/"},"modified":"2025-06-10T10:04:25","modified_gmt":"2025-06-10T10:04:25","slug":"girondins-de-bordeaux-david-gluzman-demonte-le-mythe-du-sauveur-de-gerard-lopez","status":"publish","type":"post","link":"https:\/\/www.europesays.com\/fr\/165392\/","title":{"rendered":"Girondins de Bordeaux : David Gluzman d\u00e9monte le \u00ab\u00a0mythe du sauveur\u00a0\u00bb de G\u00e9rard Lopez"},"content":{"rendered":"<p><img decoding=\"async\" src=\"https:\/\/www.europesays.com\/fr\/wp-content\/uploads\/2025\/06\/671_c5c7b8e495ff71e29a741fe9a61f9fd9.jpg\" alt=\"Girondins de Bordeaux : David Gluzman d\u00e9monte le &quot;mythe du sauveur&quot; de G\u00e9rard Lopez\" class=\"img-responsive mt-3\"\/><\/p>\n<p class=\"text-center mb-3\" style=\"font-size: 14px\">\u00a9 Iconsport<\/p>\n<p style=\"text-align: justify;\">\u00c9coutez ses propos ou lisez-les :<\/p>\n<p>\u00a0<\/p>\n<p style=\"text-align: justify;\">Le pr\u00e9sident des Girondins de Bordeaux, <a href=\"https:\/\/www.webgirondins.com\/actualite-girondins-girondins-gerard-lopez-sort-du-silence-tacle-oliver-kahn-et-veut-encore-sauver-bordeaux-129353\" target=\"_blank\" rel=\"noopener\">G\u00e9rard Lopez s\u2019est exprim\u00e9 ce dimanche dans le JDD<\/a> \u00e0 propos de son action au club. Lors de cet entretien, il r\u00e9pond aux critiques. Le titre de l\u2019article fait beaucoup parler : \u00ab\u00a0Je veux sauver les Girondins de Bordeaux\u00a0\u00bb. Voici la r\u00e9action de David Gluzman.<\/p>\n<p><strong>\u201cCe titre, c\u2019est de la provocation\u201d<\/strong><\/p>\n<p style=\"text-align: justify;\">David Gluzman dans le <a href=\"https:\/\/www.youtube.com\/watch?v=mYk2zs0T8PM&amp;t=3213s\" target=\"_blank\" rel=\"noopener\">Talk sur WebGirondins<\/a> : \u201cJe trouve le terme sauveur absolument scandaleux. C&rsquo;est de l&rsquo;irrespect envers tous les supporters. Je me suis m\u00eame demand\u00e9, \u00e0 la premi\u00e8re lecture, si cette interview n\u2019\u00e9tait pas faite expr\u00e8s pour provoquer. \u00c0 la seconde lecture, je me suis rassur\u00e9 parce que \u00e7a parle d&rsquo;une interview en visio, ce qui fait que ce ne sont pas juste des \u00e9l\u00e9ments transmis \u00e0 un journaliste qui a mis \u00e7a \u201cen musique\u201d. Mais le fait que G\u00e9rard Lopez ait valid\u00e9 ce chapeau et ce titre, c&rsquo;est de la provocation.\u00a0\u00bb<\/p>\n<p><strong>Des aides publiques re\u00e7ues pour favoriser la reprise du club par Lopez<\/strong><\/p>\n<p style=\"text-align: justify;\">\u00ab\u00a0Je vais vous donner quelques chiffres sur ce mythe du sauveur. G\u00e9rard Lopez a \u00e9t\u00e9 le plus rapide et le plus agile pour reprendre les Girondins de Bordeaux, mais ce n&rsquo;est absolument pas un sauveur. Au moment de la reprise du club, sur le co\u00fbt du projet, G\u00e9rard Lopez n\u2019a mis que 10 millions d&rsquo;euros. D&rsquo;une part, le fonds de solidarit\u00e9 de l&rsquo;\u00c9tat dans le cadre du Covid lui a accord\u00e9 10 millions d&rsquo;euros d&rsquo;aide pour les co\u00fbts fixes et l&rsquo;URSSAF, qu\u2019il ne va pas rembourser en totalit\u00e9, lui a accord\u00e9 un moratoire sur les charges impay\u00e9es de 10 millions d&rsquo;euros. Donc il y a ces 10 millions d&rsquo;euros, il y a 20 millions d&rsquo;euros de l&rsquo;\u00c9tat, et il y a King Street et Fortress. G\u00e9rard Lopez a r\u00e9ussi \u00e0 convaincre ces derniers d\u2019augmenter la dette pour convertir des fonds propres en dette afin de reprendre le club.<\/p>\n<p style=\"text-align: justify;\">Donc ce mythe du sauveur, on l&rsquo;a expliqu\u00e9 et r\u00e9expliqu\u00e9, \u00e7a n&rsquo;a jamais \u00e9t\u00e9 vrai, \u00e0 aucune intersaison ni lors de la reprise du club. Le mythe du sauveur, pour moi, c\u2019est stop.\u201d<\/p>\n<p style=\"text-align: justify;\">\u00c0 lire &gt;&gt; <strong><a href=\"https:\/\/www.webgirondins.com\/actualite-girondins-girondins-cedric-yambere-et-la-centrafrique-boycottent-le-match-face-a-la-tunisie-129368\" target=\"_blank\" rel=\"noopener\">C\u00e9dric Yamb\u00e9r\u00e9 et la Centrafrique boycottent le match face \u00e0 la Tunisie<\/a><\/strong><\/p>\n<p style=\"text-align: justify;\">\u00a0<\/p>\n","protected":false},"excerpt":{"rendered":"\u00a9 Iconsport \u00c9coutez ses propos ou lisez-les : \u00a0 Le pr\u00e9sident des Girondins de Bordeaux, G\u00e9rard Lopez s\u2019est&hellip;\n","protected":false},"author":2,"featured_media":165393,"comment_status":"","ping_status":"","sticky":false,"template":"","format":"standard","meta":{"footnotes":""},"categories":[2817],"tags":[1111,11,3694,1997,1993,536,1444,1446,8842,29882,33,1777,674,63,1011,27,8294,1987,26167,4933,6593,8295,19435,12,2219,29884,25,29883,9937],"class_list":{"0":"post-165392","1":"post","2":"type-post","3":"status-publish","4":"format-standard","5":"has-post-thumbnail","7":"category-bordeaux","8":"tag-actu","9":"tag-actualites","10":"tag-affaires","11":"tag-bordeaux","12":"tag-comme","13":"tag-communication","14":"tag-contre","15":"tag-dans","16":"tag-david","17":"tag-demonte","18":"tag-economie","19":"tag-eu","20":"tag-europe","21":"tag-football","22":"tag-fr","23":"tag-france","24":"tag-gerard","25":"tag-girondins","26":"tag-gluzman","27":"tag-homme","28":"tag-insurge","29":"tag-lopez","30":"tag-mythe","31":"tag-news","32":"tag-nouvelle-aquitaine","33":"tag-presentant","34":"tag-republique-francaise","35":"tag-sauveur","36":"tag-specialiste"},"share_on_mastodon":{"url":"https:\/\/pubeurope.com\/@fr\/114658506535206845","error":""},"_links":{"self":[{"href":"https:\/\/www.europesays.com\/fr\/wp-json\/wp\/v2\/posts\/165392","targetHints":{"allow":["GET"]}}],"collection":[{"href":"https:\/\/www.europesays.com\/fr\/wp-json\/wp\/v2\/posts"}],"about":[{"href":"https:\/\/www.europesays.com\/fr\/wp-json\/wp\/v2\/types\/post"}],"author":[{"embeddable":true,"href":"https:\/\/www.europesays.com\/fr\/wp-json\/wp\/v2\/users\/2"}],"replies":[{"embeddable":true,"href":"https:\/\/www.europesays.com\/fr\/wp-json\/wp\/v2\/comments?post=165392"}],"version-history":[{"count":0,"href":"https:\/\/www.europesays.com\/fr\/wp-json\/wp\/v2\/posts\/165392\/revisions"}],"wp:featuredmedia":[{"embeddable":true,"href":"https:\/\/www.europesays.com\/fr\/wp-json\/wp\/v2\/media\/165393"}],"wp:attachment":[{"href":"https:\/\/www.europesays.com\/fr\/wp-json\/wp\/v2\/media?parent=165392"}],"wp:term":[{"taxonomy":"category","embeddable":true,"href":"https:\/\/www.europesays.com\/fr\/wp-json\/wp\/v2\/categories?post=165392"},{"taxonomy":"post_tag","embeddable":true,"href":"https:\/\/www.europesays.com\/fr\/wp-json\/wp\/v2\/tags?post=165392"}],"curies":[{"name":"wp","href":"https:\/\/api.w.org\/{rel}","templated":true}]}}