{"id":165398,"date":"2025-06-10T10:07:09","date_gmt":"2025-06-10T10:07:09","guid":{"rendered":"https:\/\/www.europesays.com\/fr\/165398\/"},"modified":"2025-06-10T10:07:09","modified_gmt":"2025-06-10T10:07:09","slug":"fashion-a-la-mediatheque-actualites","status":"publish","type":"post","link":"https:\/\/www.europesays.com\/fr\/165398\/","title":{"rendered":"\u00ab Fashion \u00bb \u00e0 la m\u00e9diath\u00e8que ! \/ Actualit\u00e9s"},"content":{"rendered":"<p>Un d\u00e9fil\u00e9 de mode interg\u00e9n\u00e9rationnel\u00a0! Un projet pas banal mis en place par la Ville o\u00f9 <strong>seniors et jeunes en Service civique du Pass Seniors d\u00e9fileront ensemble<\/strong>.<\/p>\n<p>Le th\u00e8me choisi\u00a0: <strong>les ann\u00e9es 60 revisit\u00e9es<\/strong>. Et pour rendre l\u2019\u00e9v\u00e9nement encore plus singulier, la m\u00e9diath\u00e8que Jean L\u00e9vy, qui f\u00eate ses 60 ans cette ann\u00e9e, leur d\u00e9roulera le tapis rouge.<\/p>\n<p>\u00ab\u00a0L\u2019art du fil revient \u00e0 la mode. J\u2019ai remarqu\u00e9 que nous les jeunes, allons sur Internet pour regarder des tutos quand on veut apprendre \u00e0 coudre ou \u00e0 tricoter, alors que le savoir-faire est dans les mains de nos a\u00een\u00e9s et qu\u2019il suffit juste de leur demander\u00a0\u00bb, remarque Heidi Capon, en Service civique \u00e0 l\u2019Espace Seniors de Vauban-Esquermes.\u00a0<\/p>\n<p>Discussions, croquis, essayages et ajustements ont permis <strong>aux deux g\u00e9n\u00e9rations d\u2019apprendre \u00e0 se conna\u00eetre<\/strong>, \u00e0 \u00e9changer sur ses go\u00fbts, ses envies et sa vision de la mode. Si la Ville a l\u2019habitude de travailler autour de projets parents-enfants ou seniors-enfants, ce type d\u2019initiative seniors-jeunes adultes est moins facile \u00e0 appr\u00e9hender.<\/p>\n<p>Depuis des semaines, ils piquent, cousent, brodent ensemble pour concevoir les v\u00eatements qu\u2019ils porteront. Les ateliers se d\u00e9roulent dans trois Espaces Seniors \u00e9quip\u00e9s de machines \u00e0 coudre (Lille-Sud, Vauban-Esquermes et Lille-Centre avec la participation de l\u2019association Les Cousettes), \u00e0 la m\u00e9diath\u00e8que anim\u00e9s par Les R\u00e9coupettes (entreprise de l\u2019Economie sociale et solidaire) et \u00e0 la maison Folie de Moulins qui a mis \u00e0 disposition ses brodeuses num\u00e9riques.<\/p>\n<p>Ces mannequins d\u2019un jour enfileront une vingtaine de tenues\u00a0: robes trap\u00e8zes, pantalons patte d\u2019eph, tissus vichy ou fleuris, look hippie et couleurs vives\u2026 le choix a \u00e9t\u00e9 fait de n\u2019utiliser que des <strong>tissus recycl\u00e9s<\/strong>, ce qui n\u2019enl\u00e8ve rien au style\u00a0! Pour r\u00e9cup\u00e9rer la mati\u00e8re premi\u00e8re, des partenaires ont \u00e9t\u00e9 sollicit\u00e9s.<\/p>\n<p>Dans les cr\u00e9ations, on retrouvera des tissus de l\u2019exposition Rapha\u00ebl du Palais des Beaux-Arts, des chutes de costumes de l\u2019Op\u00e9ra, des morceaux d\u2019oriflammes install\u00e9s le long des boulevards ou encore de la r\u00e9cup de chez Les R\u00e9coupettes.<\/p>\n<p>\u00c0 cette occasion,\u00a0la m\u00e9diath\u00e8que Jean L\u00e9vy sortira son <strong>fonds \u00ab\u00a0mode\u00a0\u00bb des r\u00e9serves<\/strong>. <strong>Pr\u00e8s de 80 ouvrages<\/strong> &#8211; patrons de couture, catalogues de d\u00e9fil\u00e9s et autres beaux livres sur la mode &#8211; seront expos\u00e9s et pourront \u00eatre emprunt\u00e9s.<\/p>\n<p><strong>Par Sabine Duez<\/strong><\/p>\n<p>. D\u00e9fil\u00e9 de mode le 27 juin de 18h \u00e0 19h30 \u00e0 la m\u00e9diath\u00e8que Jean L\u00e9vy, 32-34 rue \u00c9douard Delesalle. Entr\u00e9e libre.\u00a0<\/p>\n","protected":false},"excerpt":{"rendered":"Un d\u00e9fil\u00e9 de mode interg\u00e9n\u00e9rationnel\u00a0! Un projet pas banal mis en place par la Ville o\u00f9 seniors et&hellip;\n","protected":false},"author":2,"featured_media":165399,"comment_status":"","ping_status":"","sticky":false,"template":"","format":"standard","meta":{"footnotes":""},"categories":[2815],"tags":[1111,11,4763,1777,674,1011,27,811,1307,5415,12,25],"class_list":{"0":"post-165398","1":"post","2":"type-post","3":"status-publish","4":"format-standard","5":"has-post-thumbnail","7":"category-lille","8":"tag-actu","9":"tag-actualites","10":"tag-agenda","11":"tag-eu","12":"tag-europe","13":"tag-fr","14":"tag-france","15":"tag-hauts-de-france","16":"tag-lille","17":"tag-mairie","18":"tag-news","19":"tag-republique-francaise"},"share_on_mastodon":{"url":"https:\/\/pubeurope.com\/@fr\/114658518247152655","error":""},"_links":{"self":[{"href":"https:\/\/www.europesays.com\/fr\/wp-json\/wp\/v2\/posts\/165398","targetHints":{"allow":["GET"]}}],"collection":[{"href":"https:\/\/www.europesays.com\/fr\/wp-json\/wp\/v2\/posts"}],"about":[{"href":"https:\/\/www.europesays.com\/fr\/wp-json\/wp\/v2\/types\/post"}],"author":[{"embeddable":true,"href":"https:\/\/www.europesays.com\/fr\/wp-json\/wp\/v2\/users\/2"}],"replies":[{"embeddable":true,"href":"https:\/\/www.europesays.com\/fr\/wp-json\/wp\/v2\/comments?post=165398"}],"version-history":[{"count":0,"href":"https:\/\/www.europesays.com\/fr\/wp-json\/wp\/v2\/posts\/165398\/revisions"}],"wp:featuredmedia":[{"embeddable":true,"href":"https:\/\/www.europesays.com\/fr\/wp-json\/wp\/v2\/media\/165399"}],"wp:attachment":[{"href":"https:\/\/www.europesays.com\/fr\/wp-json\/wp\/v2\/media?parent=165398"}],"wp:term":[{"taxonomy":"category","embeddable":true,"href":"https:\/\/www.europesays.com\/fr\/wp-json\/wp\/v2\/categories?post=165398"},{"taxonomy":"post_tag","embeddable":true,"href":"https:\/\/www.europesays.com\/fr\/wp-json\/wp\/v2\/tags?post=165398"}],"curies":[{"name":"wp","href":"https:\/\/api.w.org\/{rel}","templated":true}]}}