{"id":165405,"date":"2025-06-10T10:11:13","date_gmt":"2025-06-10T10:11:13","guid":{"rendered":"https:\/\/www.europesays.com\/fr\/165405\/"},"modified":"2025-06-10T10:11:13","modified_gmt":"2025-06-10T10:11:13","slug":"rhone-un-avion-easyjet-reliant-budapest-a-lyon-oblige-de-se-poser-apres-lapparition-de-fumee","status":"publish","type":"post","link":"https:\/\/www.europesays.com\/fr\/165405\/","title":{"rendered":"Rh\u00f4ne. Un avion EasyJet reliant Budapest \u00e0 Lyon oblig\u00e9 de se poser apr\u00e8s l\u2019apparition de fum\u00e9e"},"content":{"rendered":"<p>Finalement plus de peur que de mal pour les 143 passagers et six membres d\u2019\u00e9quipages du vol d\u2019EasyJet entre Budapest et Lyon Saint-Exup\u00e9ry. Alors qu\u2019il survolait l\u2019Autriche, l\u2019Airbus 319 a d\u00fb atterrir en urgence \u00e0 Graz, la seconde ville du pays, selon <a href=\"https:\/\/www.reuters.com\/business\/aerospace-defense\/smoke-cockpit-forces-budapest-lyon-flights-emergency-landing-austria-2025-06-09\/?taid=68476079d752a1000194c598&amp;utm_campaign=trueAnthem:+Trending+Content&amp;utm_medium=trueAnthem&amp;utm_source=twitter\" target=\"_blank\" rel=\"noopener\">Reuters<\/a>.<\/p>\n<p>  \u00ab\u00a0Les raisons de la fum\u00e9e sont inconnues \u00bb<\/p>\n<p>De la fum\u00e9e serait apparue dans le cockpit. Une fois l\u2019appareil au sol, les autorit\u00e9s autrichiennes ont pu confirmer que \u00ab\u00a0personne n\u2019avait \u00e9t\u00e9 bless\u00e9 dans l\u2019incident. Les raisons de la fum\u00e9e sont inconnues. \u00bb<\/p>\n<p>Le communiqu\u00e9 n\u2019indique pas \u00e0 quelle compagnie l\u2019avion appartient, mais le site EasyJet indique qu\u2019un de ses avions a \u00e9t\u00e9 d\u00e9tourn\u00e9 sur Graz, information confirm\u00e9e par le site Flightradar24.<\/p>\n","protected":false},"excerpt":{"rendered":"Finalement plus de peur que de mal pour les 143 passagers et six membres d\u2019\u00e9quipages du vol d\u2019EasyJet&hellip;\n","protected":false},"author":2,"featured_media":165406,"comment_status":"","ping_status":"","sticky":false,"template":"","format":"standard","meta":{"footnotes":""},"categories":[1889],"tags":[1111,11,2430,23533,3152,2757,1777,674,274,1011,27,1310,2428,2756,12,25,2429],"class_list":{"0":"post-165405","1":"post","2":"type-post","3":"status-publish","4":"format-standard","5":"has-post-thumbnail","7":"category-lyon","8":"tag-actu","9":"tag-actualites","10":"tag-auvergne-rhone-alpes","11":"tag-colombier-saugnieu","12":"tag-edition-est-lyonnais","13":"tag-edition-lyon-villeurbanne","14":"tag-eu","15":"tag-europe","16":"tag-faits-divers-justice","17":"tag-fr","18":"tag-france","19":"tag-incendie","20":"tag-lyon","21":"tag-lyon-bassin","22":"tag-news","23":"tag-republique-francaise","24":"tag-rhone"},"share_on_mastodon":{"url":"https:\/\/pubeurope.com\/@fr\/114658533979129964","error":""},"_links":{"self":[{"href":"https:\/\/www.europesays.com\/fr\/wp-json\/wp\/v2\/posts\/165405","targetHints":{"allow":["GET"]}}],"collection":[{"href":"https:\/\/www.europesays.com\/fr\/wp-json\/wp\/v2\/posts"}],"about":[{"href":"https:\/\/www.europesays.com\/fr\/wp-json\/wp\/v2\/types\/post"}],"author":[{"embeddable":true,"href":"https:\/\/www.europesays.com\/fr\/wp-json\/wp\/v2\/users\/2"}],"replies":[{"embeddable":true,"href":"https:\/\/www.europesays.com\/fr\/wp-json\/wp\/v2\/comments?post=165405"}],"version-history":[{"count":0,"href":"https:\/\/www.europesays.com\/fr\/wp-json\/wp\/v2\/posts\/165405\/revisions"}],"wp:featuredmedia":[{"embeddable":true,"href":"https:\/\/www.europesays.com\/fr\/wp-json\/wp\/v2\/media\/165406"}],"wp:attachment":[{"href":"https:\/\/www.europesays.com\/fr\/wp-json\/wp\/v2\/media?parent=165405"}],"wp:term":[{"taxonomy":"category","embeddable":true,"href":"https:\/\/www.europesays.com\/fr\/wp-json\/wp\/v2\/categories?post=165405"},{"taxonomy":"post_tag","embeddable":true,"href":"https:\/\/www.europesays.com\/fr\/wp-json\/wp\/v2\/tags?post=165405"}],"curies":[{"name":"wp","href":"https:\/\/api.w.org\/{rel}","templated":true}]}}