{"id":165407,"date":"2025-06-10T10:12:15","date_gmt":"2025-06-10T10:12:15","guid":{"rendered":"https:\/\/www.europesays.com\/fr\/165407\/"},"modified":"2025-06-10T10:12:15","modified_gmt":"2025-06-10T10:12:15","slug":"linterminable-teasing-de-la-candidature-de-jean-michel-aulas-a-lyon-liberation","status":"publish","type":"post","link":"https:\/\/www.europesays.com\/fr\/165407\/","title":{"rendered":"L\u2019interminable teasing de la candidature de Jean-Michel Aulas \u00e0 Lyon \u2013 Lib\u00e9ration"},"content":{"rendered":"<p class=\"sc-ksZaOG ehjQrN text-element\">Dans le foot, il est habituel de ne pas d\u00e9voiler ses intentions tactiques avant un match. En politique, c\u2019est un chou\u00efa diff\u00e9rent. Et Jean-Michel Aulas ne fait plus beaucoup durer le suspense quant \u00e0 une \u00e9ventuelle candidature aux municipales \u00e0 Lyon. L\u2019ancien pr\u00e9sident de l\u2019OL, qui a rencontr\u00e9 un peu tout le monde \u00e0 droite, de LR \u00e0 Gabriel Attal, ne cache plus son jeu. Contact\u00e9 par <a href=\"http:\/\/9r5g.mjt.lu\/lnk\/AVcAAG9oQbIAAc5hXAIAAAHl-J0AAAAdF00AAGlJAAxL9QBoR-znZWlvwQATRM-rkGRveYRm9wAMPbs\/1\/QAmyAuC_LmD6rpPGV_ZcCg\/aHR0cHM6Ly93d3cubGVxdWlwZS5mci9Gb290YmFsbC9BY3R1YWxpdGVzLy1pbC15LWEtcGx1cy1kZS1jaGFuY2VzLXF1ZS1qLXktYWlsbGUtamVhbi1taWNoZWwtYXVsYXMtdmEtcHJvYmFibGVtZW50LXNlLWxhbmNlci1kYW5zLWxhLWNvdXJzZS1hLWxhLW1haXJpZS1kZS1seW9uLzE1Njg5ODg\" target=\"_blank\" rel=\"noopener\">l\u2019Equipe<\/a> pour parler de sa relation avec Jean-No\u00ebl Le Gra\u00ebt qui, outre son ancien poste de boss de la F\u00e9d\u00e9ration fran\u00e7aise de foot, a \u00e9t\u00e9 maire de Guingamp pendant treize ans, Aulas a d\u2019abord confi\u00e9 : \u00abJe ne me lancerai que si j\u2019ai la certitude que \u00e7a ne viendra pas perturber un \u00e9quilibre personnel et familial qui est absolument merveilleux aujourd\u2019hui.\u00bb Et celui qui a re\u00e7u l\u2019inattendu <a href=\"https:\/\/www.liberation.fr\/politique\/linterminable-teasing-de-la-candidature-de-jean-michel-aulas-a-lyon-20250610_GZ6SLWGXRZGTBPXOHDCDTFNKWA\/&lt;\/p&gt;&lt;\/div&gt;&lt;\/article&gt;&lt;\/div&gt;&lt;div data-fusion-lazy-id=\" f0f8vgvlad832fw=\"\" target=\"_blank\" rel=\"noopener\"><\/p>\n","protected":false},"excerpt":{"rendered":"Dans le foot, il est habituel de ne pas d\u00e9voiler ses intentions tactiques avant un match. En politique,&hellip;\n","protected":false},"author":2,"featured_media":165408,"comment_status":"","ping_status":"","sticky":false,"template":"","format":"standard","meta":{"footnotes":""},"categories":[1889],"tags":[1111,11,2430,1777,674,1011,27,2428,5945,12,25],"class_list":{"0":"post-165407","1":"post","2":"type-post","3":"status-publish","4":"format-standard","5":"has-post-thumbnail","7":"category-lyon","8":"tag-actu","9":"tag-actualites","10":"tag-auvergne-rhone-alpes","11":"tag-eu","12":"tag-europe","13":"tag-fr","14":"tag-france","15":"tag-lyon","16":"tag-municipales-elections","17":"tag-news","18":"tag-republique-francaise"},"share_on_mastodon":{"url":"https:\/\/pubeurope.com\/@fr\/114658538185254960","error":""},"_links":{"self":[{"href":"https:\/\/www.europesays.com\/fr\/wp-json\/wp\/v2\/posts\/165407","targetHints":{"allow":["GET"]}}],"collection":[{"href":"https:\/\/www.europesays.com\/fr\/wp-json\/wp\/v2\/posts"}],"about":[{"href":"https:\/\/www.europesays.com\/fr\/wp-json\/wp\/v2\/types\/post"}],"author":[{"embeddable":true,"href":"https:\/\/www.europesays.com\/fr\/wp-json\/wp\/v2\/users\/2"}],"replies":[{"embeddable":true,"href":"https:\/\/www.europesays.com\/fr\/wp-json\/wp\/v2\/comments?post=165407"}],"version-history":[{"count":0,"href":"https:\/\/www.europesays.com\/fr\/wp-json\/wp\/v2\/posts\/165407\/revisions"}],"wp:featuredmedia":[{"embeddable":true,"href":"https:\/\/www.europesays.com\/fr\/wp-json\/wp\/v2\/media\/165408"}],"wp:attachment":[{"href":"https:\/\/www.europesays.com\/fr\/wp-json\/wp\/v2\/media?parent=165407"}],"wp:term":[{"taxonomy":"category","embeddable":true,"href":"https:\/\/www.europesays.com\/fr\/wp-json\/wp\/v2\/categories?post=165407"},{"taxonomy":"post_tag","embeddable":true,"href":"https:\/\/www.europesays.com\/fr\/wp-json\/wp\/v2\/tags?post=165407"}],"curies":[{"name":"wp","href":"https:\/\/api.w.org\/{rel}","templated":true}]}}