{"id":165411,"date":"2025-06-10T10:14:09","date_gmt":"2025-06-10T10:14:09","guid":{"rendered":"https:\/\/www.europesays.com\/fr\/165411\/"},"modified":"2025-06-10T10:14:09","modified_gmt":"2025-06-10T10:14:09","slug":"accidents-retour-de-la-pentecote-le-trafic-anormalement-dense-sur-les-routes-dile-de-france","status":"publish","type":"post","link":"https:\/\/www.europesays.com\/fr\/165411\/","title":{"rendered":"Accidents, retour de la Pentec\u00f4te&#8230; Le trafic anormalement dense sur les routes d&rsquo;\u00cele-de-France"},"content":{"rendered":"<p>            Par<br \/>\n        <strong><br \/>\n            <a href=\"https:\/\/actu.fr\/auteur\/redaction-paris\" title=\"Consulter tous les articles de R\u00e9daction Paris\" target=\"_blank\" rel=\"noopener\">R\u00e9daction Paris<\/a><br \/>\n        <\/strong><\/p>\n<p>        Publi\u00e9 le<\/p>\n<p>            10 juin 2025 \u00e0 11h58<br \/>\n        ; mis \u00e0 jour le 10 juin 2025 \u00e0 12h08    <\/p>\n<p>Matin\u00e9e difficile pour les automobilistes. Ce mardi 10\u00a0juin 2025, la circulation sur les<a href=\"https:\/\/actu.fr\/ile-de-france\/paris_75056\/partage-de-la-route-a-paris-culture-viriliste-impunite-anne-hidalgo-et-ses-adjoints-chargent-l-etat_61888237.html\" target=\"_blank\" rel=\"noopener\"> routes<\/a> d\u2019\u00cele-de-France se rapprochait de leurs piques et fr\u00f4lait les<strong> 500\u00a0km de bouchon.<\/strong> Au cours de la matin\u00e9e, la circulation est rest\u00e9e dense, ne retrouvant pas son niveau habituel et gardant un caract\u00e8re exceptionnel.<br \/>\u00c0 11 heures, aujourd\u2019hui, la situation \u00e9voluait fortement, entra\u00eenant une forte perturbation du r\u00e9seau. Sur les routes de la r\u00e9gion francilienne, on comptabilisait <strong>212\u00a0km<\/strong> de bouchon contre 150\u00a0km en p\u00e9riode normale.<\/p>\n<p>Plusieurs accidents sur les routes d\u2019\u00cele-de-France<\/p>\n<p class=\" wall-content\">Cette situation s\u2019explique par une succession<a href=\"https:\/\/actu.fr\/ile-de-france\/paris_75056\/carte-paris-ces-arrondissements-ou-les-accidents-de-la-route-sont-les-plus-meurtriers_61830226.html\" target=\"_blank\" rel=\"noopener\"> d\u2019accidents<\/a> qui ont rendu la circulation difficile. <strong>Sur l\u2019A86<\/strong> entre Le Pont-Colbert et Velizy un accrochage a impliqu\u00e9 une moto et une voiture. Un autre incident sur la m\u00eame autoroute, mais cette fois-ci entre Cr\u00e9teil-Pompadour et Fresnes accentuait le ralentissement du trafic. <strong>L\u2019A13<\/strong> entre Orgeval et Rocquencourt \u00e9tait, elle aussi, ralentie \u00e0 cause d\u2019un accident entre deux v\u00e9hicules l\u00e9gers. Le retour du long week-end de Pentec\u00f4te continue \u00e9galement de perturber le trafic. N\u00e9anmoins, la densit\u00e9 du trafic commence \u00e0 l\u00e9g\u00e8rement baisser pour se rapprocher de son niveau habituel.<\/p>\n<p class=\" wall-content\">Suivez toute l\u2019actualit\u00e9 de vos villes et m\u00e9dias favoris en vous inscrivant \u00e0 <a href=\"https:\/\/moncompte.actu.fr\" title=\"D\u00e9couvez Mon Actu\" rel=\"nofollow noopener\" data-trk=\"{&quot;cta&quot;:{&quot;action&quot;:&quot;https:\\\/\\\/moncompte.actu.fr&quot;,&quot;category&quot;:&quot;mon compte&quot;,&quot;from&quot;:&quot;article footer&quot;,&quot;name&quot;:&quot;Mon actu&quot;,&quot;type&quot;:&quot;cta&quot;}}\" target=\"_blank\">Mon Actu<\/a>.<\/p>\n","protected":false},"excerpt":{"rendered":"Par R\u00e9daction Paris Publi\u00e9 le 10 juin 2025 \u00e0 11h58 ; mis \u00e0 jour le 10 juin 2025&hellip;\n","protected":false},"author":2,"featured_media":165412,"comment_status":"","ping_status":"","sticky":false,"template":"","format":"standard","meta":{"footnotes":""},"categories":[1592],"tags":[1111,11,1777,674,1011,27,662,803,12,626,25,104],"class_list":{"0":"post-165411","1":"post","2":"type-post","3":"status-publish","4":"format-standard","5":"has-post-thumbnail","7":"category-ile-de-france","8":"tag-actu","9":"tag-actualites","10":"tag-eu","11":"tag-europe","12":"tag-fr","13":"tag-france","14":"tag-ile-de-france","15":"tag-info-trafic","16":"tag-news","17":"tag-paris","18":"tag-republique-francaise","19":"tag-societe"},"share_on_mastodon":{"url":"https:\/\/pubeurope.com\/@fr\/114658545760107233","error":""},"_links":{"self":[{"href":"https:\/\/www.europesays.com\/fr\/wp-json\/wp\/v2\/posts\/165411","targetHints":{"allow":["GET"]}}],"collection":[{"href":"https:\/\/www.europesays.com\/fr\/wp-json\/wp\/v2\/posts"}],"about":[{"href":"https:\/\/www.europesays.com\/fr\/wp-json\/wp\/v2\/types\/post"}],"author":[{"embeddable":true,"href":"https:\/\/www.europesays.com\/fr\/wp-json\/wp\/v2\/users\/2"}],"replies":[{"embeddable":true,"href":"https:\/\/www.europesays.com\/fr\/wp-json\/wp\/v2\/comments?post=165411"}],"version-history":[{"count":0,"href":"https:\/\/www.europesays.com\/fr\/wp-json\/wp\/v2\/posts\/165411\/revisions"}],"wp:featuredmedia":[{"embeddable":true,"href":"https:\/\/www.europesays.com\/fr\/wp-json\/wp\/v2\/media\/165412"}],"wp:attachment":[{"href":"https:\/\/www.europesays.com\/fr\/wp-json\/wp\/v2\/media?parent=165411"}],"wp:term":[{"taxonomy":"category","embeddable":true,"href":"https:\/\/www.europesays.com\/fr\/wp-json\/wp\/v2\/categories?post=165411"},{"taxonomy":"post_tag","embeddable":true,"href":"https:\/\/www.europesays.com\/fr\/wp-json\/wp\/v2\/tags?post=165411"}],"curies":[{"name":"wp","href":"https:\/\/api.w.org\/{rel}","templated":true}]}}