{"id":165413,"date":"2025-06-10T10:15:09","date_gmt":"2025-06-10T10:15:09","guid":{"rendered":"https:\/\/www.europesays.com\/fr\/165413\/"},"modified":"2025-06-10T10:15:09","modified_gmt":"2025-06-10T10:15:09","slug":"le-ciel-bleu-reste-voile-aujourdhui-et-ce-nest-pas-a-cause-de-la-meteo","status":"publish","type":"post","link":"https:\/\/www.europesays.com\/fr\/165413\/","title":{"rendered":"le ciel bleu reste voil\u00e9 aujourd&rsquo;hui, et ce n&rsquo;est pas \u00e0 cause de la m\u00e9t\u00e9o"},"content":{"rendered":"<p>            Par<br \/>\n        <strong><br \/>\n            <a href=\"https:\/\/actu.fr\/auteur\/dorinegoth\" title=\"Consulter tous les articles de Dorine Goth\" rel=\"nofollow noopener\" target=\"_blank\">Dorine Goth<\/a><br \/>\n        <\/strong><\/p>\n<p>        Publi\u00e9 le<\/p>\n<p>            10 juin 2025 \u00e0 11h33        <\/p>\n<p>Ce d\u00e9but de semaine aurait d\u00fb marquer <strong><a href=\"https:\/\/actu.fr\/meteo\/un-changement-spectaculaire-de-la-meteo-les-temperatures-vont-grimper-en-fleche-a-paris-et-en-ile-de-france_62745318.html\" rel=\"nofollow noopener\" target=\"_blank\">le retour du soleil<\/a><\/strong> \u00e0 Paris. Mais si on l\u00e8ve les yeux au ciel ce mardi 10\u00a0juin 2025, le ciel bleu fait une difficile apparition \u00e0 travers <strong>un ciel voil\u00e9<\/strong>. Il ne faut pas forc\u00e9ment y voir une d\u00e9gradation des conditions m\u00e9t\u00e9orologique. L\u2019explication vient d\u2019ailleurs. Et m\u00eame de <a href=\"https:\/\/actu.fr\/tag\/ocean-atlantique\" rel=\"nofollow noopener\" target=\"_blank\">l\u2019autre c\u00f4t\u00e9 de l\u2019Atlantique<\/a>. Ces nuages sont en fait le r\u00e9sultat des <strong>incendies<\/strong> qui ravagent actuellement <strong>l\u2019Ontario<\/strong> (centre) et <strong>Colombie-Britannique<\/strong> (Ouest) au Canada.<\/p>\n<p>200 incendies au Canada<\/p>\n<p class=\" wall-content\">Selon le m\u00e9t\u00e9orologue Guillaume S\u00e9chet, les fum\u00e9es des incendies arriv\u00e9es en fin de semaine derni\u00e8re balayent toujours le ciel fran\u00e7ais ce mardi. Au total, ce panache est form\u00e9 par les <strong>200 incendies canadiens<\/strong> qui touchent actuellement le nord de l\u2019Am\u00e9rique.<\/p>\n<p class=\" wall-content\">\n<p class=\" wall-content\">Pas d\u2019inqui\u00e9tudes \u00e0 avoir pour autant\u2009: ses fum\u00e9es n\u2019ont eu, pour l\u2019heure,<strong> aucun impact sur la qualit\u00e9 de l\u2019air.<\/strong> Lors de leur travers\u00e9e de l\u2019oc\u00e9an, une partie des gaz toxiques se dissipent et ces fum\u00e9es traversent la r\u00e9gion \u00e0 environ <strong>9\u2009000\u00a0m\u00e8tres d\u2019altitude<\/strong>. Selon <a href=\"https:\/\/actu.fr\/ile-de-france\/paris_75056\/on-respire-de-mieux-en-mieux-en-ile-de-france-en-vingt-ans-la-pollution-de-l-air-a-ete-divisee-par-deux_62485266.html\" rel=\"nofollow noopener\" target=\"_blank\">Airparif<\/a>, la qualit\u00e9 de l\u2019air reste en dessous des seuils d\u2019alerte ce mardi 10\u00a0juin.<\/p>\n<p class=\" wall-content\">Suivez toute l\u2019actualit\u00e9 de vos villes et m\u00e9dias favoris en vous inscrivant \u00e0 <a href=\"https:\/\/moncompte.actu.fr\" title=\"D\u00e9couvez Mon Actu\" rel=\"nofollow noopener\" data-trk=\"{&quot;cta&quot;:{&quot;action&quot;:&quot;https:\\\/\\\/moncompte.actu.fr&quot;,&quot;category&quot;:&quot;mon compte&quot;,&quot;from&quot;:&quot;article footer&quot;,&quot;name&quot;:&quot;Mon actu&quot;,&quot;type&quot;:&quot;cta&quot;}}\" target=\"_blank\">Mon Actu<\/a>.<\/p>\n","protected":false},"excerpt":{"rendered":"Par Dorine Goth Publi\u00e9 le 10 juin 2025 \u00e0 11h33 Ce d\u00e9but de semaine aurait d\u00fb marquer le&hellip;\n","protected":false},"author":2,"featured_media":165414,"comment_status":"","ping_status":"","sticky":false,"template":"","format":"standard","meta":{"footnotes":""},"categories":[1888],"tags":[1111,1928,11,1927,1777,674,1011,27,1310,1757,2357,12,1926,626,1925,25],"class_list":{"0":"post-165413","1":"post","2":"type-post","3":"status-publish","4":"format-standard","5":"has-post-thumbnail","7":"category-paris","8":"tag-actu","9":"tag-actu-paris","10":"tag-actualites","11":"tag-actualites-paris","12":"tag-eu","13":"tag-europe","14":"tag-fr","15":"tag-france","16":"tag-incendie","17":"tag-insolite","18":"tag-meteo-france","19":"tag-news","20":"tag-news-paris","21":"tag-paris","22":"tag-paris-news","23":"tag-republique-francaise"},"share_on_mastodon":{"url":"https:\/\/pubeurope.com\/@fr\/114658549647023993","error":""},"_links":{"self":[{"href":"https:\/\/www.europesays.com\/fr\/wp-json\/wp\/v2\/posts\/165413","targetHints":{"allow":["GET"]}}],"collection":[{"href":"https:\/\/www.europesays.com\/fr\/wp-json\/wp\/v2\/posts"}],"about":[{"href":"https:\/\/www.europesays.com\/fr\/wp-json\/wp\/v2\/types\/post"}],"author":[{"embeddable":true,"href":"https:\/\/www.europesays.com\/fr\/wp-json\/wp\/v2\/users\/2"}],"replies":[{"embeddable":true,"href":"https:\/\/www.europesays.com\/fr\/wp-json\/wp\/v2\/comments?post=165413"}],"version-history":[{"count":0,"href":"https:\/\/www.europesays.com\/fr\/wp-json\/wp\/v2\/posts\/165413\/revisions"}],"wp:featuredmedia":[{"embeddable":true,"href":"https:\/\/www.europesays.com\/fr\/wp-json\/wp\/v2\/media\/165414"}],"wp:attachment":[{"href":"https:\/\/www.europesays.com\/fr\/wp-json\/wp\/v2\/media?parent=165413"}],"wp:term":[{"taxonomy":"category","embeddable":true,"href":"https:\/\/www.europesays.com\/fr\/wp-json\/wp\/v2\/categories?post=165413"},{"taxonomy":"post_tag","embeddable":true,"href":"https:\/\/www.europesays.com\/fr\/wp-json\/wp\/v2\/tags?post=165413"}],"curies":[{"name":"wp","href":"https:\/\/api.w.org\/{rel}","templated":true}]}}