{"id":165419,"date":"2025-06-10T10:18:10","date_gmt":"2025-06-10T10:18:10","guid":{"rendered":"https:\/\/www.europesays.com\/fr\/165419\/"},"modified":"2025-06-10T10:18:10","modified_gmt":"2025-06-10T10:18:10","slug":"sublime-live-un-plateau-dartistes-en-concert-au-fnac-live-paris","status":"publish","type":"post","link":"https:\/\/www.europesays.com\/fr\/165419\/","title":{"rendered":"Sublime Live, un plateau d&rsquo;artistes en concert au Fnac Live Paris"},"content":{"rendered":"<p>Les artistes se produiront en concert au Fnac Live Paris le 4 juillet !<\/p>\n<p>                            <strong>SUBLIME LIVE<\/strong><\/p>\n<p>Label galactique \u00e0 l\u2019identit\u00e9 sonore sans limite, Sublime compte dans ses rangs quelques-uns des artistes les plus excitants et actifs du moment. Luther, Rounhaa, Whisper, Amne et LUSCAV notamment. Sublime Live est le prolongement sc\u00e9nique de cette aventure, une cr\u00e9ation sc\u00e9nographique pens\u00e9e pour interroger la notion de performance, le m\u00e9lange des genres musicaux et la connexion entre les artistes et le public. Bien plus qu\u2019un concert, une v\u00e9ritable exp\u00e9rience, une carte blanche qui d\u00e9butera fa\u00e7on warm-up avant de se lancer \u00e0 corps perdu dans l\u2019\u00e9nergie du cloud rap, des guitares rock, de l\u2019hyper pop et de la techno dark.<\/p>\n<p>        <img decoding=\"async\" src=\"https:\/\/www.europesays.com\/fr\/wp-content\/uploads\/2025\/04\/logo-rse.png\" alt=\"Logo RSE\" loading=\"lazy\" width=\"84\" height=\"116\"\/><\/p>\n<p>\n        La Fnac s\u2019engage activement dans les initiatives de responsabilit\u00e9 soci\u00e9tale des entreprises (RSE).\n    <\/p>\n<p>\n        Aidez-nous en choisissant la mobilit\u00e9 douce en privil\u00e9giant par exemple le v\u00e9lo (pistes cyclables et stationnements \u00e0 disposition), les transports en commun ou le covoiturage pour nous rejoindre. Ainsi, vous contribuez \u00e0 r\u00e9duire les \u00e9missions de gaz \u00e0 effet de serre et \u00e0 am\u00e9liorer notre qualit\u00e9 de l\u2019air. Pour plus d\u2019information, consultez la fiche du magasin.<br \/>Tous nos \u00e9v\u00e8nements sont en acc\u00e8s gratuit, dans la limite des places disponibles.\n    <\/p>\n","protected":false},"excerpt":{"rendered":"Les artistes se produiront en concert au Fnac Live Paris le 4 juillet ! SUBLIME LIVE Label galactique&hellip;\n","protected":false},"author":2,"featured_media":165420,"comment_status":"","ping_status":"","sticky":false,"template":"","format":"standard","meta":{"footnotes":""},"categories":[1888],"tags":[11,29885,1777,674,9391,29886,29887,24337,29888,1011,27,29889,12,626,25],"class_list":{"0":"post-165419","1":"post","2":"type-post","3":"status-publish","4":"format-standard","5":"has-post-thumbnail","7":"category-paris","8":"tag-actualites","9":"tag-concert-gratuit","10":"tag-eu","11":"tag-europe","12":"tag-evenement-fnac-gratuit","13":"tag-festival-gratuit","14":"tag-flp2025","15":"tag-fnac-live","16":"tag-fnac-live-paris-2025","17":"tag-fr","18":"tag-france","19":"tag-hotel-de-ville-de-paris","20":"tag-news","21":"tag-paris","22":"tag-republique-francaise"},"share_on_mastodon":{"url":"https:\/\/pubeurope.com\/@fr\/114658561471641081","error":""},"_links":{"self":[{"href":"https:\/\/www.europesays.com\/fr\/wp-json\/wp\/v2\/posts\/165419","targetHints":{"allow":["GET"]}}],"collection":[{"href":"https:\/\/www.europesays.com\/fr\/wp-json\/wp\/v2\/posts"}],"about":[{"href":"https:\/\/www.europesays.com\/fr\/wp-json\/wp\/v2\/types\/post"}],"author":[{"embeddable":true,"href":"https:\/\/www.europesays.com\/fr\/wp-json\/wp\/v2\/users\/2"}],"replies":[{"embeddable":true,"href":"https:\/\/www.europesays.com\/fr\/wp-json\/wp\/v2\/comments?post=165419"}],"version-history":[{"count":0,"href":"https:\/\/www.europesays.com\/fr\/wp-json\/wp\/v2\/posts\/165419\/revisions"}],"wp:featuredmedia":[{"embeddable":true,"href":"https:\/\/www.europesays.com\/fr\/wp-json\/wp\/v2\/media\/165420"}],"wp:attachment":[{"href":"https:\/\/www.europesays.com\/fr\/wp-json\/wp\/v2\/media?parent=165419"}],"wp:term":[{"taxonomy":"category","embeddable":true,"href":"https:\/\/www.europesays.com\/fr\/wp-json\/wp\/v2\/categories?post=165419"},{"taxonomy":"post_tag","embeddable":true,"href":"https:\/\/www.europesays.com\/fr\/wp-json\/wp\/v2\/tags?post=165419"}],"curies":[{"name":"wp","href":"https:\/\/api.w.org\/{rel}","templated":true}]}}