{"id":165428,"date":"2025-06-10T10:23:13","date_gmt":"2025-06-10T10:23:13","guid":{"rendered":"https:\/\/www.europesays.com\/fr\/165428\/"},"modified":"2025-06-10T10:23:13","modified_gmt":"2025-06-10T10:23:13","slug":"lallemagne-veut-relancer-les-ventes-de-voitures-electriques","status":"publish","type":"post","link":"https:\/\/www.europesays.com\/fr\/165428\/","title":{"rendered":"L&rsquo;Allemagne veut relancer les ventes de voitures \u00e9lectriques"},"content":{"rendered":"<p itemprop=\"description\">Alors que les ventes de voitures \u00e9lectriques sont en baisse en Allemagne, une solution semble avoir \u00e9t\u00e9 trouv\u00e9e par le gouvernement. <\/p>\n<p>EN BREF<\/p>\n<ul class=\"bloc_resume_post_list\">\n<li>\n<p>\t\t\t\t\t\t\t\tEn 2024, les ventes de voitures \u00e9lectriques \u00e9taient en baisse, notamment pour Volkswagen, avec des immatriculations en d\u00e9clin en France.\n\t\t\t\t\t\t<\/li>\n<li>\n<p>\t\t\t\t\t\t\t\tL&rsquo;Allemagne pr\u00e9voit de relancer les ventes de voitures \u00e9lectriques avec des mesures fiscales, incluant une r\u00e9duction d&rsquo;imp\u00f4t de 75 % pour les entreprises.\n\t\t\t\t\t\t<\/li>\n<li>\n<p>\t\t\t\t\t\t\t\tLes nouvelles mesures fiscales pourraient dynamiser le march\u00e9, mais les co\u00fbts pour les collectivit\u00e9s locales suscitent des inqui\u00e9tudes.\n\t\t\t\t\t\t<\/li>\n<\/ul>\n<p>Les ventes de<strong> voitures \u00e9lectriques<\/strong> sont encore tr\u00e8s fragiles en ce moment. Cependant, les choses se sont tout de\u00a0m\u00eame am\u00e9lior\u00e9es par rapport \u00e0 l\u2019ann\u00e9e pass\u00e9e. En 2024 en effet, la situation avait \u00e9t\u00e9 particuli\u00e8rement inqui\u00e9tante, et notamment pour certains constructeurs. On pense notamment \u00e0 Volkswagen, qui est en train de se remettre tout doucement sur les rails. Les r\u00e9sultats sont globalement assez in\u00e9gaux, que ce soit entre les marques mais aussi les pays. Par exemple, les immatriculations sont toujours en baisse en France. Mais certains de nos voisins europ\u00e9ens semblent avoir trouv\u00e9 une solution afin de relancer les ventes d\u2019<a href=\"https:\/\/www.autoplus.fr\/environnement\/voiture-electrique\/zero-emission-appellation-jugee-trompeuse-1312785.html\" rel=\"nofollow noopener\" target=\"_blank\">autos z\u00e9ro-\u00e9mission<\/a>. Et c\u2019est \u00e9videmment une bonne nouvelle\u00a0!<\/p>\n<p>    Les voitures \u00e9lectriques repartent \u00e0 la hausse <\/p>\n<p>C\u2019est par exemple le cas en <a href=\"https:\/\/www.autoplus.fr\/actualite\/attention-si-vous-vous-rendez-en-allemagne-des-amendes-elevees-sont-prevues-1383788.html\" rel=\"nofollow noopener\" target=\"_blank\">Allemagne<\/a>, o\u00f9 les livraisons de voitures \u00e9lectriques pourrait remonter au cours des prochains mois. Apr\u00e8s une ann\u00e9e 2024 tr\u00e8s difficile pour son industrie automobile, le pays change de strat\u00e9gie. Car on se rappelle qu<strong>e l\u2019arr\u00eat brutal des aides \u00e0 l\u2019achat<\/strong> avait fortement frein\u00e9 les ventes outre-Rhin. Et d\u00e9sormais, le gouvernement allemand veut inverser la tendance et remettre le pays sur le droit chemin. Pour cela, il mise sur un paquet de mesures fiscales, comme l\u2019explique <a href=\"https:\/\/www.automobile-propre.com\/articles\/allemagne-une-exoneration-dimpots-exceptionnelle-pour-electrifier-les-flottes-dentreprises\/\" target=\"_blank\" rel=\"nofollow noopener\">Automobile Propre<\/a>.<\/p>\n<p>L\u2019objectif est clair : relancer l\u2019investissement des entreprises dans la mobilit\u00e9 \u00e9lectrique. Le <strong>ministre des Finances, Lars Klingbeil<\/strong>, y voit d\u2019ailleurs un vrai \u00ab booster d\u2019investissement \u00bb. C\u2019est le premier grand projet de loi qu\u2019il porte depuis son arriv\u00e9e. Mais concr\u00e8tement, quelle forme va prendre ce dernier, qui vise \u00e0 encourager les entreprises \u00e0 passer \u00e0 l\u2019\u00e9lectrique\u00a0? En fait, le texte propose <strong>un nouvel avantage fiscal<\/strong> majeur. Les soci\u00e9t\u00e9s qui ach\u00e8teront des v\u00e9hicules \u00e9lectriques entre 2025 et 2027 auront droit \u00e0 une r\u00e9duction d\u2019imp\u00f4t de 75 %. C\u2019est un minimum, car celle-ci pourrait m\u00eame \u00eatre encore plus \u00e9lev\u00e9e. Ce qui devrait inciter les entreprises \u00e0 sauter le pas.<\/p>\n<p>    Tout miser sur les soci\u00e9t\u00e9s <\/p>\n<p>Le gouvernement veut avant tout cibler les entreprises avec cette mesure, afin de relancer les ventes de voitures \u00e9lectriques. Et pour cause, en Allemagne, les flottes repr\u00e9sentent une part importante du march\u00e9. De plus, l\u2019\u00c9tat compte aussi sur un effet positif pour <a href=\"https:\/\/www.autoplus.fr\/occasion\" rel=\"nofollow noopener\" target=\"_blank\">le march\u00e9 de l\u2019occasion<\/a>, qui reste encore limit\u00e9 pour les v\u00e9hicules z\u00e9ro-\u00e9mission (\u00e0 l\u2019\u00e9chappement). Autre changement : le prix maximal des mod\u00e8les \u00e9ligibles \u00e0 cet avantage fiscal <strong>passera de 70 000 \u00e0 100 000 euros<\/strong>. Ce seuil plus large permettrait d\u2019int\u00e9grer davantage de mod\u00e8les, notamment ceux fabriqu\u00e9s sur le territoire allemand.<\/p>\n<p>D\u00e9j\u00e0, la f\u00e9d\u00e9ration de l\u2019industrie automobile (VDA) a salu\u00e9 cette d\u00e9cision. Cette derni\u00e8re estime en effet que cela peut vraiment <strong>redynamiser le secteur<\/strong>. Mais tout le monde n\u2019est pas d\u2019accord. Certains L\u00e4nder et communes s\u2019inqui\u00e8tent d\u2019ores et d\u00e9j\u00e0 du co\u00fbt de cette nouvelle mesure. Selon les premi\u00e8res estimations, les pertes fiscales pourraient atteindre pr\u00e8s de 46 milliards d\u2019euros entre 2025 et 2029. Et les collectivit\u00e9s locales en assumeraient plus de la moiti\u00e9. C\u2019est d\u2019ailleurs ce que souligne<strong> Anke Rehlinger<\/strong>, pr\u00e9sidente du Bundesrat.<\/p>\n<p>Elle redoute en effet que ces pertes touchent directement les budgets des territoires. Pour elle, les investissements promis ne serviront \u00e0 rien si les communes n\u2019ont plus les moyens de fonctionner correctement.<\/p>\n","protected":false},"excerpt":{"rendered":"Alors que les ventes de voitures \u00e9lectriques sont en baisse en Allemagne, une solution semble avoir \u00e9t\u00e9 trouv\u00e9e&hellip;\n","protected":false},"author":2,"featured_media":165429,"comment_status":"","ping_status":"","sticky":false,"template":"","format":"standard","meta":{"footnotes":""},"categories":[1587],"tags":[11,672,1804,1805,1803,1777,674,1801,1638,12,1802],"class_list":{"0":"post-165428","1":"post","2":"type-post","3":"status-publish","4":"format-standard","5":"has-post-thumbnail","7":"category-allemagne","8":"tag-actualites","9":"tag-allemagne","10":"tag-bundesrepublik-deutschland","11":"tag-de","12":"tag-deutschland","13":"tag-eu","14":"tag-europe","15":"tag-germany","16":"tag-has_diapo","17":"tag-news","18":"tag-republique-federale-dallemagne"},"share_on_mastodon":{"url":"https:\/\/pubeurope.com\/@fr\/114658581146634545","error":""},"_links":{"self":[{"href":"https:\/\/www.europesays.com\/fr\/wp-json\/wp\/v2\/posts\/165428","targetHints":{"allow":["GET"]}}],"collection":[{"href":"https:\/\/www.europesays.com\/fr\/wp-json\/wp\/v2\/posts"}],"about":[{"href":"https:\/\/www.europesays.com\/fr\/wp-json\/wp\/v2\/types\/post"}],"author":[{"embeddable":true,"href":"https:\/\/www.europesays.com\/fr\/wp-json\/wp\/v2\/users\/2"}],"replies":[{"embeddable":true,"href":"https:\/\/www.europesays.com\/fr\/wp-json\/wp\/v2\/comments?post=165428"}],"version-history":[{"count":0,"href":"https:\/\/www.europesays.com\/fr\/wp-json\/wp\/v2\/posts\/165428\/revisions"}],"wp:featuredmedia":[{"embeddable":true,"href":"https:\/\/www.europesays.com\/fr\/wp-json\/wp\/v2\/media\/165429"}],"wp:attachment":[{"href":"https:\/\/www.europesays.com\/fr\/wp-json\/wp\/v2\/media?parent=165428"}],"wp:term":[{"taxonomy":"category","embeddable":true,"href":"https:\/\/www.europesays.com\/fr\/wp-json\/wp\/v2\/categories?post=165428"},{"taxonomy":"post_tag","embeddable":true,"href":"https:\/\/www.europesays.com\/fr\/wp-json\/wp\/v2\/tags?post=165428"}],"curies":[{"name":"wp","href":"https:\/\/api.w.org\/{rel}","templated":true}]}}