{"id":165447,"date":"2025-06-10T10:36:16","date_gmt":"2025-06-10T10:36:16","guid":{"rendered":"https:\/\/www.europesays.com\/fr\/165447\/"},"modified":"2025-06-10T10:36:16","modified_gmt":"2025-06-10T10:36:16","slug":"cyclisme-tour-de-suisse-parcours-et-profils-du-tour-de-suisse-2025-la-88e-edition","status":"publish","type":"post","link":"https:\/\/www.europesays.com\/fr\/165447\/","title":{"rendered":"Cyclisme. Tour de Suisse &#8211; Parcours et profils du Tour de Suisse 2025, la 88e \u00e9dition"},"content":{"rendered":"<p>L\u2019organisation du <strong>Tour de Suisse<\/strong> a d\u00e9voil\u00e9 le trac\u00e9 de l\u2019\u00e9dition 2025, qui se d\u00e9roulera du 15 au 22 juin avec au total 1300\u00a0kilom\u00e8tres et plus de 20\u00a0000\u00a0m\u00e8tres de d\u00e9nivel\u00e9 entre le d\u00e9part de K\u00fcssnacht et l\u2019arriv\u00e9e finale \u00e0 la Stockh\u00fctte. D\u00e8s les premi\u00e8res \u00e9tapes, les coureurs seront confront\u00e9s \u00e0 des ascensions exigeantes qui favoriseront les puncheurs, notamment \u00e0 K\u00fcssnacht, Schwarzsee et Heiden. Les grimpeurs s\u2019affronteront v\u00e9ritablement lors des quatri\u00e8me et cinqui\u00e8me \u00e9tapes, avec des cols mythiques comme le Spl\u00fcgen, le Julier et le San Bernardino. Particularit\u00e9 de cette \u00e9dition : une arriv\u00e9e en Italie, \u00e0 Piuro, avant un final en altitude \u00e0 Santa Maria lors de la 5e \u00e9tape, probablement l&rsquo;\u00e9tape reine sur le papier avec pr\u00e8s de 4000\u00a0m\u00e8tres de d\u00e9nivel\u00e9, deux cols alpins (Julier et San Bernardino) et une double ascension finale difficile. Le classement g\u00e9n\u00e9ral se jouera sans doute lors de l\u2019ultime \u00e9tape, un contre-la-montre en c\u00f4te de 10,1 km avec 830 m\u00e8tres de d\u00e9nivel\u00e9 !<\/p>\n<p>Vid\u00e9o &#8211; Adam Yates, vainqueur du Tour de Suisse 2024 Lire la suite de l&rsquo;article&#13;<\/p>\n<p>\u00a0<\/p>\n<p>&#13;<br \/>\nLe parcours&#13;<\/p>\n<p>Dimanche 15 juin &#8211; <strong>\u00c9tape 1<\/strong> : K\u00fcssnacht &#8211; K\u00fcssnacht \/ 129,4 km (1 939m D+)<\/p>\n<p>&#13;<\/p>\n<p><img decoding=\"async\" src=\"https:\/\/www.europesays.com\/fr\/wp-content\/uploads\/2025\/06\/tds1.jpg\" style=\"max-width:100%;max-height:100%;\" alt=\"image\" loading=\"lazy\"\/><\/p>\n<p>&#13;<\/p>\n<p>\u00a0<\/p>\n<p>&#13;<\/p>\n<p>Lundi 16 juin &#8211;<strong> \u00c9tape 2<\/strong> : Aarau &#8211; Schwarzsee \/ 177 km (2 704m D+)<\/p>\n<p>&#13;<\/p>\n<p><img decoding=\"async\" src=\"https:\/\/www.europesays.com\/fr\/wp-content\/uploads\/2025\/06\/tds2.jpg\" style=\"max-width:100%;max-height:100%;\" alt=\"image\" loading=\"lazy\"\/><\/p>\n<p>&#13;<\/p>\n<p>\u00a0<\/p>\n<p>&#13;<\/p>\n<p>Mardi 17 juin &#8211;<strong> \u00c9tape 3 <\/strong>: Aarau &#8211; Heiden \/ 195,6 km (2 928m D+)<\/p>\n<p>&#13;<\/p>\n<p><img decoding=\"async\" src=\"https:\/\/www.europesays.com\/fr\/wp-content\/uploads\/2025\/06\/tds3.jpg\" style=\"max-width:100%;max-height:100%;\" alt=\"image\" loading=\"lazy\"\/><\/p>\n<p>&#13;<\/p>\n<p>\u00a0<\/p>\n<p>&#13;<\/p>\n<p>Mercredi 18 juin &#8211; <strong>\u00c9tape 4<\/strong> : Heiden &#8211; Piuro \/ 193,2 km (3 067m D+)<\/p>\n<p>&#13;<\/p>\n<p><img decoding=\"async\" src=\"https:\/\/www.europesays.com\/fr\/wp-content\/uploads\/2025\/06\/tds4.jpg\" style=\"max-width:100%;max-height:100%;\" alt=\"image\" loading=\"lazy\"\/><\/p>\n<p>&#13;<\/p>\n<p>\u00a0<\/p>\n<p>&#13;<\/p>\n<p>Jeudi 19 juin &#8211; <strong>\u00c9tape 5<\/strong> : La Punt &#8211; Santa Maria in Calanca \/ 183,5 km (3 620m D+)<\/p>\n<p>&#13;<\/p>\n<p><img decoding=\"async\" src=\"https:\/\/www.europesays.com\/fr\/wp-content\/uploads\/2025\/06\/tds5.jpg\" style=\"max-width:100%;max-height:100%;\" alt=\"image\" loading=\"lazy\"\/><\/p>\n<p>&#13;<\/p>\n<p>\u00a0<\/p>\n<p>&#13;<\/p>\n<p>Vendredi 20 juin &#8211; <strong>\u00c9tape 6<\/strong> : Chur &#8211; Neuhausen am Rheinfall \/ 186,7 km (2 391m D+) <\/p>\n<p>&#13;<\/p>\n<p><img decoding=\"async\" src=\"https:\/\/www.europesays.com\/fr\/wp-content\/uploads\/2025\/06\/tds6.jpg\" style=\"max-width:100%;max-height:100%;\" alt=\"image\" loading=\"lazy\"\/><\/p>\n<p>&#13;<\/p>\n<p>\u00a0<\/p>\n<p>&#13;<\/p>\n<p>Samedi 21 juin &#8211;<strong> \u00c9tape 7<\/strong> : Neuhausen am Rheinfall &#8211; Emmetten \/ 207,3 km (3 190m D+) <\/p>\n<p>&#13;<\/p>\n<p><img decoding=\"async\" src=\"https:\/\/www.europesays.com\/fr\/wp-content\/uploads\/2025\/06\/tds7.jpg\" style=\"max-width:100%;max-height:100%;\" alt=\"image\" loading=\"lazy\"\/><\/p>\n<p>&#13;<\/p>\n<p>\u00a0<\/p>\n<p>&#13;<\/p>\n<p>Dimanche 22 juin &#8211; <strong>\u00c9tape 8 <\/strong>: Beckenried &#8211; Stockh\u00fctte \/ 10,1 km, contre-la-montre individuel (834m D+)<\/p>\n<p>&#13;<\/p>\n<p><img decoding=\"async\" src=\"https:\/\/www.europesays.com\/fr\/wp-content\/uploads\/2025\/06\/tds8.jpg\" style=\"max-width:100%;max-height:100%;\" alt=\"image\" loading=\"lazy\"\/><\/p>\n","protected":false},"excerpt":{"rendered":"L\u2019organisation du Tour de Suisse a d\u00e9voil\u00e9 le trac\u00e9 de l\u2019\u00e9dition 2025, qui se d\u00e9roulera du 15 au&hellip;\n","protected":false},"author":2,"featured_media":3431,"comment_status":"","ping_status":"","sticky":false,"template":"","format":"standard","meta":{"footnotes":""},"categories":[1411],"tags":[1154,207,211,1011,27,209,60,210,2454,212,208,213],"class_list":{"0":"post-165447","1":"post","2":"type-post","3":"status-publish","4":"format-standard","5":"has-post-thumbnail","7":"category-cyclisme","8":"tag-cycling","9":"tag-cyclisme","10":"tag-ffc","11":"tag-fr","12":"tag-france","13":"tag-route","14":"tag-sports","15":"tag-tour-de-france","16":"tag-tour-de-suisse","17":"tag-uci","18":"tag-velo","19":"tag-world-tour"},"share_on_mastodon":{"url":"https:\/\/pubeurope.com\/@fr\/114658632543809554","error":""},"_links":{"self":[{"href":"https:\/\/www.europesays.com\/fr\/wp-json\/wp\/v2\/posts\/165447","targetHints":{"allow":["GET"]}}],"collection":[{"href":"https:\/\/www.europesays.com\/fr\/wp-json\/wp\/v2\/posts"}],"about":[{"href":"https:\/\/www.europesays.com\/fr\/wp-json\/wp\/v2\/types\/post"}],"author":[{"embeddable":true,"href":"https:\/\/www.europesays.com\/fr\/wp-json\/wp\/v2\/users\/2"}],"replies":[{"embeddable":true,"href":"https:\/\/www.europesays.com\/fr\/wp-json\/wp\/v2\/comments?post=165447"}],"version-history":[{"count":0,"href":"https:\/\/www.europesays.com\/fr\/wp-json\/wp\/v2\/posts\/165447\/revisions"}],"wp:featuredmedia":[{"embeddable":true,"href":"https:\/\/www.europesays.com\/fr\/wp-json\/wp\/v2\/media\/3431"}],"wp:attachment":[{"href":"https:\/\/www.europesays.com\/fr\/wp-json\/wp\/v2\/media?parent=165447"}],"wp:term":[{"taxonomy":"category","embeddable":true,"href":"https:\/\/www.europesays.com\/fr\/wp-json\/wp\/v2\/categories?post=165447"},{"taxonomy":"post_tag","embeddable":true,"href":"https:\/\/www.europesays.com\/fr\/wp-json\/wp\/v2\/tags?post=165447"}],"curies":[{"name":"wp","href":"https:\/\/api.w.org\/{rel}","templated":true}]}}