{"id":165450,"date":"2025-06-10T10:38:13","date_gmt":"2025-06-10T10:38:13","guid":{"rendered":"https:\/\/www.europesays.com\/fr\/165450\/"},"modified":"2025-06-10T10:38:13","modified_gmt":"2025-06-10T10:38:13","slug":"je-devais-avoir-8-ou-10-ans-lorie-pester-evoque-sa-toute-premiere-operation-de-chirurgie-esthetique","status":"publish","type":"post","link":"https:\/\/www.europesays.com\/fr\/165450\/","title":{"rendered":"\u00ab\u00a0Je devais avoir 8 ou 10 ans\u2026\u00a0\u00bb : Lorie Pester, \u00e9voque sa toute premi\u00e8re op\u00e9ration de chirurgie esth\u00e9tique"},"content":{"rendered":"<p>C\u2019est une r\u00e9v\u00e9lation inattendue que Lorie Pester a faite lors de son passage dans le podcast Franchement, diffus\u00e9 sur la cha\u00eene Dr.Good! et anim\u00e9 par le m\u00e9decin bien connu Michel Cymes.<\/p>\n<p>Entour\u00e9e du chirurgien plasticien Alexandre Marchac et de l\u2019influenceuse Melanightt<a href=\"https:\/\/www.public.fr\/attention-lorie-pester-derriere-son-grand-retour-sur-scene-la-grosse-arnaque\" target=\"_blank\" rel=\"noopener\">,<strong> l\u2019ancienne ic\u00f4ne de la pop fran\u00e7aise<\/strong><\/a><strong> a abord\u00e9 un sujet souvent d\u00e9licat : la chirurgie esth\u00e9tique<\/strong>. Avec spontan\u00e9it\u00e9 et franchise, elle a surpris ses interlocuteurs\u2026 et les auditeurs.<\/p>\n<p><strong>\u00ab\u00a0Moi, j\u2019ai d\u00e9j\u00e0 fait quelque chose !\u00a0\u00bb<\/strong><\/p>\n<p>Alors que la conversation tournait autour de l\u2019acceptation de soi, des complexes physiques et de la place grandissante de la chirurgie esth\u00e9tique dans la soci\u00e9t\u00e9, Michel Cymes a interrog\u00e9 ses invit\u00e9s sur leurs exp\u00e9riences personnelles.<\/p>\n<p>Sans d\u00e9tour, Lorie a lanc\u00e9 avec une sinc\u00e9rit\u00e9 d\u00e9sarmante : \u00ab\u00a0Moi, j\u2019ai d\u00e9j\u00e0 fait quelque chose !\u00a0\u00bb, d\u00e9clenchant imm\u00e9diatement la curiosit\u00e9 autour de la table.<\/p>\n<p>Loin de l\u2019image de la c\u00e9l\u00e9brit\u00e9 inaccessible, l\u2019artiste s\u2019est livr\u00e9e en toute simplicit\u00e9, demandant aux autres invit\u00e9s <strong>de deviner l\u2019intervention qu\u2019elle avait subie<\/strong>. Le jeu de devinettes n\u2019a pas dur\u00e9 longtemps : c\u2019est le docteur Alexandre Marchac qui a vu juste.<\/p>\n<p><strong>Une op\u00e9ration r\u00e9alis\u00e9e dans l\u2019enfance<\/strong><\/p>\n<p>Le chirurgien a rapidement compris qu\u2019il s\u2019agissait d\u2019<strong>un recollement des oreilles, une intervention assez courante chez les enfants, notamment pour des raisons esth\u00e9tiques ou psychologiques<\/strong>. Lorie a confirm\u00e9 dans la foul\u00e9e : \u00ab\u00a0Je devais avoir 8 ou 10 ans.\u00a0\u00bb<\/p>\n<p>Elle a \u00e9voqu\u00e9 cette op\u00e9ration comme un souvenir marquant de son enfance, expliquant que ses oreilles d\u00e9coll\u00e9es \u00e9taient une source de g\u00eane et de moqueries. <\/p>\n<p>Une ancienne photo, diffus\u00e9e pendant l\u2019\u00e9pisode, est venue illustrer ses propos, montrant \u00e0 quel point ce d\u00e9tail physique faisait partie de son v\u00e9cu.<\/p>\n<p>Son avis honn\u00eate sur la chirurgie esth\u00e9tique <\/p>\n<p>Michel Cymes lui a ensuite demand\u00e9 si elle accepterait ou envisagerait de faire de la chirurgie esth\u00e9tique. Ce \u00e0 quoi<a href=\"https:\/\/www.public.fr\/quand-ma-fille-me-dit-depuis-son-ablation-de-l-uterus-lorie-pester-ne-peut-plus-realiser-le-reve-de-nina\" target=\"_blank\" rel=\"noopener\"> la m\u00e8re de famille <\/a>a r\u00e9pondu : \u00ab\u00a0Oui, oui, carr\u00e9ment\u00a0\u00bb. Et d&rsquo;ajouter : \u00ab\u00a0Je le vois, avec l\u2019\u00e2ge, le fait d\u2019\u00eatre maman, aussi, \u00e7a a vraiment chang\u00e9 mon corps\u2026 Je vois que la peau est plus flasque, il y a des rides qui arrivent\u2026\u00a0\u00bb.<\/p>\n<p>La chanteuse serait-elle pr\u00eate \u00e0 passer sur le billard pour entamer une transformation radicale ? \u00ab\u00a0Peut-\u00eatre pas forc\u00e9ment un lifting, peut-\u00eatre une ou deux piq\u00fbres ?\u00a0\u00bb, a-t-elle pr\u00e9cis\u00e9. <\/p>\n<p>      Mentionn\u00e9s dans cet article<\/p>\n<p>\u00c0 lire aussi<\/p>\n","protected":false},"excerpt":{"rendered":"C\u2019est une r\u00e9v\u00e9lation inattendue que Lorie Pester a faite lors de son passage dans le podcast Franchement, diffus\u00e9&hellip;\n","protected":false},"author":2,"featured_media":165451,"comment_status":"","ping_status":"","sticky":false,"template":"","format":"standard","meta":{"footnotes":""},"categories":[1359],"tags":[11608,58,59,1011,27,2173,5250,973],"class_list":{"0":"post-165450","1":"post","2":"type-post","3":"status-publish","4":"format-standard","5":"has-post-thumbnail","7":"category-people","8":"tag-chirurgie-esthetique","9":"tag-divertissement","10":"tag-entertainment","11":"tag-fr","12":"tag-france","13":"tag-interview","14":"tag-lorie","15":"tag-people"},"share_on_mastodon":{"url":"https:\/\/pubeurope.com\/@fr\/114658640071060143","error":""},"_links":{"self":[{"href":"https:\/\/www.europesays.com\/fr\/wp-json\/wp\/v2\/posts\/165450","targetHints":{"allow":["GET"]}}],"collection":[{"href":"https:\/\/www.europesays.com\/fr\/wp-json\/wp\/v2\/posts"}],"about":[{"href":"https:\/\/www.europesays.com\/fr\/wp-json\/wp\/v2\/types\/post"}],"author":[{"embeddable":true,"href":"https:\/\/www.europesays.com\/fr\/wp-json\/wp\/v2\/users\/2"}],"replies":[{"embeddable":true,"href":"https:\/\/www.europesays.com\/fr\/wp-json\/wp\/v2\/comments?post=165450"}],"version-history":[{"count":0,"href":"https:\/\/www.europesays.com\/fr\/wp-json\/wp\/v2\/posts\/165450\/revisions"}],"wp:featuredmedia":[{"embeddable":true,"href":"https:\/\/www.europesays.com\/fr\/wp-json\/wp\/v2\/media\/165451"}],"wp:attachment":[{"href":"https:\/\/www.europesays.com\/fr\/wp-json\/wp\/v2\/media?parent=165450"}],"wp:term":[{"taxonomy":"category","embeddable":true,"href":"https:\/\/www.europesays.com\/fr\/wp-json\/wp\/v2\/categories?post=165450"},{"taxonomy":"post_tag","embeddable":true,"href":"https:\/\/www.europesays.com\/fr\/wp-json\/wp\/v2\/tags?post=165450"}],"curies":[{"name":"wp","href":"https:\/\/api.w.org\/{rel}","templated":true}]}}