{"id":165452,"date":"2025-06-10T10:39:09","date_gmt":"2025-06-10T10:39:09","guid":{"rendered":"https:\/\/www.europesays.com\/fr\/165452\/"},"modified":"2025-06-10T10:39:09","modified_gmt":"2025-06-10T10:39:09","slug":"un-buste-de-donatello-retrouve-en-slovaquie-dechire-le-gouvernement-et-le-monde-culturel","status":"publish","type":"post","link":"https:\/\/www.europesays.com\/fr\/165452\/","title":{"rendered":"Un buste de Donatello retrouv\u00e9 en Slovaquie d\u00e9chire le gouvernement et le monde culturel"},"content":{"rendered":"<p>La sculpture, qui repr\u00e9sente une noble italienne du XVe si\u00e8cle, C\u00e9cile de Gonzague, a r\u00e9cemment \u00e9t\u00e9 retrouv\u00e9e dans les r\u00e9serves du mus\u00e9e Spis. Celle-ci devait \u00eatre pr\u00e9sent\u00e9e en avril avant que le gouvernement ne la transf\u00e8re dans un lieu tenu secret.<\/p>\n<p class=\"fig-paragraph\">Un buste de la noble italienne du XVe si\u00e8cle, C\u00e9cile de Gonzague, \u00e9tait tomb\u00e9 dans l&rsquo;oubli dans la tourmente de la Seconde Guerre mondiale. Avant d\u2019\u00eatre red\u00e9couvert dans les r\u00e9serves du mus\u00e9e Spis \u00e0 Levoca. Il s\u2019agirait d\u2019une \u0153uvre d\u2019art attribu\u00e9e<a href=\"https:\/\/video.lefigaro.fr\/figaro\/video\/visite-de-lexposition-le-corps-et-lame-de-donatello-a-michel-ange-sculptures-de-la-renaissance-italienne\/\" target=\"_blank\" data-fig-type=\"Video\" rel=\"noopener\" data-gtm-custom-categorie=\"navigation\" data-gtm-custom-action=\"crossclick\" data-gtm-custom-label=\"Contextuel\" data-gtm-event=\"customEventSPE\" data-fig-domain=\"VIDEO\">\u00a0\u00e0 Donatello<\/a>\u00a0et actuellement plac\u00e9e sous protection par le\u00a0<a href=\"http:\/\/www.lefigaro.fr\/international\/slovaquie-le-gouvernement-autorise-la-commercialisation-de-viande-d-ours-20250530\" target=\"_blank\" data-fig-type=\"NewsFlash\" rel=\"noopener\" data-gtm-custom-categorie=\"navigation\" data-gtm-custom-action=\"crossclick\" data-gtm-custom-label=\"Contextuel\" data-gtm-event=\"customEventSPE\" data-fig-domain=\"LEFIGARO\">gouvernement nationaliste<\/a>\u00a0slovaque, suscitant l&rsquo;inqui\u00e9tude du monde culturel. L\u2019\u0153uvre devait \u00eatre pr\u00e9sent\u00e9e \u00e0 la presse en avril par le mus\u00e9e mais le rendez-vous a \u00e9t\u00e9 annul\u00e9 au dernier moment. Et \u00e0 la surprise g\u00e9n\u00e9rale, le gouvernement l\u2019a transf\u00e9r\u00e9e dans un endroit d\u2019abord tenu secret.<\/p>\n<p class=\"fig-paragraph\">\u00ab\u00a0Elle n\u2019est pas la propri\u00e9t\u00e9 de l\u2019\u00c9tat\u00a0\u00bb et ne doit pas \u00ab\u00a0faire l\u2019objet de jeux politiques\u00a0\u00bb, explique le comte Moritz Csaky, un descendant de la famille qui d\u00e9tenait le buste jusqu\u2019en 1945, dans un communiqu\u00e9 diffus\u00e9 lundi 9 juin par un collectif d\u2019acteurs du secteur culturel. \u00ab\u00a0Ma famille ne revendique pas sa restitution\u00a0\u00bb mais \u00ab\u00a0j\u2019esp\u00e8re qu\u2019elle ne sera pas victime d\u2019une seconde spoliation et qu\u2019elle retrouvera une place digne et honorable au mus\u00e9e de Spis\u00a0\u00bb, a-t-il poursuivi.<\/p>\n<p class=\"fig-paragraph\">L&rsquo;historienne Marta Herucova se souvient de sa premi\u00e8re rencontre avec cette \u0153uvre en marbre, dormant dans les r\u00e9serves du mus\u00e9e Spis \u00e0 Levoca, dans l&rsquo;est du pays. \u00ab\u00a0Cela faisait des ann\u00e9es que je travaillais sur l&rsquo;ensemble de la collection, examinant pi\u00e8ce apr\u00e8s pi\u00e8ce, et ce fut au tour du buste\u00a0\u00bb, raconte-t-elle \u00e0 l&rsquo;AFP. Enregistr\u00e9 sous la lettre N (pour \u00ab\u00a0neznamy autor\u00a0\u00bb, signifiant auteur inconnu) dans la cat\u00e9gorie XIXe si\u00e8cle, il porte l&rsquo;inscription latine \u00ab\u00a0OPVS DONATELLI\u00a0\u00bb et repr\u00e9sente la noble italienne C\u00e9cile de Gonzague, contemporaine du ma\u00eetre de la Renaissance.<\/p>\n<p class=\"fig-paragraph\">Intrigu\u00e9e, Marta Herucova m\u00e8ne de plus amples recherches sur la sculpture et conclut que \u00ab\u00a0son style, son mat\u00e9riau et la personne repr\u00e9sent\u00e9e correspondent \u00e0 une \u0153uvre qui pourrait en th\u00e9orie avoir \u00e9t\u00e9 r\u00e9alis\u00e9e par Donatello\u00a0\u00bb (1386-1466). \u00ab\u00a0Il existe des liens av\u00e9r\u00e9s entre lui et la famille des Gonzague, ainsi qu&rsquo;entre les Gonzague et les derniers propri\u00e9taires du buste, les Csaky\u00a0\u00bb, \u00e9crit-elle dans un article diffus\u00e9 en 2021 dans la Revue de l&rsquo;Art. Aucune contestation n&rsquo;ayant \u00e9t\u00e9 \u00e9mise par ses pairs europ\u00e9ens, la d\u00e9couverte a \u00e9t\u00e9 rendue publique en f\u00e9vrier dans le pays d&rsquo;Europe centrale de 5,4 millions d&rsquo;habitants.<\/p>\n<p>Le buste expos\u00e9 au public \u00ab\u00a0une fois les conditions r\u00e9unies\u00a0\u00bb<\/p>\n<p class=\"fig-paragraph\">Il aura donc fallu 80 ans pour sortir ce buste de l&rsquo;anonymat dans lequel l&rsquo;a plong\u00e9 la fuite \u00e0 Vienne de la famille Csaky. En 1945, elle quitte tout, devant l&rsquo;avanc\u00e9e des troupes sovi\u00e9tiques et laisse le pr\u00e9cieux objet derri\u00e8re elle. La demeure est alors occup\u00e9e par les soldats et transform\u00e9e sous le communisme en orphelinat, avant de devenir un centre \u00e9ducatif o\u00f9 les jeunes filles s&rsquo;amusaient avec la sculpture, soulignant m\u00eame les paupi\u00e8res \u00e0 l&rsquo;encre bleue, raconte Peter Cizmar, le fils d&rsquo;un ancien employ\u00e9. Le comte Moritz Csaky avait 11 ans quand il s&rsquo;est r\u00e9fugi\u00e9 en Autriche. S&rsquo;il ne conna\u00eet pas son origine, il se souvient du fameux buste plac\u00e9 dans la loggia o\u00f9 se tenaient les d\u00eeners l&rsquo;\u00e9t\u00e9, flanqu\u00e9 de deux statues gothiques.<\/p>\n<p class=\"fig-paragraph\">La pi\u00e8ce est d\u00e9sormais \u00ab\u00a0en s\u00e9curit\u00e9, sous la garde de la police\u00a0\u00bb, assure le minist\u00e8re de la Culture, qui a \u00e9t\u00e9 vivement critiqu\u00e9 pour avoir transf\u00e9r\u00e9 le buste dans un lieu tenu secret. Le minist\u00e8re promet de l\u2019exposer au public \u00ab\u00a0une fois les conditions r\u00e9unies\u00a0\u00bb. Face aux critiques, il rejette \u00ab\u00a0toute accusation d&rsquo;action arbitraire ou ill\u00e9gale\u00a0\u00bb, estimant que des mesures plus strictes de protection auraient d\u00fb \u00eatre prises bien avant. Le nouveau lieu a finalement \u00e9t\u00e9 r\u00e9v\u00e9l\u00e9\u00a0: le buste se trouve dans un b\u00e2timent du minist\u00e8re de l&rsquo;Int\u00e9rieur \u00e0 Topolcianky, dans le centre du pays.<\/p>\n<p>Probablement la huiti\u00e8me \u0153uvre sign\u00e9e de Donatello<\/p>\n<p class=\"fig-paragraph\">Marta Herucova met en garde les autorit\u00e9s contre toute op\u00e9ration de restauration qui lui ferait perdre \u00ab\u00a0sa patine\u00a0\u00bb. \u00ab\u00a0Nous n&rsquo;avons ni l&rsquo;exp\u00e9rience ni la technique en Slovaquie\u00bb, insiste-t-elle. Si son authenticit\u00e9 est confirm\u00e9e, il s&rsquo;agirait de la huiti\u00e8me \u0153uvre sign\u00e9e de Donatello. Marta Herucova, elle-m\u00eame prudente, esp\u00e8re qu&rsquo;une collaboration avec des experts internationaux permettra de corroborer son attribution d\u00e9finitive \u00e0 Donatello. Pour l&rsquo;heure, les recherches ont \u00e9t\u00e9 stopp\u00e9es du fait de la valse des directeurs d&rsquo;institutions et du gel des fonds d\u00e9cid\u00e9s par la ministre de la Culture, Martina Simkovicova.<\/p>\n<p class=\"fig-paragraph\">Maria Novotna, ex-directrice du mus\u00e9e Spis, pr\u00e9sente quand la statue est arriv\u00e9e en 1975, passant alors inaper\u00e7ue, n&rsquo;aurait jamais pens\u00e9 qu&rsquo;un Donatello se trouve en Slovaquie. \u00ab\u00a0Ce n&rsquo;est pas tous les jours\u00a0\u00bb qu&rsquo;on d\u00e9couvre une \u0153uvre d&rsquo;une telle importance historique, s&rsquo;enthousiasme-t-elle.<\/p>\n","protected":false},"excerpt":{"rendered":"La sculpture, qui repr\u00e9sente une noble italienne du XVe si\u00e8cle, C\u00e9cile de Gonzague, a r\u00e9cemment \u00e9t\u00e9 retrouv\u00e9e dans&hellip;\n","protected":false},"author":2,"featured_media":165453,"comment_status":"","ping_status":"","sticky":false,"template":"","format":"standard","meta":{"footnotes":""},"categories":[1358],"tags":[47,1350,3734,1348,1384,1385,1345,650,251,1386,58,59,1349,1346,1011,27,1351,873,3370,10845,252,1347,1352],"class_list":{"0":"post-165452","1":"post","2":"type-post","3":"status-publish","4":"format-standard","5":"has-post-thumbnail","7":"category-arts-et-design","8":"tag-actualite","9":"tag-architecture","10":"tag-art","11":"tag-arts","12":"tag-arts-and-design","13":"tag-arts-et-design","14":"tag-cine","15":"tag-cinema","16":"tag-culture","17":"tag-design","18":"tag-divertissement","19":"tag-entertainment","20":"tag-expositions","21":"tag-films","22":"tag-fr","23":"tag-france","24":"tag-litterature","25":"tag-musique","26":"tag-renaissance","27":"tag-slovaquie","28":"tag-television","29":"tag-theatre","30":"tag-urbanisme"},"share_on_mastodon":{"url":"https:\/\/pubeurope.com\/@fr\/114658644103818119","error":""},"_links":{"self":[{"href":"https:\/\/www.europesays.com\/fr\/wp-json\/wp\/v2\/posts\/165452","targetHints":{"allow":["GET"]}}],"collection":[{"href":"https:\/\/www.europesays.com\/fr\/wp-json\/wp\/v2\/posts"}],"about":[{"href":"https:\/\/www.europesays.com\/fr\/wp-json\/wp\/v2\/types\/post"}],"author":[{"embeddable":true,"href":"https:\/\/www.europesays.com\/fr\/wp-json\/wp\/v2\/users\/2"}],"replies":[{"embeddable":true,"href":"https:\/\/www.europesays.com\/fr\/wp-json\/wp\/v2\/comments?post=165452"}],"version-history":[{"count":0,"href":"https:\/\/www.europesays.com\/fr\/wp-json\/wp\/v2\/posts\/165452\/revisions"}],"wp:featuredmedia":[{"embeddable":true,"href":"https:\/\/www.europesays.com\/fr\/wp-json\/wp\/v2\/media\/165453"}],"wp:attachment":[{"href":"https:\/\/www.europesays.com\/fr\/wp-json\/wp\/v2\/media?parent=165452"}],"wp:term":[{"taxonomy":"category","embeddable":true,"href":"https:\/\/www.europesays.com\/fr\/wp-json\/wp\/v2\/categories?post=165452"},{"taxonomy":"post_tag","embeddable":true,"href":"https:\/\/www.europesays.com\/fr\/wp-json\/wp\/v2\/tags?post=165452"}],"curies":[{"name":"wp","href":"https:\/\/api.w.org\/{rel}","templated":true}]}}