{"id":165456,"date":"2025-06-10T10:41:26","date_gmt":"2025-06-10T10:41:26","guid":{"rendered":"https:\/\/www.europesays.com\/fr\/165456\/"},"modified":"2025-06-10T10:41:26","modified_gmt":"2025-06-10T10:41:26","slug":"vous-allez-etre-marraines-clemence-et-malik-maries-au-premier-regard-annoncent-enfin-leur-surprise-aux-expertes-spoiler","status":"publish","type":"post","link":"https:\/\/www.europesays.com\/fr\/165456\/","title":{"rendered":"\u00ab\u00a0Vous allez \u00eatre marraines\u00a0\u00bb : Cl\u00e9mence et Malik (Mari\u00e9s au premier regard) annoncent enfin leur surprise aux expertes (SPOILER)"},"content":{"rendered":"<p>La semaine derni\u00e8re, les t\u00e9l\u00e9spectateurs de M6 et <strong><a href=\"https:\/\/vsd.fr\/tag\/maries-au-premier-regard\/\" target=\"_blank\" rel=\"noopener\">\u00ab\u00a0Mari\u00e9s au premier regard\u00a0\u00bb<\/a><\/strong>, ont laiss\u00e9 Marie et Laurent visiblement en dispute. Alors qu\u2019il devait passer plusieurs jours chez sa femme, les fans du programme ont d\u00e9couvert qu\u2019il se faisait renvoyer chez lui par sa moiti\u00e9. Mais que s\u2019est-il pass\u00e9 ?<\/p>\n<p>Ce nouvel \u00e9pisode va \u00e9galement permettre aux t\u00e9l\u00e9spectateurs de d\u00e9couvrir le bilan de David et Marina, <a href=\"https:\/\/www.public.fr\/maries-au-premier-regard-un-homme-ou-une-femme-decouvrez-a-qui-mallaury-va-dire-oui-spoiler\" target=\"_blank\" rel=\"noopener\">Mallaury et M\u00e9lanie<\/a>, ou encore <a href=\"https:\/\/www.public.fr\/un-deuxieme-enfant-clemence-et-malik-maries-au-premier-regard-surprennent-les-expertes-et-annoncent-une-petite-surprise-spoiler\" target=\"_blank\" rel=\"noopener\">Cl\u00e9mence et Malik<\/a>. Si <strong>le dernier couple va annoncer une belle nouvelle<\/strong>, les deux autres vont malheureusement faire le choix de se s\u00e9parer.<\/p>\n<p>Laurent et Marie vont divorcer<\/p>\n<p>Dans l\u2019\u00e9pisode de la semaine prochaine, d\u2019ores et d\u00e9j\u00e0 disponible sur M6+, Marie va r\u00e9v\u00e9ler la raison de sa dispute avec Laurent, et ce qui l\u2019a pouss\u00e9e \u00e0 le cong\u00e9dier de chez elle. \u00ab\u00a0D\u00e8s qu\u2019il est fatigu\u00e9 il est distant et \u00e7a, c\u2019est quelque chose qui me d\u00e9range\u00a0\u00bb, va-t-elle r\u00e9v\u00e9ler \u00e0 la journaliste de l\u2019\u00e9mission.\u00a0<\/p>\n<p>Agac\u00e9e par la situation, elle ne va plus vouloir se battre et donner l\u2019impression d\u2019avoir d\u2019ores et d\u00e9j\u00e0 enterr\u00e9 son histoire avec Laurent. Elle va donc appeler Estelle Dossin afin d\u2019\u00eatre conseill\u00e9e pour sauver son histoire. Laurent et Marie vont pouvoir faire le point sur leur mariage en compagnie de l\u2019experte.\u00a0<\/p>\n<p>En r\u00e9alit\u00e9, Marie Tapernoux et sa cons\u0153ur vont laisser les deux candidats de <strong>\u00ab\u00a0Mari\u00e9s au premier regard\u00a0\u00bb <\/strong>discuter entre eux dans une salle, sans leur pr\u00e9sence, afin d\u2019ouvrir leur coeur et faire le point sur leur relation via un questionnaire qu\u2019elles vont leur faire parvenir.<\/p>\n<p>Au cours de cette s\u00e9ance, les deux candidats du programme de M6 vont pouvoir faire preuve de franchise et \u00e9voquer tous les probl\u00e8mes qu\u2019ils rencontrent dans leur couple. \u00ab\u00a0T\u2019es quelqu\u2019un de bien mais \u00e7a ne sera pas \u2018toi et moi\u2019\u00a0\u00bb, va avouer Laurent \u00e0 sa d\u00e9sormais ex-moiti\u00e9. \u00ab\u00a0C\u2019est quand m\u00eame d\u00e9cevant que \u00e7a se termine par \u00e9chec\u00a0\u00bb, va regretter, de son c\u00f4t\u00e9, la jeune femme.\u00a0<\/p>\n<p><img loading=\"lazy\" decoding=\"async\" width=\"1024\" height=\"556\" src=\"https:\/\/www.europesays.com\/fr\/wp-content\/uploads\/2025\/06\/Laurent-marie-point-1024x556.png\" alt=\"&quot;Vous allez \u00eatre marraines&quot; : Cl\u00e9mence et Malik (Mari\u00e9s au premier regard) annoncent enfin leur surprise aux expertes (SPOILER)\"  \/><\/p>\n<p>Cl\u00e9mence et Malik d\u00e9voilent enfin leur surprise dans le final de \u00ab\u00a0Mari\u00e9s au premier regard<\/p>\n<p>Malik et Cl\u00e9mence avaient \u00e9galement laiss\u00e9 les t\u00e9l\u00e9spectateurs de <strong>\u00ab\u00a0Mari\u00e9s au premier regard\u00a0\u00bb<\/strong> en plein questionnement. Surtout lorsque le couple annon\u00e7ait aux expertes avoir <strong>une grande annonce \u00e0 leur faire.<\/strong> Face \u00e0 Marie Tapernoux et Estelle Dossin, les amoureux vont se rem\u00e9morer les bons moments pass\u00e9s ensemble depuis leur mariage.<\/p>\n<p>Sans surprise, les amoureux vont souhaiter rester mari\u00e9s sans h\u00e9sitation. Mais en plus de cette bonne entente et cet amour grandissant, les fans vont apprendre la semaine prochaine que Cl\u00e9mence et Malik vont <strong>repartir en voyage de noces \u00e0 l\u2019\u00cele Maurice, \u00ab\u00a0en amoureux\u00a0\u00bb.<\/strong>\u00a0<\/p>\n<p><strong>\u00ab\u00a0Vous allez \u00eatre marraines\u00a0\u00bb<\/strong>, va d&rsquo;abord lancer le jeune homme, juste avant l&rsquo;annonce de leur voyage de noces \u00e0 venir, avant de tout de suite mettre fin \u00e0 sa blague : \u00ab\u00a0non ce n\u2019est pas vrai\u00a0\u00bb. Il va malheureusement falloir faire preuve de patience pour l\u2019annonce d\u2019un \u00e9ventuel b\u00e9b\u00e9\u2026<\/p>\n<p><img loading=\"lazy\" decoding=\"async\" width=\"1024\" height=\"566\" src=\"https:\/\/www.europesays.com\/fr\/wp-content\/uploads\/2025\/06\/Mapr-1024x566.png\" alt=\"&quot;Vous allez \u00eatre marraines&quot; : Cl\u00e9mence et Malik (Mari\u00e9s au premier regard) annoncent enfin leur surprise aux expertes (SPOILER)\"  \/><\/p>\n<p>M\u00e9lanie et Mallaury, un nouvel \u00e9chec dans \u00ab\u00a0Mari\u00e9s au premier regard\u00a0\u00bb<\/p>\n<p>Entr\u00e9 M\u00e9lanie et Mallaury, la relation se trouve au point mort. En effet, la seconde attend un rapprochement physique qui n\u2019arrive pas. Dans le prochain \u00e9pisode de<strong> \u00ab\u00a0Mari\u00e9s au premier regard\u00a0\u00bb<\/strong>, la relation va avoir du mal \u00e0 \u00e9voluer. \u00ab\u00a0On ne s\u2019est pas mari\u00e9e pour devenir amies\u00a0\u00bb, va pr\u00e9venir Mallaury.\u00a0<\/p>\n<p>\u00c0 leur retour de voyage de noces, la relation ne va pas vraiment \u00e9voluer. Alors que M\u00e9lanie pr\u00e9texte que les cam\u00e9ras l\u2019emp\u00eachent de se lib\u00e9rer, Mallaury va r\u00e9v\u00e9ler que leur relation ne change pas, m\u00eame lorsque les cam\u00e9ras sont \u00e9teintes. De fait, la candidate de <strong>\u00ab\u00a0Mari\u00e9s au premier regard\u00a0\u00bb <\/strong>va se poser de nombreuses questions sur l\u2019issue de leur histoire.\u00a0<\/p>\n<p><img loading=\"lazy\" decoding=\"async\" width=\"1024\" height=\"562\" src=\"https:\/\/www.europesays.com\/fr\/wp-content\/uploads\/2025\/06\/Mallaury-melanie-1-1024x562.png\" alt=\"&quot;Vous allez \u00eatre marraines&quot; : Cl\u00e9mence et Malik (Mari\u00e9s au premier regard) annoncent enfin leur surprise aux expertes (SPOILER)\"  \/><\/p>\n<p>Comme pour Laurent et Marie, les deux femmes vont retrouver Estelle Dossin afin de se faire conseiller. Face \u00e0 l\u2019experte, Mallaury va faire part de ses interrogations et m\u00eame faire une triste r\u00e9v\u00e9lation : \u00ab\u00a0J\u2019ai pris l\u2019initiative de l\u2019appeler pour lui demander \u2018on fait quoi\u2019 ? C\u2019est \u00e0 ce moment-l\u00e0 qu\u2019elle m\u2019a dit qu\u2019elle ne se sentait pas de r\u00e9pondre \u00e0 mes avances et qu\u2019elle pr\u00e9f\u00e9rait s\u2019arr\u00eater l\u00e0\u00a0\u00bb.<\/p>\n<p>M\u00e9lanie, de son c\u00f4t\u00e9, va confirmer les dires de son ex-compagne et r\u00e9v\u00e9ler qu\u2019elle ne souhaite pas redonner une chance \u00e0 leur histoire. Leur mariage a donc vol\u00e9 en \u00e9clats, en seulement quelques semaines.\u00a0<\/p>\n<p><img loading=\"lazy\" decoding=\"async\" width=\"1024\" height=\"560\" src=\"https:\/\/www.europesays.com\/fr\/wp-content\/uploads\/2025\/06\/rupture-1024x560.png\" alt=\"&quot;Vous allez \u00eatre marraines&quot; : Cl\u00e9mence et Malik (Mari\u00e9s au premier regard) annoncent enfin leur surprise aux expertes (SPOILER)\"  \/><\/p>\n<p>Malgr\u00e9 les efforts de la m\u00e8re de Marina, David et sa femme mettent fin \u00e0 leur histoire<\/p>\n<p>Marina et David, eux, se \u00ab\u00a0redonnent une chance\u00a0\u00bb. Apr\u00e8s un voyage de noces chaotique, la maman de Marina a convoqu\u00e9 sa fille et son ex-gendre pour leur proposer de se revoir et prendre leur temps. De fait, les ex-mari\u00e9s ont pass\u00e9 une journ\u00e9e ensemble qui leur a permis de se rapprocher et recoller les morceaux.<\/p>\n<p>Mais aujourd\u2019hui, o\u00f9 en est leur relation ? Dans le prochain \u00e9pisode de<strong> \u00ab\u00a0Mari\u00e9s au premier regard\u00a0\u00bb<\/strong>, Marina et David vont faire le bilan de leur histoire face aux expertes afin de r\u00e9v\u00e9ler ce qu\u2019ils ont d\u00e9cid\u00e9 pour leur \u00ab\u00a0couple\u00a0\u00bb.\u00a0<\/p>\n<p>Dans un premier temps, Marie Tapernoux et Estelle Dossin vont lister les probl\u00e8mes rencontr\u00e9s dans l\u2019histoire des deux candidats de <strong>\u00ab\u00a0Mari\u00e9s au premier regard\u00a0\u00bb<\/strong>, notamment les attentes physiques de Marina qui n\u2019ont pas \u00e9t\u00e9 respect\u00e9es.<\/p>\n<p>Malgr\u00e9 leurs \u00ab\u00a0retrouvailles\u00a0\u00bb motiv\u00e9es par la m\u00e8re de Marina, cette derni\u00e8re va pr\u00e9f\u00e9rer ne pas reprendre son alliance et donc d\u00e9cider de divorcer.\u00a0<\/p>\n<p><img loading=\"lazy\" decoding=\"async\" width=\"1024\" height=\"561\" src=\"https:\/\/www.europesays.com\/fr\/wp-content\/uploads\/2025\/06\/Marina-david-1024x561.png\" alt=\"&quot;Vous allez \u00eatre marraines&quot; : Cl\u00e9mence et Malik (Mari\u00e9s au premier regard) annoncent enfin leur surprise aux expertes (SPOILER)\"  \/><\/p>\n<p>Anthony et Laury, les meilleurs amis du monde, comme Jennifer et Sophie<\/p>\n<p>Laury et Anthony ont d\u00e9finitivement mis fin \u00e0 leur histoire. N\u00e9anmoins, cette exp\u00e9rience a permis \u00e0 la jeune femme de se rapprocher de son p\u00e8re dont elle s\u2019est \u00e9loign\u00e9e au fil des ann\u00e9es \u00e0 cause du divorce compliqu\u00e9 de ses parents. <\/p>\n<p>La jeune femme va d\u2019ailleurs appeler son papa dans le prochain \u00e9pisode et lui pr\u00e9senter ses excuses pour son comportement lors de l\u2019essayage de sa robe. De plus, elle va r\u00e9v\u00e9ler avoir pass\u00e9 de nombreux moments avec son papa depuis la fin de l\u2019exp\u00e9rience <strong>\u00ab\u00a0Mari\u00e9s au premier regard\u00a0\u00bb.<\/strong><\/p>\n<p><img loading=\"lazy\" decoding=\"async\" width=\"1024\" height=\"558\" src=\"https:\/\/www.europesays.com\/fr\/wp-content\/uploads\/2025\/06\/Laury-anthony-1024x558.png\" alt=\"&quot;Vous allez \u00eatre marraines&quot; : Cl\u00e9mence et Malik (Mari\u00e9s au premier regard) annoncent enfin leur surprise aux expertes (SPOILER)\"  \/><\/p>\n<p>En ce qui concerne sa relation actuelle avec Anthony, celle-ci a pris un tournant inattendu. Depuis la fin de l\u2019exp\u00e9rience, les deux sont devenus de grands amis et partagent de nombreux moments ensemble \u00e0 pr\u00e9sent.\u00a0<\/p>\n<p>Idem pour Jennifer et Sophie. Non, les deux femmes, d\u00e9\u00e7ues par leur mariage avort\u00e9 avec Keyn et Guillaume. N\u00e9anmoins, les deux ont nou\u00e9 une belle relation depuis la fin du tournage. En effet, elles sont devenues meilleures amies et partagent de nombreux moments ensemble depuis.\u00a0<\/p>\n<p><img loading=\"lazy\" decoding=\"async\" width=\"1024\" height=\"562\" src=\"https:\/\/www.europesays.com\/fr\/wp-content\/uploads\/2025\/06\/Sophie-jennifer-1024x562.png\" alt=\"&quot;Vous allez \u00eatre marraines&quot; : Cl\u00e9mence et Malik (Mari\u00e9s au premier regard) annoncent enfin leur surprise aux expertes (SPOILER)\"  \/><\/p>\n<p>      Mentionn\u00e9s dans cet article<\/p>\n<p>\u00c0 lire aussi<\/p>\n","protected":false},"excerpt":{"rendered":"La semaine derni\u00e8re, les t\u00e9l\u00e9spectateurs de M6 et \u00ab\u00a0Mari\u00e9s au premier regard\u00a0\u00bb, ont laiss\u00e9 Marie et Laurent visiblement&hellip;\n","protected":false},"author":2,"featured_media":165457,"comment_status":"","ping_status":"","sticky":false,"template":"","format":"standard","meta":{"footnotes":""},"categories":[1356],"tags":[58,7681,59,1011,27,494,1930,6218,252,1364],"class_list":{"0":"post-165456","1":"post","2":"type-post","3":"status-publish","4":"format-standard","5":"has-post-thumbnail","7":"category-television","8":"tag-divertissement","9":"tag-divorce","10":"tag-entertainment","11":"tag-fr","12":"tag-france","13":"tag-m6","14":"tag-mariage","15":"tag-maries-au-premier-regard","16":"tag-television","17":"tag-tv"},"share_on_mastodon":{"url":"https:\/\/pubeurope.com\/@fr\/114658652442829669","error":""},"_links":{"self":[{"href":"https:\/\/www.europesays.com\/fr\/wp-json\/wp\/v2\/posts\/165456","targetHints":{"allow":["GET"]}}],"collection":[{"href":"https:\/\/www.europesays.com\/fr\/wp-json\/wp\/v2\/posts"}],"about":[{"href":"https:\/\/www.europesays.com\/fr\/wp-json\/wp\/v2\/types\/post"}],"author":[{"embeddable":true,"href":"https:\/\/www.europesays.com\/fr\/wp-json\/wp\/v2\/users\/2"}],"replies":[{"embeddable":true,"href":"https:\/\/www.europesays.com\/fr\/wp-json\/wp\/v2\/comments?post=165456"}],"version-history":[{"count":0,"href":"https:\/\/www.europesays.com\/fr\/wp-json\/wp\/v2\/posts\/165456\/revisions"}],"wp:featuredmedia":[{"embeddable":true,"href":"https:\/\/www.europesays.com\/fr\/wp-json\/wp\/v2\/media\/165457"}],"wp:attachment":[{"href":"https:\/\/www.europesays.com\/fr\/wp-json\/wp\/v2\/media?parent=165456"}],"wp:term":[{"taxonomy":"category","embeddable":true,"href":"https:\/\/www.europesays.com\/fr\/wp-json\/wp\/v2\/categories?post=165456"},{"taxonomy":"post_tag","embeddable":true,"href":"https:\/\/www.europesays.com\/fr\/wp-json\/wp\/v2\/tags?post=165456"}],"curies":[{"name":"wp","href":"https:\/\/api.w.org\/{rel}","templated":true}]}}