{"id":165464,"date":"2025-06-10T10:45:09","date_gmt":"2025-06-10T10:45:09","guid":{"rendered":"https:\/\/www.europesays.com\/fr\/165464\/"},"modified":"2025-06-10T10:45:09","modified_gmt":"2025-06-10T10:45:09","slug":"zabarnyi-couterait-tres-cher-au-psg-le-bayern-veut-barcola-les-7-infos-mercato-de-ce-mardi","status":"publish","type":"post","link":"https:\/\/www.europesays.com\/fr\/165464\/","title":{"rendered":"Zabarnyi co\u00fbterait tr\u00e8s cher au PSG, le Bayern veut Barcola&#8230; Les 7 infos mercato de ce mardi"},"content":{"rendered":"<p>Le Bayern \u00e0 fond sur Barcola, Truffert sur le d\u00e9part de Rennes ou un attaquant fran\u00e7ais vers l\u2019Inter Milan\u00a0: retrouvez toutes les infos du mercato football de ce mardi 10 juin 2025.<\/p>\n<p>Bournemouth inflexible avec Paris pour Zabarnyi<\/p>\n<p class=\"fig-paragraph\">On le sait d\u00e9j\u00e0, le Paris Saint-Germain convoite Ilya Zabarnyi, d\u00e9fenseur central de Bournemouth. Mais la bonne saison en Premier League de l\u2019international ukrainien (48 s\u00e9lections) permet de faire grimper les ench\u00e8res. Selon\u00a0<a href=\"https:\/\/rmcsport.bfmtv.com\/football\/transferts\/mercato-le-psg-negocie-toujours-avec-bournemouth-pour-zabarnyi-mais-la-coupe-du-monde-des-clubs-s-eloigne_AV-202506090711.html\" target=\"_blank\" rel=\"nofollow noopener\" data-gtm-custom-categorie=\"navigation\" data-gtm-custom-action=\"crossclick\" data-gtm-custom-label=\"Contextuel\" data-gtm-event=\"customEventSPE\">RMC Sport<\/a>, le club anglais a refus\u00e9 la premi\u00e8re offre parisienne, inf\u00e9rieure \u00e0 50\u00a0M\u20ac, et en demande 75. Le joueur de 22 ans aurait d\u00e9j\u00e0 dit oui au PSG.<\/p>\n<p>Barcola (PSG) priorit\u00e9 du Bayern\u00a0?<\/p>\n<p class=\"fig-paragraph\">En fin de contrat au Bayern Munich, Leroy San\u00e9 devrait partir. Et Kingsley Coman, dont le temps de jeu est en chute libre, pourrait suivre. Le club champion d\u2019Allemagne veut donc recruter un ailier cet \u00e9t\u00e9.\u00a0<a href=\"https:\/\/sport.sky.de\/transfer\/news\/34132\/13381258\/barcola-williams-sind-eberls-aktuelle-favoriten\" target=\"_blank\" rel=\"nofollow noopener\" data-gtm-custom-categorie=\"navigation\" data-gtm-custom-action=\"crossclick\" data-gtm-custom-label=\"Contextuel\" data-gtm-event=\"customEventSPE\">Sky Sport Germany<\/a> \u00a0rapporte que Bradley Barcola est le choix N.1 des Bavarois. Mais le transfert du joueur parisien serait \u00abdifficile \u00e0 r\u00e9aliser\u00bb.<\/p>\n<p class=\"fig-paragraph\">Barcola, 22 ans, est un titulaire r\u00e9gulier au PSG malgr\u00e9 la concurrence \u00e0 son poste (Dou\u00e9, Demb\u00e9l\u00e9, Kvaratskhelia&#8230;). L\u2019international fran\u00e7ais avait \u00e9t\u00e9 recrut\u00e9 pour 45 M\u20ac \u00e0 Lyon en 2023. L\u2019alternative du Bayern serait Nico Williams, ailier espagnol de l\u2019Athletic Bilbao, \u00e9galement courtis\u00e9 par le FC Barcelone.<\/p>\n<p class=\"fig-paragraph\"><strong>\u00c0 VOIR AUSSI \u2013 <\/strong>Le joli but en solo de Barcola lors de Strasbourg-PSG le 3 mai dernier (d\u00e9faite 2-1)<\/p>\n<p>Truffert va bien quitter Rennes<\/p>\n<p class=\"fig-paragraph\">\u00c0 en croire\u00a0<a href=\"https:\/\/www.leparisien.fr\/sports\/football\/ligue-1\/mercato-accord-rennes-bournemouth-pour-le-transfert-de-linternational-francais-adrien-truffert-09-06-2025-RLZKT3NFIBC37IMWT473OPS7GQ.php\" target=\"_blank\" rel=\"nofollow noopener\" data-gtm-custom-categorie=\"navigation\" data-gtm-custom-action=\"crossclick\" data-gtm-custom-label=\"Contextuel\" data-gtm-event=\"customEventSPE\">Le Parisien<\/a> \u00a0et confirm\u00e9 par\u00a0<a href=\"https:\/\/www.lequipe.fr\/Football\/Actualites\/Mercato-accord-bournemouth-rennes-pour-adrien-truffert\/1569004\" target=\"_blank\" rel=\"nofollow noopener\" data-gtm-custom-categorie=\"navigation\" data-gtm-custom-action=\"crossclick\" data-gtm-custom-label=\"Contextuel\" data-gtm-event=\"customEventSPE\">L\u2019\u00c9quipe<\/a>, Rennes et Bournemouth se sont entendus pour le transfert d\u2019Adrien Truffert. Le lat\u00e9ral gauche de 23 ans va rapporter 17\u00a0M\u20ac, bonus compris, \u00e0 son club formateur. Le capitaine rennais, international fran\u00e7ais (une s\u00e9lection) et m\u00e9daill\u00e9 d\u2019argent aux JO 2024, est attendu en Angleterre dans les prochains jours.<\/p>\n<p>Bonny, un Fran\u00e7ais vers l\u2019Inter Milan<\/p>\n<p class=\"fig-paragraph\">Auteur de 6 buts et 4 passes d\u00e9cisives en 37 matches de Serie\u00a0A, Ange-Yoan Bonny s\u2019est fait un nom en Italie. L\u2019attaquant de 21 ans, international espoirs fran\u00e7ais, est sur le d\u00e9part de Parme. Et pour cause\u00a0: les discussions sont proches d\u2019\u00eatre conclues entre son club et l\u2019Inter Milan, \u00e9crit la\u00a0<a href=\"https:\/\/www.gazzetta.it\/Calcio\/Calciomercato\/Inter\/10-06-2025\/mercato-inter-bonny-arriva-a-luglio-obiettivo-mosquera-del-valencia.shtml\" target=\"_blank\" rel=\"nofollow noopener\" data-gtm-custom-categorie=\"navigation\" data-gtm-custom-action=\"crossclick\" data-gtm-custom-label=\"Contextuel\" data-gtm-event=\"customEventSPE\">Gazzetta dello Sport<\/a> . Form\u00e9 en partie \u00e0 Tours et Ch\u00e2teauroux, Bonny devrait co\u00fbter au moins 20\u00a0M\u20ac aux Nerazzurri, vice-champions d\u2019Italie et d\u2019Europe.<\/p>\n<p>St\u00e9phan vers un banc anglais<\/p>\n<p class=\"fig-paragraph\">Le rebond devrait se faire de l\u2019autre c\u00f4t\u00e9 de la Manche pour Julien St\u00e9phan.\u00a0<a href=\"https:\/\/www.lequipe.fr\/Football\/Actualites\/Mercato-julien-stephan-ex-rennes-se-rapproche-des-queens-park-rangers-club-de-d2-anglaise\/1568972\" target=\"_blank\" rel=\"nofollow noopener\" data-gtm-custom-categorie=\"navigation\" data-gtm-custom-action=\"crossclick\" data-gtm-custom-label=\"Contextuel\" data-gtm-event=\"customEventSPE\">L\u2019\u00c9quipe<\/a> \u00a0et\u00a0<a href=\"https:\/\/www.leparisien.fr\/sports\/football\/football-lentraineur-julien-stephan-en-contacts-avances-avec-qpr-en-d2-anglaise-09-06-2025-4ES6FWWCB5CSVD6PIAUWTNTUSU.php\" target=\"_blank\" rel=\"nofollow noopener\" data-gtm-custom-categorie=\"navigation\" data-gtm-custom-action=\"crossclick\" data-gtm-custom-label=\"Contextuel\" data-gtm-event=\"customEventSPE\">Le Parisien<\/a> \u00a0informent de n\u00e9gociations avanc\u00e9es entre l\u2019entra\u00eeneur breton et les Queens Park Rangers, 15e de Championship (D2 anglaise) la saison pass\u00e9e. \u00c2g\u00e9 de 44 ans, St\u00e9phan \u00e9tait libre depuis\u00a0<a href=\"http:\/\/www.lefigaro.fr\/sports\/football\/ligue-1\/ligue-1-julien-stephan-ecarte-20241107\" data-fig-type=\"NewsFlash\" data-gtm-custom-categorie=\"navigation\" data-gtm-custom-action=\"crossclick\" data-gtm-custom-label=\"Contextuel\" data-gtm-event=\"customEventSPE\" data-fig-domain=\"LEFIGARO\" target=\"_blank\" rel=\"noopener\">son limogeage du Stade Rennais en novembre dernier<\/a>.<\/p>\n<p>    Julien St\u00e9phan, alors entra\u00eeneur du Stade Rennais, en octobre 2024.<br \/>\n                FEP \/ Icon Sport<\/p>\n<p>Ranieri refuse la s\u00e9lection italienne<\/p>\n<p class=\"fig-paragraph\">Nomm\u00e9 entra\u00eeneur de l\u2019AS Rome en novembre 2024, Claudio Ranieri y jouera d\u00e9sormais un r\u00f4le de conseiller sp\u00e9cial. Il aurait aussi pu s\u2019asseoir sur un banc, celui de la s\u00e9lection italienne, qui vient de se s\u00e9parer de Luciano Spalletti. Mais l\u2019ancien coach de Nantes et Monaco a refus\u00e9. \u00abLes Friedkin (propri\u00e9taires de la Roma) m\u2019ont apport\u00e9 tout leur soutien et leur appui pour la d\u00e9cision que j\u2019ai prise concernant l\u2019\u00e9quipe nationale, mais la d\u00e9cision est la mienne\u00bb,\u00a0<a href=\"http:\/\/www.lefigaro.fr\/sports\/football\/foot-claudio-ranieri-refuse-le-poste-de-selectionneur-de-l-italie-20250610\" data-fig-type=\"NewsFlash\" data-gtm-custom-categorie=\"navigation\" data-gtm-custom-action=\"crossclick\" data-gtm-custom-label=\"Contextuel\" data-gtm-event=\"customEventSPE\" data-fig-domain=\"LEFIGARO\" target=\"_blank\" rel=\"noopener\">a pr\u00e9cis\u00e9 Ranieri<\/a>, \u00e2g\u00e9 de 73 ans.<\/p>\n<p>Thomas Frank futur entra\u00eeneur de Tottenham<\/p>\n<p class=\"fig-paragraph\">La presse britannique est unanime\u00a0: Thomas Frank, entra\u00eeneur de Brentford, va quitter les Bees (les abeilles) pour Tottenham. Les Spurs\u00a0<a href=\"http:\/\/www.lefigaro.fr\/sports\/football\/transferts\/mercato-ange-postecoglou-aurait-ete-remercie-par-tottenham-20250606\" data-fig-type=\"NewsFlash\" data-gtm-custom-categorie=\"navigation\" data-gtm-custom-action=\"crossclick\" data-gtm-custom-label=\"Contextuel\" data-gtm-event=\"customEventSPE\" data-fig-domain=\"LEFIGARO\" target=\"_blank\" rel=\"noopener\">ont remerci\u00e9 Ange Postecoglou<\/a>\u00a0apr\u00e8s une saison calamiteuse en Premier League (17e) et malgr\u00e9 un sacre en Ligue Europa, le premier titre europ\u00e9en du club depuis plus de 40 ans. Frank, technicien danois de 51 ans, \u00e9tait arriv\u00e9 \u00e0 Brentford en 2016 comme adjoint, puis promu N.1 en 2018. Tottenham devrait verser une indemnit\u00e9 d\u2019environ 12\u00a0M\u20ac pour l\u2019arracher \u00e0 son club actuel.<\/p>\n","protected":false},"excerpt":{"rendered":"Le Bayern \u00e0 fond sur Barcola, Truffert sur le d\u00e9part de Rennes ou un attaquant fran\u00e7ais vers l\u2019Inter&hellip;\n","protected":false},"author":2,"featured_media":165465,"comment_status":"","ping_status":"","sticky":false,"template":"","format":"standard","meta":{"footnotes":""},"categories":[9],"tags":[4782,69,2261,63,1011,27,3309,6201,453,66,446,1434,70,93,67,60,3087,969,10662],"class_list":{"0":"post-165464","1":"post","2":"type-post","3":"status-publish","4":"format-standard","5":"has-post-thumbnail","7":"category-sports","8":"tag-bayern-munich","9":"tag-bundesliga","10":"tag-calcio","11":"tag-football","12":"tag-fr","13":"tag-france","14":"tag-l1","15":"tag-l2","16":"tag-liga","17":"tag-ligue-1","18":"tag-ligue-2","19":"tag-mercato","20":"tag-premier-league","21":"tag-psg","22":"tag-serie-a","23":"tag-sports","24":"tag-stade-rennais","25":"tag-transfert","26":"tag-transferts"},"share_on_mastodon":{"url":"https:\/\/pubeurope.com\/@fr\/114658667726809892","error":""},"_links":{"self":[{"href":"https:\/\/www.europesays.com\/fr\/wp-json\/wp\/v2\/posts\/165464","targetHints":{"allow":["GET"]}}],"collection":[{"href":"https:\/\/www.europesays.com\/fr\/wp-json\/wp\/v2\/posts"}],"about":[{"href":"https:\/\/www.europesays.com\/fr\/wp-json\/wp\/v2\/types\/post"}],"author":[{"embeddable":true,"href":"https:\/\/www.europesays.com\/fr\/wp-json\/wp\/v2\/users\/2"}],"replies":[{"embeddable":true,"href":"https:\/\/www.europesays.com\/fr\/wp-json\/wp\/v2\/comments?post=165464"}],"version-history":[{"count":0,"href":"https:\/\/www.europesays.com\/fr\/wp-json\/wp\/v2\/posts\/165464\/revisions"}],"wp:featuredmedia":[{"embeddable":true,"href":"https:\/\/www.europesays.com\/fr\/wp-json\/wp\/v2\/media\/165465"}],"wp:attachment":[{"href":"https:\/\/www.europesays.com\/fr\/wp-json\/wp\/v2\/media?parent=165464"}],"wp:term":[{"taxonomy":"category","embeddable":true,"href":"https:\/\/www.europesays.com\/fr\/wp-json\/wp\/v2\/categories?post=165464"},{"taxonomy":"post_tag","embeddable":true,"href":"https:\/\/www.europesays.com\/fr\/wp-json\/wp\/v2\/tags?post=165464"}],"curies":[{"name":"wp","href":"https:\/\/api.w.org\/{rel}","templated":true}]}}