{"id":165470,"date":"2025-06-10T10:48:10","date_gmt":"2025-06-10T10:48:10","guid":{"rendered":"https:\/\/www.europesays.com\/fr\/165470\/"},"modified":"2025-06-10T10:48:10","modified_gmt":"2025-06-10T10:48:10","slug":"donald-trump-qualifie-elon-musk-de-grand-toxicomane-le-divorce-politique-nen-finit-plus","status":"publish","type":"post","link":"https:\/\/www.europesays.com\/fr\/165470\/","title":{"rendered":"Donald Trump qualifie Elon Musk de \u00ab\u00a0grand toxicomane\u00a0\u00bb, le divorce politique n&rsquo;en finit plus"},"content":{"rendered":"<p>Les suites du divorce politique entre Donald Trump et Elon Musk n&rsquo;en finissent plus. Quelques jours avant leur clash d\u00e9finitif, le pr\u00e9sident am\u00e9ricain qualifiait son conseiller de \u00ab\u00a0grand toxicomane\u00a0\u00bb, selon un rapport, \u00e9voqu\u00e9 par le <a data-i13n=\"cpos:1;pos:1\" href=\"https:\/\/www.washingtonpost.com\/politics\/2025\/06\/07\/trump-elon-musk-fight-behind-scenes\/\" rel=\"nofollow noopener\" target=\"_blank\" data-ylk=\"slk:Washington Post;cpos:1;pos:1;elm:context_link;itc:0;sec:content-canvas\" class=\"link \">Washington Post <\/a>et repris par <a data-i13n=\"cpos:2;pos:1\" href=\"https:\/\/www.independent.co.uk\/news\/world\/americas\/us-politics\/donald-trump-elon-musk-drug-addict-feud-b2766051.html?fbclid=IwY2xjawKzwjNleHRuA2FlbQIxMABicmlkETBuc0hGTFB4R1ZNdXh3cm1sAR7b13orN7comCuBaXGTGl7qBTBJIJSqAPSJTqm7gKfHBpS_zVSxXELgEkRjIA_aem__CqKwE4GJ2JedusvEXHM6g\" rel=\"nofollow noopener\" target=\"_blank\" data-ylk=\"slk:The Independant;cpos:2;pos:1;elm:context_link;itc:0;sec:content-canvas\" class=\"link \">The Independant<\/a>.<\/p>\n<p>Des mots prononc\u00e9s alors qu&rsquo;Elon Musk commen\u00e7ait \u00e0 tirer tous azimuts sur la politique men\u00e9e par Donald Trump depuis son retour \u00e0 la Maison Blanche, en janvier 2025, et notamment le projet de loi majeur du pr\u00e9sident, le \u00ab\u00a0Big Beautiful Bill\u00a0\u00bb.<\/p>\n<p>La consommation de drogues de Musk au coeur d&rsquo;une r\u00e9union<\/p>\n<p>Ce train de d\u00e9penses, pr\u00e9voyant notamment des baisses d\u2019imp\u00f4ts massives et de nouveaux moyens pour la politique migratoire, a suscit\u00e9 la col\u00e8re d&rsquo;Elon Musk. \u00ab\u00a0La banqueroute de l\u2019Am\u00e9rique, \u00e7a ne va pas ! Tuez le texte\u00a0\u00bb, clamait-il \u00e0 la veille de son d\u00e9part, sur son r\u00e9seau social.<\/p>\n<p>Au d\u00e9but de ces attaques men\u00e9es par Elon Musk, Donald Trump appelle alors ses confidents et ses connaissances pour discuter de la dispute. Lors d&rsquo;un de ces appels, le pr\u00e9sident a \u00e9voqu\u00e9 les pr\u00e9tendues habitudes de consommation de drogue du PDG de Tesla, pour tenter de comprendre son comportement, selon le Washington Post.<\/p>\n<p>Trump aurait affirm\u00e9 que Musk \u00e9tait un \u00ab\u00a0grand toxicomane\u00a0\u00bb<\/p>\n<p>Le quotidien am\u00e9ricain poursuit, citant des responsables de la Maison Blanche selon lesquels Trump \u00e9tait pr\u00e9occup\u00e9 par la consommation de drogue de Musk, et que c&rsquo;\u00e9tait l&rsquo;une des raisons pour lesquelles la relation a finalement pris fin de mani\u00e8re aussi explosive, parlant de Musk comme d&rsquo;un \u00ab\u00a0grand toxicomane\u00a0\u00bb.<\/p>\n<p>Le PDG de Tesla avait d\u00e9j\u00e0 racont\u00e9 qu&rsquo;il consommait de la k\u00e9tamine, un puissant anesth\u00e9siant, pour tenir le rythme et notamment traiter sa d\u00e9pression, au rythme de prises toutes les deux semaines. Mais selon le New York Times, sa consommation est beaucoup plus importante qu&rsquo;il ne veut bien l&rsquo;avouer.<\/p>\n<p>Ketamine, ecstasy, champignons&#8230; Musk d\u00e9ment<\/p>\n<p>Durant la campagne, l&rsquo;entrepreneur consommait \u00e0 la fois de la k\u00e9tamine, de l&rsquo;ecstasy et des champignons hallucinog\u00e8nes, et voyageait avec une bo\u00eete remplie de pilules. Une consommation de drogues si importante qu&rsquo;elle a affect\u00e9 sa vessie, signe d&rsquo;une consommation chronique, lors de rassemblements priv\u00e9s \u00e0 travers les \u00c9tats-Unis et dans au moins un autre pays, selon ceux qui ont assist\u00e9 aux \u00e9v\u00e9nements.<\/p>\n<p>Des all\u00e9gations d\u00e9menties dans la foul\u00e9e par Elon Musk. \u00ab\u00a0Pour \u00eatre clair, je ne prends PAS de drogues! Le New York Times ment comme un arracheur de dents. J&rsquo;ai essay\u00e9 la k\u00e9tamine &lsquo;sur ordonnance&rsquo; il y a quelques ann\u00e9es et je l&rsquo;ai dit sur X, donc ce n&rsquo;est pas nouveau. Cela aide \u00e0 sortir de p\u00e9riodes sombres, mais je n&rsquo;en ai pas pris depuis lors\u00a0\u00bb, \u00e9crivait-il sur son r\u00e9seau social X.<\/p>\n<p>La semaine derni\u00e8re, rapporte The Independent, l&rsquo;\u00e9quipe d&rsquo;Elon Musk responsable du minist\u00e8re du DOGE aurait laiss\u00e9 derri\u00e8re elle un bureau jonch\u00e9 de cadavres de bi\u00e8res, de la nourriture moisie, mais aussi de montagnes de marijuana, le tout attirant rats et cafards.<\/p>\n","protected":false},"excerpt":{"rendered":"Les suites du divorce politique entre Donald Trump et Elon Musk n&rsquo;en finissent plus. Quelques jours avant leur&hellip;\n","protected":false},"author":2,"featured_media":165471,"comment_status":"","ping_status":"","sticky":false,"template":"","format":"standard","meta":{"footnotes":""},"categories":[6],"tags":[35,29894,75,33,34,46,1011,27,12874,1324],"class_list":{"0":"post-165470","1":"post","2":"type-post","3":"status-publish","4":"format-standard","5":"has-post-thumbnail","7":"category-economie","8":"tag-business","9":"tag-consommation-de-drogues","10":"tag-donald-trump","11":"tag-economie","12":"tag-economy","13":"tag-elon-musk","14":"tag-fr","15":"tag-france","16":"tag-habitudes-de-consommation","17":"tag-la-maison-blanche"},"share_on_mastodon":{"url":"https:\/\/pubeurope.com\/@fr\/114658679497842566","error":""},"_links":{"self":[{"href":"https:\/\/www.europesays.com\/fr\/wp-json\/wp\/v2\/posts\/165470","targetHints":{"allow":["GET"]}}],"collection":[{"href":"https:\/\/www.europesays.com\/fr\/wp-json\/wp\/v2\/posts"}],"about":[{"href":"https:\/\/www.europesays.com\/fr\/wp-json\/wp\/v2\/types\/post"}],"author":[{"embeddable":true,"href":"https:\/\/www.europesays.com\/fr\/wp-json\/wp\/v2\/users\/2"}],"replies":[{"embeddable":true,"href":"https:\/\/www.europesays.com\/fr\/wp-json\/wp\/v2\/comments?post=165470"}],"version-history":[{"count":0,"href":"https:\/\/www.europesays.com\/fr\/wp-json\/wp\/v2\/posts\/165470\/revisions"}],"wp:featuredmedia":[{"embeddable":true,"href":"https:\/\/www.europesays.com\/fr\/wp-json\/wp\/v2\/media\/165471"}],"wp:attachment":[{"href":"https:\/\/www.europesays.com\/fr\/wp-json\/wp\/v2\/media?parent=165470"}],"wp:term":[{"taxonomy":"category","embeddable":true,"href":"https:\/\/www.europesays.com\/fr\/wp-json\/wp\/v2\/categories?post=165470"},{"taxonomy":"post_tag","embeddable":true,"href":"https:\/\/www.europesays.com\/fr\/wp-json\/wp\/v2\/tags?post=165470"}],"curies":[{"name":"wp","href":"https:\/\/api.w.org\/{rel}","templated":true}]}}