{"id":165472,"date":"2025-06-10T10:49:11","date_gmt":"2025-06-10T10:49:11","guid":{"rendered":"https:\/\/www.europesays.com\/fr\/165472\/"},"modified":"2025-06-10T10:49:11","modified_gmt":"2025-06-10T10:49:11","slug":"au-moins-dix-morts-dans-une-fusillade-dans-un-lycee","status":"publish","type":"post","link":"https:\/\/www.europesays.com\/fr\/165472\/","title":{"rendered":"Au moins dix morts dans une fusillade dans un lyc\u00e9e"},"content":{"rendered":"<p>Au moins dix personnes sont mortes mardi matin, peu avant 10 heures, lors d\u2019une attaque dans un <a href=\"https:\/\/www.20minutes.fr\/dossier\/lycee\" class=\"color-ultramarine c-link\" target=\"_blank\" rel=\"noopener\">lyc\u00e9e<\/a> de Graz en <a href=\"https:\/\/www.20minutes.fr\/dossier\/autriche\" class=\"color-ultramarine c-link\" target=\"_blank\" rel=\"noopener\">Autriche<\/a>, perp\u00e9tr\u00e9e par un \u00e9l\u00e8ve de l\u2019\u00e9tablissement, selon la maire de la ville Elke Kahr, cit\u00e9e par l\u2019agence de presse APA.<\/p>\n<p>Parmi les victimes, figurent des \u00e9l\u00e8ves et au moins un adulte. L\u2019assaillant, qui a agi seul selon la police et dont le mobile est inconnu \u00e0 ce stade, est d\u00e9c\u00e9d\u00e9, a pr\u00e9cis\u00e9 Elke Kahr.<\/p>\n<blockquote class=\"twitter-tweet\" align=\"center\" data-lang=\"fr_FR\">\n<p lang=\"de\" dir=\"ltr\">+++Aktuell l\u00e4uft in der Dreiersch\u00fctzengasse in <a href=\"https:\/\/twitter.com\/hashtag\/Graz?src=hash&amp;ref_src=twsrc%5Etfw\" target=\"_blank\" rel=\"noopener\">#Graz<\/a> ein Polizeieinsatz. Bitte an die Anweisungen der Polizeikr\u00e4fte halten. +++ <a href=\"https:\/\/twitter.com\/hashtag\/graz1006?src=hash&amp;ref_src=twsrc%5Etfw\" target=\"_blank\" rel=\"noopener\">#graz1006<\/a><\/p>\n<p>\u2014 Polizei Steiermark (@PolizeiStmk) <a href=\"https:\/\/twitter.com\/PolizeiStmk\/status\/1932351550212481150?ref_src=twsrc%5Etfw\" target=\"_blank\" rel=\"noopener\">June 10, 2025<\/a><\/p><\/blockquote>\n<p class=\"mb-m@xs text-l@xs\">En cliquant sur\u00ab J\u2019accepte \u00bb, vous acceptez le d\u00e9p\u00f4t de cookies par des services externes et aurez ainsi acc\u00e8s aux contenus de nos partenaires.<\/p>\n<p class=\"mb-xl@xs text-s@xs\">Plus d\u2019informations sur la page<a href=\"https:\/\/www.20minutes.fr\/gestion-cookies\" class=\"mx-xxs@xs color-ultramarine\" target=\"_blank\" rel=\"noopener\">Politique de gestion des cookies<\/a><\/p>\n<p>J\u2019accepte<\/p>\n<p>\u00ab\u00a0Plusieurs unit\u00e9s d\u2019intervention sp\u00e9ciale sont sur place\u00a0\u00bb, a indiqu\u00e9 la police sur X, \u00e9voquant \u00ab\u00a0des coups de feu\u00a0\u00bb sans plus de pr\u00e9cisions. D\u2019apr\u00e8s les publications des forces de l\u2019ordre sur le r\u00e9seau social, tous les \u00e9l\u00e8ves et le personnel ont quitt\u00e9 l\u2019\u00e9cole et le b\u00e2timent est en train d\u2019\u00eatre fouill\u00e9. \u00ab\u00a0La situation est stable. Aucun danger suppl\u00e9mentaire n\u2019est \u00e0 pr\u00e9voir\u00a0\u00bb, ont-elles pr\u00e9cis\u00e9.<\/p>\n<p>Des professeurs et des \u00e9tudiants parmi les victimes<\/p>\n<p>Selon le m\u00e9dia <a href=\"https:\/\/www.krone.at\/3808844\" rel=\"nofollow noopener\" target=\"_blank\" class=\"color-ultramarine c-link\">Kronen Zeitung<\/a>, des \u00e9l\u00e8ves et au moins un adulte ont \u00e9t\u00e9 tu\u00e9s dans cette fusillade. L\u2019auteur des faits aurait ouvert le feu dans deux classes. Selon le porte-parole de la police Fritz Grundnig cit\u00e9 par <a href=\"https:\/\/www.orf.at\/\" rel=\"nofollow noopener\" target=\"_blank\" class=\"color-ultramarine c-link\">ORF<\/a> sur son site Internet, l\u2019assaillant se serait ensuite suicid\u00e9 et son corps aurait \u00e9t\u00e9 retrouv\u00e9 dans les toilettes.<\/p>\n<p>\u00ab\u00a0La situation est tr\u00e8s confuse pour l\u2019instant. Il pourrait s\u2019agir d\u2019un cas de folie meurtri\u00e8re\u00a0\u00bb, ont d\u00e9clar\u00e9 des sources polici\u00e8res \u00e0 l\u2019agence de presse APA.<\/p>\n<p><a href=\"https:\/\/www.20minutes.fr\/dossier\/autriche\" class=\"c-link c-btn c-btn--primary\" target=\"_blank\" rel=\"noopener\">Notre dossier sur l&rsquo;Autriche<\/a><\/p>\n<p>Loin des drames de ce genre qui secouent r\u00e9guli\u00e8rement les Etats-Unis et d\u2019autres pays occidentaux, l\u2019Autriche, un pays membre de l\u2019UE de 9,2\u00a0millions d\u2019habitants, n\u2019a pas l\u2019habitude de ce type de criminalit\u00e9. Elle figure parmi les dix Etats les plus s\u00fbrs du monde, d\u2019apr\u00e8s l\u2019Indice mondial pour la paix (Global Peace Index), qui prend en compte le taux d\u2019homicide aux c\u00f4t\u00e9s d\u2019autres indicateurs comme la militarisation et les conflits.<\/p>\n<p><script async src=\"https:\/\/platform.twitter.com\/widgets.js\" charset=\"utf-8\"><\/script><\/p>\n","protected":false},"excerpt":{"rendered":"Au moins dix personnes sont mortes mardi matin, peu avant 10 heures, lors d\u2019une attaque dans un lyc\u00e9e&hellip;\n","protected":false},"author":2,"featured_media":165473,"comment_status":"","ping_status":"","sticky":false,"template":"","format":"standard","meta":{"footnotes":""},"categories":[5],"tags":[47,11,13989,1067,1011,27,3832,14,2633,74,12,1072,28],"class_list":{"0":"post-165472","1":"post","2":"type-post","3":"status-publish","4":"format-standard","5":"has-post-thumbnail","7":"category-international","8":"tag-actualite","9":"tag-actualites","10":"tag-autriche","11":"tag-enquete","12":"tag-fr","13":"tag-france","14":"tag-fusillade","15":"tag-international","16":"tag-lycee","17":"tag-monde","18":"tag-news","19":"tag-police","20":"tag-world"},"share_on_mastodon":{"url":"https:\/\/pubeurope.com\/@fr\/114658683352959404","error":""},"_links":{"self":[{"href":"https:\/\/www.europesays.com\/fr\/wp-json\/wp\/v2\/posts\/165472","targetHints":{"allow":["GET"]}}],"collection":[{"href":"https:\/\/www.europesays.com\/fr\/wp-json\/wp\/v2\/posts"}],"about":[{"href":"https:\/\/www.europesays.com\/fr\/wp-json\/wp\/v2\/types\/post"}],"author":[{"embeddable":true,"href":"https:\/\/www.europesays.com\/fr\/wp-json\/wp\/v2\/users\/2"}],"replies":[{"embeddable":true,"href":"https:\/\/www.europesays.com\/fr\/wp-json\/wp\/v2\/comments?post=165472"}],"version-history":[{"count":0,"href":"https:\/\/www.europesays.com\/fr\/wp-json\/wp\/v2\/posts\/165472\/revisions"}],"wp:featuredmedia":[{"embeddable":true,"href":"https:\/\/www.europesays.com\/fr\/wp-json\/wp\/v2\/media\/165473"}],"wp:attachment":[{"href":"https:\/\/www.europesays.com\/fr\/wp-json\/wp\/v2\/media?parent=165472"}],"wp:term":[{"taxonomy":"category","embeddable":true,"href":"https:\/\/www.europesays.com\/fr\/wp-json\/wp\/v2\/categories?post=165472"},{"taxonomy":"post_tag","embeddable":true,"href":"https:\/\/www.europesays.com\/fr\/wp-json\/wp\/v2\/tags?post=165472"}],"curies":[{"name":"wp","href":"https:\/\/api.w.org\/{rel}","templated":true}]}}