{"id":165476,"date":"2025-06-10T10:51:10","date_gmt":"2025-06-10T10:51:10","guid":{"rendered":"https:\/\/www.europesays.com\/fr\/165476\/"},"modified":"2025-06-10T10:51:10","modified_gmt":"2025-06-10T10:51:10","slug":"dix-personnes-tuees-lors-dune-attaque-dans-une-ecole-dans-lest-du-pays-liberation","status":"publish","type":"post","link":"https:\/\/www.europesays.com\/fr\/165476\/","title":{"rendered":"dix personnes tu\u00e9es lors d\u2019une attaque dans une \u00e9cole dans l\u2019est du pays \u2013 Lib\u00e9ration"},"content":{"rendered":"<p class=\"sc-ksZaOG ehjQrN text-element\">Au moins dix personnes ont \u00e9t\u00e9 tu\u00e9es dans une fusillade ce mardi 10 juin dans un lyc\u00e9e de la ville de Graz, dans le sud-est du pays, selon le maire de la commune cit\u00e9 par l\u2019agence autrichienne APA. Il s\u2019agirait en majorit\u00e9 d\u2019\u00e9l\u00e8ves de l\u2019\u00e9tablissement. Parmi eux se trouve l\u2019auteur des coups de feu, qui \u00e9tait scolaris\u00e9 dans le lyc\u00e9e et aurait mis fin \u00e0 ses jours. \u00abLa situation est tr\u00e8s confuse pour l\u2019instant. Il pourrait s\u2019agir d\u2019un cas de folie meurtri\u00e8re\u00bb, ont d\u00e9clar\u00e9 des sources polici\u00e8res \u00e0 l\u2019agence de presse APA.<\/p>\n<p class=\"sc-ksZaOG ehjQrN text-element\">Le bilan pourrait encore augmenter puisque plusieurs personnes sont \u00e9galement gri\u00e8vement bless\u00e9es. D\u2019apr\u00e8s la radiot\u00e9l\u00e9vision publique ORF, tous les \u00e9l\u00e8ves et le personnel ont quitt\u00e9 l\u2019\u00e9cole et le b\u00e2timent est en train d\u2019\u00eatre fouill\u00e9. Le ministre de l\u2019Int\u00e9rieur autrichien se rend sur place.<\/p>\n<p class=\"sc-ksZaOG ehjQrN text-element\"><b>Mise \u00e0 jour <\/b>\u00e0 12 h 35 avec un nouveau bilan de dix morts.<\/p>\n","protected":false},"excerpt":{"rendered":"Au moins dix personnes ont \u00e9t\u00e9 tu\u00e9es dans une fusillade ce mardi 10 juin dans un lyc\u00e9e de&hellip;\n","protected":false},"author":2,"featured_media":165477,"comment_status":"","ping_status":"","sticky":false,"template":"","format":"standard","meta":{"footnotes":""},"categories":[2],"tags":[11,13989,1011,27,12],"class_list":{"0":"post-165476","1":"post","2":"type-post","3":"status-publish","4":"format-standard","5":"has-post-thumbnail","7":"category-actualites","8":"tag-actualites","9":"tag-autriche","10":"tag-fr","11":"tag-france","12":"tag-news"},"share_on_mastodon":{"url":"https:\/\/pubeurope.com\/@fr\/114658691268436178","error":""},"_links":{"self":[{"href":"https:\/\/www.europesays.com\/fr\/wp-json\/wp\/v2\/posts\/165476","targetHints":{"allow":["GET"]}}],"collection":[{"href":"https:\/\/www.europesays.com\/fr\/wp-json\/wp\/v2\/posts"}],"about":[{"href":"https:\/\/www.europesays.com\/fr\/wp-json\/wp\/v2\/types\/post"}],"author":[{"embeddable":true,"href":"https:\/\/www.europesays.com\/fr\/wp-json\/wp\/v2\/users\/2"}],"replies":[{"embeddable":true,"href":"https:\/\/www.europesays.com\/fr\/wp-json\/wp\/v2\/comments?post=165476"}],"version-history":[{"count":0,"href":"https:\/\/www.europesays.com\/fr\/wp-json\/wp\/v2\/posts\/165476\/revisions"}],"wp:featuredmedia":[{"embeddable":true,"href":"https:\/\/www.europesays.com\/fr\/wp-json\/wp\/v2\/media\/165477"}],"wp:attachment":[{"href":"https:\/\/www.europesays.com\/fr\/wp-json\/wp\/v2\/media?parent=165476"}],"wp:term":[{"taxonomy":"category","embeddable":true,"href":"https:\/\/www.europesays.com\/fr\/wp-json\/wp\/v2\/categories?post=165476"},{"taxonomy":"post_tag","embeddable":true,"href":"https:\/\/www.europesays.com\/fr\/wp-json\/wp\/v2\/tags?post=165476"}],"curies":[{"name":"wp","href":"https:\/\/api.w.org\/{rel}","templated":true}]}}