{"id":165497,"date":"2025-06-10T11:02:19","date_gmt":"2025-06-10T11:02:19","guid":{"rendered":"https:\/\/www.europesays.com\/fr\/165497\/"},"modified":"2025-06-10T11:02:19","modified_gmt":"2025-06-10T11:02:19","slug":"derniere-edition-de-la-couteuse-lubie-piolliste","status":"publish","type":"post","link":"https:\/\/www.europesays.com\/fr\/165497\/","title":{"rendered":"DERNI\u00c8RE \u00c9DITION DE LA CO\u00dbTEUSE LUBIE PIOLLISTE ?"},"content":{"rendered":"<p>Posted On 10 juin 2025 <\/p>\n<p style=\"text-align: justify;\">La f\u00eate des tuiles revient le samedi 14 juin prochain sur le Cours Jean Jaur\u00e8s et de la Lib\u00e9ration pour une 10\u00e8me \u00e9dition qui pourrait bien \u00eatre la derni\u00e8re de cette co\u00fbteuse lubie politique des Piollistes si les Grenoblois d\u00e9cident de tourner la page de cette municipalit\u00e9 en mars prochain.<\/p>\n<p>LE DOSSIER QUI A FAIT CONDAMNER \u00c9RIC PIOLLE<\/p>\n<p style=\"text-align: justify;\">Pour de nombreux Grenoblois compl\u00e8tement d\u00e9sint\u00e9ress\u00e9s de l&rsquo;\u00e9v\u00e9nement, celui-ci \u00e9voque plut\u00f4t les affaires Piolle. <a target=\"_blank\" href=\"https:\/\/c.ledauphine.com\/culture-loisirs\/2025\/06\/09\/isere-grenoble-fete-des-tuiles-ce-que-reserve-la-10e-edition-d-un-marqueur-politique\" rel=\"nofollow noopener\">Le journaliste du Dauphin\u00e9 Jean-Benoit Vigny<\/a> rappelle en effet que \u00ab\u00a0la F\u00eate des Tuiles r\u00e9sonne aussi comme\u00a0le seul faux pas judiciaire\u00a0d\u2019\u00c9ric Piolle jusqu\u2019ici\u00a0\u00bb. C&rsquo;est ce dossier qui a valu condamnation d&rsquo;Eric Piolle pour favoritisme il y a deux ans, pour l&rsquo;attribution de co\u00fbteux march\u00e9s des \u00e9ditions 2015 et 2016 \u00e0 l&rsquo;association Fus\u00e9es qui avait particip\u00e9 \u00e0 sa campagne municipale.<\/p>\n<p><a href=\"https:\/\/i2.wp.com\/grenoble-le-changement.fr\/wp-content\/uploads\/2024\/07\/affaire-piolle-martin-lsourt.jpg?ssl=1\" rel=\"lightbox[82515] nofollow noopener\" target=\"_blank\"><img loading=\"lazy\" decoding=\"async\" class=\" wp-image-74830 jetpack-lazy-image\" src=\"https:\/\/i2.wp.com\/grenoble-le-changement.fr\/wp-content\/uploads\/2024\/07\/affaire-piolle-martin-lsourt.jpg?resize=486%2C648&amp;ssl=1\" alt=\"\" width=\"486\" height=\"648\" data-recalc-dims=\"1\" data-lazy-src=\"https:\/\/www.europesays.com\/fr\/wp-content\/uploads\/2025\/06\/affaire-piolle-martin-lsourt.jpg\" \/><\/a>Le seul faux pas judiciaire d&rsquo;Eric Piolle \u00ab\u00a0jusqu&rsquo;ici\u00a0\u00bb : il est aujourd&rsquo;hui accus\u00e9 de versement illicite d&rsquo;argent public \u00e0 son ex 1\u00e8re adjointe, la d\u00e9put\u00e9e LFI Elisa Martin..<br \/>\nFUS\u00c9ES EST TOUJOURS DE LA PARTIE<\/p>\n<p style=\"text-align: justify;\">L&rsquo;association Fus\u00e9es est d&rsquo;ailleurs toujours partie prenante de la f\u00eate des tuiles en 2025, avec \u00ab\u00a0une proposition artistique pour traverser et aller d\u2019un cours \u00e0 l\u2019autre en \u201ctransport commun\u201d. Un petit monde qui aura bien profit\u00e9 des ann\u00e9es Piolle : derri\u00e8re Fus\u00e9es on retrouve un membre fondateur de Mixlab, <a href=\"https:\/\/grenoble-le-changement.fr\/2025\/04\/08\/le-restaurant-du-musee-ferme-ses-portes-la-municipalite-dechec-en-echec\/\" rel=\"nofollow noopener\" target=\"_blank\">structure qui avait r\u00e9cup\u00e9r\u00e9 la gestion du restaurant du mus\u00e9e (sans appel d&rsquo;offres ouvert) apr\u00e8s l&rsquo;\u00e9viction de Pierre Pavy<\/a>. Novices dans la restauration, ils n&rsquo;ont pas tenu et ont ferm\u00e9 leurs portes.<\/p>\n<p>TOUT EST ID\u00c9OLOGIE POUR LES VERTS\/LFI&#8230;<\/p>\n<p style=\"text-align: justify;\"><a href=\"https:\/\/grenoble-le-changement.fr\/2023\/03\/17\/laffaire-du-restaurant-le-5-empoisonne-piolle\/\" rel=\"nofollow noopener\" target=\"_blank\">L&rsquo;opposition avait alert\u00e9 \u00e0 ce propos<\/a> mais peu importait \u00e0 la municipalit\u00e9. L&rsquo;objectif des Verts\/LFI \u00e9tait d&rsquo;utiliser y compris la restauration comme outil de diffusion id\u00e9ologique en transformant le parvis du mus\u00e9e \u00e0 leur image, avec une client\u00e8le qui vient pour la cuisine v\u00e9g\u00e9tarienne et la promesse \u00ab\u00a0nouveau monde\u00a0\u00bb. Echec cuisant. Pour se rattraper, la f\u00eate des tuiles correspond exactement au m\u00eame sch\u00e9ma, en encore plus insidieux.\u00a0<\/p>\n<p>&#8230; Y COMPRIS UNE KERMESSE<\/p>\n<p style=\"text-align: justify;\">Car tr\u00e8s concr\u00e8tement, l&rsquo;\u00e9v\u00e9nement consiste en une sorte de grande kermesse avec des stands align\u00e9s sur le Cours, au sein de laquelle on retrouve des compagnies culturelles, des associations sportives&#8230; mais surtout une myriade de stands et animations soigneusement choisis pour coller \u00e0 l&rsquo;agenda politique des \u00e9lus de la municipalit\u00e9 : promotion du <a href=\"https:\/\/grenoble-le-changement.fr\/2025\/02\/10\/budget-participatif-les-proches-des-verts-lfi-monopolisent-le-dispositif\/\" rel=\"nofollow noopener\" target=\"_blank\">budget participatif de la ville<\/a>, stands qui agitent les peurs habituelles sur le climat, qui pr\u00f4nent l&rsquo;accueil inconditionnel malgr\u00e9 les cons\u00e9quences d\u00e9sastreuses \u00e0 Grenoble, qui s&rsquo;attaquent au capitalisme&#8230;<\/p>\n<p><a href=\"https:\/\/i0.wp.com\/grenoble-le-changement.fr\/wp-content\/uploads\/2023\/06\/paradis-fiscaux-piolle-scaled.jpg?ssl=1\" rel=\"lightbox[82515] nofollow noopener\" target=\"_blank\"><img loading=\"lazy\" decoding=\"async\" class=\" wp-image-63655 jetpack-lazy-image\" src=\"https:\/\/i0.wp.com\/grenoble-le-changement.fr\/wp-content\/uploads\/2023\/06\/paradis-fiscaux-piolle.jpg?resize=549%2C732&amp;ssl=1\" alt=\"\" width=\"549\" height=\"732\" data-recalc-dims=\"1\" data-lazy-src=\"https:\/\/www.europesays.com\/fr\/wp-content\/uploads\/2025\/06\/paradis-fiscaux-piolle.jpg\" \/><\/a>Chamboule tout contre le capitalisme lors d&rsquo;une pr\u00e9c\u00e9dente \u00e9dition. L&rsquo;extr\u00eame-gauche ludique et p\u00e9dagogique<br \/>\nL. LHEUREUX (Verts) A INVENT\u00c9 L&rsquo;EAU CHAUDE&#8230;<\/p>\n<p style=\"text-align: justify;\">Pour <a href=\"https:\/\/grenoble-le-changement.fr\/2025\/06\/09\/la-bobine-la-fabrique-opera-la-municipalite-eteint-la-lumiere\/\" rel=\"nofollow noopener\" target=\"_blank\">Lucille Lheureux, l&rsquo;adjointe calamit\u00e9 \u00e0 la culture<\/a> (apr\u00e8s avoir \u00e9t\u00e9 adjointe aux espaces publics donc \u00e0 la propret\u00e9 : partout o\u00f9 elle passe, le service tr\u00e9passe), le fait pour un Grenoblois de marcher en ville n&rsquo;est rien de moins qu&rsquo;une r\u00e9volution : \u00ab\u00a0le fait de d\u00e9ambuler, de parcourir l\u2019espace public, c\u2019est une r\u00e9appropriation (&#8230;) des moments o\u00f9 l\u2019on peut prendre toute notre place en tant qu\u2019enfant, en tant que femme, en tant que minorit\u00e9 dans l\u2019espace public\u00a0\u00bb (DL 09\/06\/25). Pri\u00e8re de ne pas rire. Avec la f\u00eate des tuiles, on est \u00e0 minima au niveau des manifestations de la place Tian&rsquo;anmen.<\/p>\n<p>&#8230; ET ASSUME UNE OP\u00c9RATION DE PROPAGANDE DES VERTS\/LFI<\/p>\n<p style=\"text-align: justify;\">Mais l&rsquo;adjointe va encore plus loin et <a target=\"_blank\" href=\"https:\/\/c.ledauphine.com\/culture-loisirs\/2025\/06\/09\/isere-grenoble-fete-des-tuiles-ce-que-reserve-la-10e-edition-d-un-marqueur-politique\" rel=\"nofollow noopener\">l\u00e2che au Dauphin\u00e9 Lib\u00e9r\u00e9<\/a> : \u00ab\u00a0ces grands rassemblements sont politiquement indispensables pour nous. Si on veut pouvoir lutter contre le racisme et les id\u00e9es d\u2019extr\u00eame droite, si on veut pouvoir apporter un service public aussi qui est protecteur, joyeux et f\u00e9d\u00e9rateur, on a besoin de ces moments-l\u00e0\u00a0\u00bb. La messe est dite : ils assument compl\u00e8tement en avoir fait un \u00e9v\u00e9nement de propagande politique \u00e0 leur service. Malheureusement rien de tr\u00e8s \u00e9tonnant de la part de ceux qui ont impos\u00e9 des <a href=\"https:\/\/grenoble-le-changement.fr\/2024\/12\/19\/des-heures-sombres-pour-la-culture-a-grenoble\/\" rel=\"nofollow noopener\" target=\"_blank\">crit\u00e8res id\u00e9ologiques \u00e0 tous les \u00e9tages de leur gestion<\/a>.<\/p>\n<p>L&rsquo;ARGENT DES GRENOBLOIS UTILIS\u00c9 POUR \u00ab\u00a0LUTTER\u00a0\u00bb CONTRE LES GRENOBLOIS<\/p>\n<p style=\"text-align: justify;\"><a href=\"https:\/\/grenoble-le-changement.fr\/2025\/03\/30\/bibliotheque-incendiee-derriere-la-comm-le-recul-du-service-public\/\" rel=\"nofollow noopener\" target=\"_blank\">Le \u00ab\u00a0service public\u00a0\u00bb, on a vu ce qu&rsquo;ils en ont fait \u00e0 Grenoble<\/a> avec un recul sans pr\u00e9c\u00e9dent de l&rsquo;offre culturel, de l&rsquo;\u00e9ducation populaire, de l&rsquo;offre de soins&#8230; Mais surtout, quand on sait qu&rsquo;avec eux l&rsquo;extr\u00eame-droite commence avec le centre lib\u00e9ral, et que le racisme consiste \u00e0 trouver le burkini probl\u00e9matique, \u00e7a fait du monde \u00e0 combattre pour les donneurs de le\u00e7ons (au moins 2\/3 des fran\u00e7ais). Qu&rsquo;importe quand on peut faire son matraquage id\u00e9ologique avec l&rsquo;argent du contribuable (y compris avec la taxe fonci\u00e8re de ceux qu&rsquo;ils combattent).<\/p>\n<p><a href=\"https:\/\/i0.wp.com\/grenoble-le-changement.fr\/wp-content\/uploads\/2023\/06\/fete-tuiles-biennale-vide-scaled.jpg?ssl=1\" rel=\"lightbox[82515] nofollow noopener\" target=\"_blank\"><img loading=\"lazy\" decoding=\"async\" class=\" wp-image-63651 jetpack-lazy-image\" src=\"https:\/\/i1.wp.com\/grenoble-le-changement.fr\/wp-content\/uploads\/2023\/06\/fete-tuiles-biennale-vide.jpg?resize=678%2C508&amp;ssl=1\" alt=\"\" width=\"678\" height=\"508\" data-recalc-dims=\"1\" data-lazy-src=\"https:\/\/www.europesays.com\/fr\/wp-content\/uploads\/2025\/06\/fete-tuiles-biennale-vide.jpg\" \/><\/a>En 2023, la pi\u00e8tre affluence \u00e0 la construction d&rsquo;un \u00e9difice en carton, \u00e9v\u00e9nement abondamment vendu comme le clou de la f\u00eate des tuiles<br \/>\nUN \u00c9V\u00c9NEMENT \u00c0 260 000 EUROS POUR DE L&rsquo;ENTRE-SOI<\/p>\n<p style=\"text-align: justify;\">Et la somme allou\u00e9e n&rsquo;est pas anodine puisqu&rsquo;on parle de 260 000 euros d&rsquo;argent public mobilis\u00e9s par la ville pour l&rsquo;\u00e9dition 2025 de la f\u00eate des tuiles. En 10 ans, des millions seront donc partis dans un \u00e9v\u00e9nement qui, \u00e0 l&rsquo;instar des budgets participatifs, touche un public tr\u00e8s homog\u00e8ne plut\u00f4t acquis \u00e0 la cause des Verts\/LFI et n&rsquo;est jamais vraiment parvenu \u00e0 s&rsquo;imposer comme une v\u00e9ritable manifestation populaire. Seuls les stands sportifs et culturels, donc la partie non id\u00e9ologique de la kermesse, sauvent les meubles avec une affluence.<\/p>\n<p>10\u00c8ME ET DERNI\u00c8RE \u00c9DITION ?<\/p>\n<p style=\"text-align: justify;\">Dans une ville exsangue financi\u00e8rement, <a href=\"https:\/\/grenoble-le-changement.fr\/2024\/11\/01\/grenoble-une-ville-financierement-asphyxiee-premiere-pour-limpot\/\" rel=\"nofollow noopener\" target=\"_blank\">premi\u00e8re des grandes villes pour l&rsquo;imp\u00f4t<\/a>, aux d\u00e9penses de fonctionnement et \u00e0 l&rsquo;endettement qui explosent, le maintien d&rsquo;un tel \u00e9v\u00e9nement pose question. Car il est peut-\u00eatre \u00ab\u00a0politiquement indispensable\u00a0\u00bb pour les Verts\/LFI, mais il n&rsquo;a rien d&rsquo;indispensable pour les Grenoblois. Battre les \u00e9lus sortants dans les urnes en mars 2026, c&rsquo;est aussi mettre fin \u00e0 l&rsquo;utilisation de l&rsquo;argent public \u00e0 des fins de propagande id\u00e9ologique pour se recentrer sur les priorit\u00e9s de la ville et pas sur un agenda politique.\u00a0<\/p>\n<p style=\"text-align: justify;\">Ce qui n&#8217;emp\u00eachera pas, bien au contraire, de travailler \u00e0 un vrai \u00e9v\u00e9nement populaire, festif et f\u00e9d\u00e9rateur, en associant cette fois toutes les composantes de la ville dans sa diversit\u00e9. Pas en ne parlant qu&rsquo;\u00e0 une seule \u00ab\u00a0client\u00e8le \u00e9lectorale\u00a0\u00bb.\u00a0<\/p>\n<p>\u00a0<\/p>\n","protected":false},"excerpt":{"rendered":"Posted On 10 juin 2025 La f\u00eate des tuiles revient le samedi 14 juin prochain sur le Cours&hellip;\n","protected":false},"author":2,"featured_media":165498,"comment_status":"","ping_status":"","sticky":false,"template":"","format":"standard","meta":{"footnotes":""},"categories":[9566],"tags":[1111,11,2430,10131,9607,1777,674,1011,27,2731,10307,10612,12,19254,25],"class_list":{"0":"post-165497","1":"post","2":"type-post","3":"status-publish","4":"format-standard","5":"has-post-thumbnail","7":"category-grenoble","8":"tag-actu","9":"tag-actualites","10":"tag-auvergne-rhone-alpes","11":"tag-elisa-martin","12":"tag-eric-piolle","13":"tag-eu","14":"tag-europe","15":"tag-fr","16":"tag-france","17":"tag-grenoble","18":"tag-jean-benoit-vigny","19":"tag-lucille-lheureux","20":"tag-news","21":"tag-pierre-pavy","22":"tag-republique-francaise"},"share_on_mastodon":{"url":"https:\/\/pubeurope.com\/@fr\/114658734651941320","error":""},"_links":{"self":[{"href":"https:\/\/www.europesays.com\/fr\/wp-json\/wp\/v2\/posts\/165497","targetHints":{"allow":["GET"]}}],"collection":[{"href":"https:\/\/www.europesays.com\/fr\/wp-json\/wp\/v2\/posts"}],"about":[{"href":"https:\/\/www.europesays.com\/fr\/wp-json\/wp\/v2\/types\/post"}],"author":[{"embeddable":true,"href":"https:\/\/www.europesays.com\/fr\/wp-json\/wp\/v2\/users\/2"}],"replies":[{"embeddable":true,"href":"https:\/\/www.europesays.com\/fr\/wp-json\/wp\/v2\/comments?post=165497"}],"version-history":[{"count":0,"href":"https:\/\/www.europesays.com\/fr\/wp-json\/wp\/v2\/posts\/165497\/revisions"}],"wp:featuredmedia":[{"embeddable":true,"href":"https:\/\/www.europesays.com\/fr\/wp-json\/wp\/v2\/media\/165498"}],"wp:attachment":[{"href":"https:\/\/www.europesays.com\/fr\/wp-json\/wp\/v2\/media?parent=165497"}],"wp:term":[{"taxonomy":"category","embeddable":true,"href":"https:\/\/www.europesays.com\/fr\/wp-json\/wp\/v2\/categories?post=165497"},{"taxonomy":"post_tag","embeddable":true,"href":"https:\/\/www.europesays.com\/fr\/wp-json\/wp\/v2\/tags?post=165497"}],"curies":[{"name":"wp","href":"https:\/\/api.w.org\/{rel}","templated":true}]}}