{"id":165501,"date":"2025-06-10T11:04:08","date_gmt":"2025-06-10T11:04:08","guid":{"rendered":"https:\/\/www.europesays.com\/fr\/165501\/"},"modified":"2025-06-10T11:04:08","modified_gmt":"2025-06-10T11:04:08","slug":"le-conducteur-et-le-pere-condamnes","status":"publish","type":"post","link":"https:\/\/www.europesays.com\/fr\/165501\/","title":{"rendered":"le conducteur&#8230; et le p\u00e8re condamn\u00e9s"},"content":{"rendered":"<p>            Par<br \/>\n        <strong><br \/>\n            <a href=\"https:\/\/actu.fr\/auteur\/redaction-rennes\" title=\"Consulter tous les articles de R\u00e9daction Rennes\" target=\"_blank\" rel=\"noopener\">R\u00e9daction Rennes<\/a><br \/>\n        <\/strong><\/p>\n<p>        Publi\u00e9 le<\/p>\n<p>            10 juin 2025 \u00e0 12h05        <\/p>\n<p><a href=\"https:\/\/actu.fr\/bretagne\/acigne_35001\/accident-pres-de-rennes-enfant-de-4-ans-mort-chauffeur-mis-en-examen-ce-que-l-on-sait_60917044.html\" target=\"_blank\" rel=\"noopener\">Le choc \u00e9tait tel que le petit gar\u00e7on de quatre ans et demi, Sacha, \u00e9tait d\u00e9c\u00e9d\u00e9 des suites de ses blessures<\/a>. Le 5\u00a0avril 2024, \u00e0 22h40, sur la route d\u00e9partementale 92 dans la commune d\u2019Acign\u00e9, <strong>un terrible accident<\/strong> s\u2019\u00e9tait produit entre <strong>deux voitures.<\/strong> Anthony X. roulait \u00e0 \u00ab<strong>\u2009environ 110\u00a0km\/h\u2009\u00bb<\/strong> alors que la vitesse y \u00e9tait pourtant limit\u00e9e \u00e0 70\u00a0km\/h. Ce dernier, <strong>alcoolis\u00e9<\/strong> au moment des faits, est pass\u00e9 devant <strong>le tribunal correctionnel de Rennes<\/strong> mardi 3\u00a0juin 2025 pour <strong>r\u00e9pondre<\/strong> <strong>de ses actes.<\/strong><\/p>\n<p>Son p\u00e8re roulait \u00ab\u2009prudemment\u2009\u00bb<\/p>\n<p class=\" wall-content\">Lors de l\u2019accident, Anthony X. conduisait une <strong>BMW.<\/strong> La seconde voiture \u00e9tait, elle, conduite par J\u00e9r\u00e9my X.\u2009: ce p\u00e8re de famille avait accompagn\u00e9 son fils, Sacha, <strong>au spectacle de son \u00e9cole,<\/strong> puis tous deux \u00e9taient ensuite all\u00e9s <strong>d\u00eener<\/strong> dans un restaurant de Cesson-S\u00e9vign\u00e9 avec une amie du p\u00e8re de famille.<\/p>\n<p class=\" wall-content\">Tous trois rentraient vers Acign\u00e9 quand l\u2019impact \u00e9tait survenu. <strong>Le pronostic vital<\/strong> de l\u2019enfant \u2013 qui \u00e9tait alors \u00ab\u2009dans son si\u00e8ge auto\u2009\u00bb \u2013 avait \u00e9t\u00e9 imm\u00e9diatement <strong>engag\u00e9.<\/strong> Sacha \u00e9tait finalement d\u00e9c\u00e9d\u00e9 le lendemain, \u00e0 20h23.<\/p>\n<p class=\" wall-content\">Son p\u00e8re J\u00e9r\u00e9my X. roulait pourtant <strong>\u00ab\u2009tr\u00e8s prudemment\u2009\u00bb,<\/strong> \u00e0<strong> \u00ab\u200920\u00a0km\/h\u2009\u00bb<\/strong> lors de la collision. L\u2019accident ne se serait donc \u00ab\u2009pas produit\u2009\u00bb et \u00ab\u2009Sacha serait rentr\u00e9 chez lui ce soir-l\u00e0\u2009\u00bb si le premier automobiliste <strong>avait respect\u00e9 la limitation de vitesse,<\/strong> en a d\u00e9duit son avocate Me Pauline Kerloegan.<\/p>\n<p>Un chauffeur multi-r\u00e9cidiviste<\/p>\n<p class=\" wall-content\">Le principal pr\u00e9venu dans l\u2019affaire \u00e9tait en outre <strong>\u00ab\u2009agressif\u2009\u00bb<\/strong> et <strong>\u00ab\u2009mena\u00e7ant\u2009\u00bb<\/strong> quand les gendarmes \u00e9taient arriv\u00e9s sur les lieux de l\u2019accident\u2009: Anthony X. avait<strong> 2,6\u00a0g d\u2019alcool<\/strong> par litre de sang et \u00e9tait <strong>positif aux stup\u00e9fiants.<\/strong><\/p>\n<p class=\" wall-content\">Pr\u00e9sent\u00e9 comme un <strong>\u00ab\u2009d\u00e9linquant routier multi-r\u00e9cidiviste\u2009\u00bb,<\/strong> il fume en effet du cannabis \u00ab\u2009tous les jours\u2009\u00bb et avait bu de l\u2019alcool \u00ab\u2009depuis midi\u2009\u00bb ce jour-l\u00e0. Son casier judiciaire portait ainsi trace de douze mentions, dont plusieurs pour \u00ab\u2009conduite sous l\u2019empire d\u2019un \u00e9tat alcoolique\u2009\u00bb.<\/p>\n<p>Un p\u00e8re \u00ab\u2009broy\u00e9\u2009\u00bb par le d\u00e9c\u00e8s de son fils<\/p>\n<p class=\" wall-content\">J\u00e9r\u00e9my X. pr\u00e9sentait quant \u00e0 lui un casier judiciaire vierge. Cet homme de 34\u00a0ans est aujourd\u2019hui <strong>\u00ab\u2009broy\u00e9 de l\u2019int\u00e9rieur\u2009\u00bb par le d\u00e9c\u00e8s de son fils<\/strong>\u2009: ce \u00ab\u2009soudeur en plasturgie\u2009\u00bb est d\u2019ailleurs actuellement en arr\u00eat de travail. Son avocat, Me Henry Ermeneux, a soulign\u00e9 qu\u2019avec \u00ab\u2009un parcours de vie compliqu\u00e9\u2009\u00bb, son fils \u00e9tait \u00ab\u2009peu ou prou sa seule famille\u2009\u00bb.<\/p>\n<p class=\" wall-content\">L\u2019avocat rennais de la famille du d\u00e9funt avait ainsi <strong>implor\u00e9<\/strong> le tribunal correctionnel de Rennes <strong>de prendre une d\u00e9cision \u00ab\u2009juste\u2009\u00bb,<\/strong> celle qui les \u00ab\u2009apaisera\u2009\u00bb.<\/p>\n<p class=\" wall-content\">L\u2019avocat d\u2019Anthony X., Me K\u00e9vin Descamps-Guezou, avait de son c\u00f4t\u00e9 rappel\u00e9 que son client \u00ab\u2009assumait enti\u00e8rement sa responsabilit\u00e9\u2009\u00bb et qu\u2019<strong>un \u00ab\u2009suivi en addictologie\u2009\u00bb<\/strong> pourrait lui \u00eatre utile.<\/p>\n<p>Tous les deux coupables<\/p>\n<p class=\" wall-content\">Le tribunal correctionnel de Rennes a finalement reconnu Anthony X. et J\u00e9r\u00e9my X.<strong> tous les deux coupables<\/strong>\u2009: le premier a \u00e9t\u00e9 condamn\u00e9 \u00e0 <strong>sept ans de prison,<\/strong> \u00e0 l\u2019annulation de son permis de conduire et \u00e0 l\u2019interdiction de le repasser pendant sept ans.<\/p>\n<p class=\" wall-content\">Quant au p\u00e8re de Sacha, alors que le parquet avait requis sa relaxe, il a lui aussi \u00e9t\u00e9 reconnu coupable d\u2019un \u00ab\u2009homicide involontaire\u2009\u00bb\u2009: le tribunal correctionnel de Rennes a consid\u00e9r\u00e9 qu\u2019il avait lui aussi commis une \u00ab\u2009faute de conduite\u2009\u00bb en manque<strong> d\u2019attention au volant. Cette faute n\u2019a toutefois pas \u00e9t\u00e9 d\u00e9taill\u00e9e<\/strong>. Il a \u00e9t\u00e9 n\u00e9anmoins <strong>dispens\u00e9 de peine,<\/strong> au vu du contexte.<\/p>\n<p class=\" wall-content\">Ce vendredi 6\u00a0juin 2025, les avocats des deux pr\u00e9venus ont toutefois annonc\u00e9 avoir fait appel chacun de leur c\u00f4t\u00e9 du jugement.<\/p>\n<p class=\" wall-content\"><strong>IP et CB (PressPepper)<\/strong><\/p>\n<p class=\" wall-content\">Suivez toute l\u2019actualit\u00e9 de vos villes et m\u00e9dias favoris en vous inscrivant \u00e0 <a href=\"https:\/\/moncompte.actu.fr\" title=\"D\u00e9couvez Mon Actu\" rel=\"nofollow noopener\" data-trk=\"{&quot;cta&quot;:{&quot;action&quot;:&quot;https:\\\/\\\/moncompte.actu.fr&quot;,&quot;category&quot;:&quot;mon compte&quot;,&quot;from&quot;:&quot;article footer&quot;,&quot;name&quot;:&quot;Mon actu&quot;,&quot;type&quot;:&quot;cta&quot;}}\" target=\"_blank\">Mon Actu<\/a>.<\/p>\n","protected":false},"excerpt":{"rendered":"Par R\u00e9daction Rennes Publi\u00e9 le 10 juin 2025 \u00e0 12h05 Le choc \u00e9tait tel que le petit gar\u00e7on&hellip;\n","protected":false},"author":2,"featured_media":165502,"comment_status":"","ping_status":"","sticky":false,"template":"","format":"standard","meta":{"footnotes":""},"categories":[2821],"tags":[119,1111,11,5702,829,1777,674,118,1011,27,303,12,584,25],"class_list":{"0":"post-165501","1":"post","2":"type-post","3":"status-publish","4":"format-standard","5":"has-post-thumbnail","7":"category-rennes","8":"tag-accident","9":"tag-actu","10":"tag-actualites","11":"tag-alcool","12":"tag-bretagne","13":"tag-eu","14":"tag-europe","15":"tag-faits-divers","16":"tag-fr","17":"tag-france","18":"tag-justice","19":"tag-news","20":"tag-rennes","21":"tag-republique-francaise"},"share_on_mastodon":{"url":"https:\/\/pubeurope.com\/@fr\/114658742469424674","error":""},"_links":{"self":[{"href":"https:\/\/www.europesays.com\/fr\/wp-json\/wp\/v2\/posts\/165501","targetHints":{"allow":["GET"]}}],"collection":[{"href":"https:\/\/www.europesays.com\/fr\/wp-json\/wp\/v2\/posts"}],"about":[{"href":"https:\/\/www.europesays.com\/fr\/wp-json\/wp\/v2\/types\/post"}],"author":[{"embeddable":true,"href":"https:\/\/www.europesays.com\/fr\/wp-json\/wp\/v2\/users\/2"}],"replies":[{"embeddable":true,"href":"https:\/\/www.europesays.com\/fr\/wp-json\/wp\/v2\/comments?post=165501"}],"version-history":[{"count":0,"href":"https:\/\/www.europesays.com\/fr\/wp-json\/wp\/v2\/posts\/165501\/revisions"}],"wp:featuredmedia":[{"embeddable":true,"href":"https:\/\/www.europesays.com\/fr\/wp-json\/wp\/v2\/media\/165502"}],"wp:attachment":[{"href":"https:\/\/www.europesays.com\/fr\/wp-json\/wp\/v2\/media?parent=165501"}],"wp:term":[{"taxonomy":"category","embeddable":true,"href":"https:\/\/www.europesays.com\/fr\/wp-json\/wp\/v2\/categories?post=165501"},{"taxonomy":"post_tag","embeddable":true,"href":"https:\/\/www.europesays.com\/fr\/wp-json\/wp\/v2\/tags?post=165501"}],"curies":[{"name":"wp","href":"https:\/\/api.w.org\/{rel}","templated":true}]}}