{"id":165505,"date":"2025-06-10T11:06:11","date_gmt":"2025-06-10T11:06:11","guid":{"rendered":"https:\/\/www.europesays.com\/fr\/165505\/"},"modified":"2025-06-10T11:06:11","modified_gmt":"2025-06-10T11:06:11","slug":"trois-jours-de-cabaret-pour-feter-ses-35-ans","status":"publish","type":"post","link":"https:\/\/www.europesays.com\/fr\/165505\/","title":{"rendered":"trois jours de cabaret pour f\u00eater ses 35 ans"},"content":{"rendered":"<p>\u00c0 l\u2019occasion de ses 35 ans, l\u2019association Graine de Cirque propose une \u00e9dition unique de son <a href=\"https:\/\/www.dna.fr\/culture-loisirs\/2023\/06\/09\/les-pros-entrent-en-piste-pour-le-cabaret-de-graine-de-cirque\" target=\"_blank\" rel=\"nofollow noopener\">Cabaret des Deux Rives<\/a>. Une douzaine d\u2019artistes nationaux, internationaux ainsi que d\u2019anciens \u00e9l\u00e8ves devenus professionnels proposeront une suite de num\u00e9ros vari\u00e9s.\u00a0de l\u2019humour \u00e0 la po\u00e9sie, du trap\u00e8ze \u00e0 la jonglerie en passant par du m\u00e2t chinois, de la corde ou encore du clown.<\/p>\n<p>Ce contenu est bloqu\u00e9 car vous n&rsquo;avez pas accept\u00e9 les cookies et autres traceurs.<\/p>\n<p>En cliquant sur \u00ab J\u2019accepte \u00bb, les cookies et autres traceurs seront d\u00e9pos\u00e9s et vous pourrez visualiser les contenus  (<a href=\"\" class=\"consentModule_policy\" target=\"_blank\" title=\"Consulter la politique de protection des donn\u00e9es du fournisseur\">plus d&rsquo;informations<\/a>).<\/p>\n<p>En cliquant sur \u00ab J\u2019accepte tous les cookies \u00bb, vous autorisez des d\u00e9p\u00f4ts de cookies et autres traceurs pour le stockage de vos donn\u00e9es sur nos sites et applications \u00e0 des fins de personnalisation et de ciblage publicitaire.<\/p>\n<p class=\"consentModule_secondaryText\">Vous gardez la possibilit\u00e9 de retirer votre consentement \u00e0 tout moment en consultant notre <a href=\"https:\/\/www.dna.fr\/protection-des-donnees\" target=\"_blank\" title=\"Consulter notre politique de protection des donn\u00e9es\" rel=\"nofollow noopener\">politique de protection des donn\u00e9es<\/a>. <br \/>&#13;<br \/>\n            <a href=\"https:\/\/www.dna.fr\/culture-loisirs\/2025\/06\/10\/javascript:Didomi.notice.show()\" class=\"consentModule_cmp\" rel=\"nofollow noopener\" target=\"_blank\">G\u00e9rer mes choix<\/a>&#13;\n        <\/p>\n<p>&#13;<br \/>\n                        J&rsquo;accepte&#13;<br \/>\n            J&rsquo;accepte tous les cookies&#13;\n        <\/p>\n<p>  Une douzaine d\u2019artistes locaux et internationaux<\/p>\n<p>Le cabaret d\u2019une dur\u00e9e d\u20191\u00a0h\u00a045 se produira sur trois jours avec deux soir\u00e9es (vendredi et samedi \u00e0 20\u00a0h). La version du dimanche sera raccourcie (1\u00a0h\u00a015) et propos\u00e9e \u00e0 16\u00a0h pour \u00eatre accessible au jeune public.<\/p>\n<p>Ce contenu est bloqu\u00e9 car vous n&rsquo;avez pas accept\u00e9 les cookies et autres traceurs.<\/p>\n<p>En cliquant sur \u00ab J\u2019accepte \u00bb, les cookies et autres traceurs seront d\u00e9pos\u00e9s et vous pourrez visualiser les contenus  (<a href=\"\" class=\"consentModule_policy\" target=\"_blank\" title=\"Consulter la politique de protection des donn\u00e9es du fournisseur\">plus d&rsquo;informations<\/a>).<\/p>\n<p>En cliquant sur \u00ab J\u2019accepte tous les cookies \u00bb, vous autorisez des d\u00e9p\u00f4ts de cookies et autres traceurs pour le stockage de vos donn\u00e9es sur nos sites et applications \u00e0 des fins de personnalisation et de ciblage publicitaire.<\/p>\n<p class=\"consentModule_secondaryText\">Vous gardez la possibilit\u00e9 de retirer votre consentement \u00e0 tout moment en consultant notre <a href=\"https:\/\/www.dna.fr\/protection-des-donnees\" target=\"_blank\" title=\"Consulter notre politique de protection des donn\u00e9es\" rel=\"nofollow noopener\">politique de protection des donn\u00e9es<\/a>. <br \/>&#13;<br \/>\n            <a href=\"https:\/\/www.dna.fr\/culture-loisirs\/2025\/06\/10\/javascript:Didomi.notice.show()\" class=\"consentModule_cmp\" rel=\"nofollow noopener\" target=\"_blank\">G\u00e9rer mes choix<\/a>&#13;\n        <\/p>\n<p>&#13;<br \/>\n                        J&rsquo;accepte&#13;<br \/>\n            J&rsquo;accepte tous les cookies&#13;\n        <\/p>\n<p>Les\u00a0spectacles des \u00e9l\u00e8ves de l\u2019\u00e9cole de cirque se d\u00e9rouleront \u00e0 11\u00a0h et 16\u00a0h le samedi 14\u00a0juin. L\u2019entr\u00e9e sera libre, mais la r\u00e9servation conseill\u00e9e.<\/p>\n<p>Cr\u00e9\u00e9e en 1990, l\u2019association <a href=\"https:\/\/www.dna.fr\/edition-de-strasbourg\/2017\/08\/04\/graine-de-cirque-en-piste-pour-le-handicap\" target=\"_blank\" rel=\"nofollow noopener\">Graine de cirque<\/a> a d\u2019abord \u00e9t\u00e9 itin\u00e9rante avant de s\u2019installer \u00e0 Schiltigheim en 1996, puis de poser d\u00e9finitivement ses chapiteaux aux abords du jardin des Deux Rives en 1999. Devenue aujourd\u2019hui l\u2019une des cinq plus grandes \u00e9coles de cirque amateur de France, elle accueille chaque ann\u00e9e pr\u00e8s de 500 \u00e9l\u00e8ves \u00e0 ses cours et \u0153uvre aupr\u00e8s de 5\u00a0800 jeunes dans le cadre scolaire.<\/p>\n<p class=\"note\">Jardin des Deux Rives. \u00c0 partir de 16\u00a0\u20ac. Tarif r\u00e9duit pour les \u2013 14 ans et pass famille. R\u00e9servation sur www.grainedecirque.fr<\/p>\n","protected":false},"excerpt":{"rendered":"\u00c0 l\u2019occasion de ses 35 ans, l\u2019association Graine de Cirque propose une \u00e9dition unique de son Cabaret des&hellip;\n","protected":false},"author":2,"featured_media":165506,"comment_status":"","ping_status":"","sticky":false,"template":"","format":"standard","meta":{"footnotes":""},"categories":[2820],"tags":[1111,11,1687,2880,1777,674,107,1011,27,775,12,25,3140,640,2879],"class_list":{"0":"post-165505","1":"post","2":"type-post","3":"status-publish","4":"format-standard","5":"has-post-thumbnail","7":"category-strasbourg","8":"tag-actu","9":"tag-actualites","10":"tag-culture-loisirs","11":"tag-edition-strasbourg","12":"tag-eu","13":"tag-europe","14":"tag-fil-info","15":"tag-fr","16":"tag-france","17":"tag-grand-est","18":"tag-news","19":"tag-republique-francaise","20":"tag-spectacle","21":"tag-strasbourg","22":"tag-strasbourg-ville"},"share_on_mastodon":{"url":"https:\/\/pubeurope.com\/@fr\/114658750164442132","error":""},"_links":{"self":[{"href":"https:\/\/www.europesays.com\/fr\/wp-json\/wp\/v2\/posts\/165505","targetHints":{"allow":["GET"]}}],"collection":[{"href":"https:\/\/www.europesays.com\/fr\/wp-json\/wp\/v2\/posts"}],"about":[{"href":"https:\/\/www.europesays.com\/fr\/wp-json\/wp\/v2\/types\/post"}],"author":[{"embeddable":true,"href":"https:\/\/www.europesays.com\/fr\/wp-json\/wp\/v2\/users\/2"}],"replies":[{"embeddable":true,"href":"https:\/\/www.europesays.com\/fr\/wp-json\/wp\/v2\/comments?post=165505"}],"version-history":[{"count":0,"href":"https:\/\/www.europesays.com\/fr\/wp-json\/wp\/v2\/posts\/165505\/revisions"}],"wp:featuredmedia":[{"embeddable":true,"href":"https:\/\/www.europesays.com\/fr\/wp-json\/wp\/v2\/media\/165506"}],"wp:attachment":[{"href":"https:\/\/www.europesays.com\/fr\/wp-json\/wp\/v2\/media?parent=165505"}],"wp:term":[{"taxonomy":"category","embeddable":true,"href":"https:\/\/www.europesays.com\/fr\/wp-json\/wp\/v2\/categories?post=165505"},{"taxonomy":"post_tag","embeddable":true,"href":"https:\/\/www.europesays.com\/fr\/wp-json\/wp\/v2\/tags?post=165505"}],"curies":[{"name":"wp","href":"https:\/\/api.w.org\/{rel}","templated":true}]}}