{"id":165509,"date":"2025-06-10T11:08:10","date_gmt":"2025-06-10T11:08:10","guid":{"rendered":"https:\/\/www.europesays.com\/fr\/165509\/"},"modified":"2025-06-10T11:08:10","modified_gmt":"2025-06-10T11:08:10","slug":"sommet-des-oceans-au-port-de-nice-les-commercants-enragent-cest-une-honte","status":"publish","type":"post","link":"https:\/\/www.europesays.com\/fr\/165509\/","title":{"rendered":"Sommet des Oc\u00e9ans. Au port de Nice, les commer\u00e7ants enragent : \u00ab\u00a0C&rsquo;est une honte\u00a0\u00bb"},"content":{"rendered":"<p>            Par<br \/>\n        <strong><br \/>\n            <a href=\"https:\/\/actu.fr\/auteur\/ugo-maillard\" title=\"Consulter tous les articles de Ugo Maillard\" rel=\"nofollow noopener\" target=\"_blank\">Ugo Maillard<\/a><br \/>\n        <\/strong><\/p>\n<p>        Publi\u00e9 le<\/p>\n<p>            10 juin 2025 \u00e0 12h36        <\/p>\n<p>\u00ab\u2009C\u2019est le retour du Covid\u2009?\u2009\u00bb En ce lundi matin 9\u00a0juin 2025, un calme \u00e9tonnant r\u00e8gne sur le <strong>port Lympia<\/strong> de <a href=\"https:\/\/actu.fr\/nice\/\" rel=\"nofollow noopener\" target=\"_blank\">Nice<\/a>. Alors que le <a href=\"https:\/\/actu.fr\/dossier\/sommet-des-oceans-a-nice-tout-ce-qu-il-faut-savoir-sur-la-conference-de-l-onu_62542007.html\" rel=\"nofollow noopener\" target=\"_blank\">sommet des Oc\u00e9ans<\/a> de l\u2019Onu est officiellement lanc\u00e9 au centre des congr\u00e8s, en pr\u00e9sence d\u2019Emmanuel Macron, de Christian Estrosi et d\u2019une soixantaine de chefs d\u2019\u00c9tats, la col\u00e8re monte \u00e0 quelques m\u00e8tres de l\u00e0. Depuis la mise en place de la <a href=\"https:\/\/actu.fr\/provence-alpes-cote-d-azur\/nice_06088\/sommet-des-oceans-a-nice-voici-les-points-d-entrees-et-de-sorties-de-la-zone-protegee_62706672.html\" rel=\"nofollow noopener\" target=\"_blank\">zone de protection<\/a> qui ferme l\u2019acc\u00e8s au port pour le grand public, les <strong>restaurateurs et commer\u00e7ants du port<\/strong> se sentent d\u00e9laiss\u00e9s.<\/p>\n<p class=\" wall-content\">Ils racontent leur longue journ\u00e9e d\u2019attente et leurs craintes quant \u00e0 une baisse du chiffre d\u2019affaires.<\/p>\n<p>\u00ab\u2009Je me bats pour avoir des clients\u2009\u00bb<\/p>\n<p class=\" wall-content\">Sur le quai Lunel du port de Nice, le silence n\u2019est interrompu que par les sir\u00e8nes hurlantes des cort\u00e8ges officiels se rendant \u00e0 l\u2019<strong>Unoc-3.<\/strong><\/p>\n<p>    <a href=\"https:\/\/www.google.com\/maps\/embed?pb=!1m18!1m12!1m3!1d3531.037696781481!2d7.2856673833947685!3d43.69582220975122!2m3!1f0!2f0!3f0!3m2!1i1024!2i768!4f13.1!3m3!1m2!1s0x12cddabef3fde1f5%3A0x1a5a6063782148a8!2sQuai%20Lunel%2C%2006300%20Nice!5e0!3m2!1sfr!2sfr!4v1749544366844!5m2!1sfr!2sfr\" title=\"Ouvrie le lien\" rel=\"nofollow noopener\" target=\"_blank\">Cliquez ici pour visualiser le contenu<\/a><\/p>\n<p class=\" wall-content\">\u00c0 quelques encablures de la pointe de Rauba Capeu, \u00e0 la Shounga, un bar \u00e0 tapas, les clients se font rares. \u00ab\u2009C\u2019est tr\u00e8s calme\u2009\u00bb, appuie le patron des lieux. \u00ab\u2009Je suis oblig\u00e9 de me battre pour avoir des clients en allant les d\u00e9marcher dans la rue et je vous parle uniquement du midi\u2026 Le soir, on ferme.\u2009\u00bb<\/p>\n<blockquote class=\"ac-article-quote wall-content\">\n<p>On s\u2019en doutait, mais \u00e7a va faire extr\u00eamement mal \u00e0 nos comptes. On esp\u00e8re malgr\u00e9 tout qu&rsquo;il y aura du monde d&rsquo;ici \u00e0 la fin de semaine.\n<\/p>\n<p>    <strong>G\u00e9rant de la Shounga<\/strong>\n            <\/p><\/blockquote>\n<p class=\" wall-content\">Malgr\u00e9 une col\u00e8re non dissimul\u00e9e, le commer\u00e7ant ni\u00e7ois tente de se rassurer. \u00ab\u2009\u00c7a nous permet de faire les choses pour lesquelles on n\u2019a jamais le temps\u2009\u00bb, rigole le patron du restaurant en train d\u2019effectuer sa comptabilit\u00e9.<\/p>\n<p>\u00ab\u2009Rien n\u2019est fait pour nous\u2009\u00bb<\/p>\n<p class=\" wall-content\">De l\u2019autre c\u00f4t\u00e9 du port, sur le quai des Deux-Emmanuels, le son de cloche n\u2019est gu\u00e8re diff\u00e9rent. \u00ab\u2009Honn\u00eatement, c\u2019est chaud\u2009\u00bb, souffle cette serveuse d\u2019un restaurant de poisson qui <strong>a d\u00fb fermer deux jours<\/strong> en raison du manque de clients. \u00ab\u2009On est tr\u00e8s impact\u00e9 parce qu\u2019on a du mal \u00e0 remplir notre restaurant le midi.\u2009\u00bb<\/p>\n<p class=\" wall-content\">Elle d\u00e9nonce une organisation rat\u00e9e de la part de l\u2019Onu. \u00ab\u2009La mairie et la pr\u00e9fecture ont r\u00e9ussi \u00e0 nous garantir un acc\u00e8s, mais les participants du sommet se retrouvent dans la zone Onu et ne peuvent pas venir jusqu\u2019\u00e0 nous. J\u2019ai d\u00fb servir des caf\u00e9s par-dessus les barri\u00e8res, c\u2019est une honte\u2009\u00bb, d\u00e9plore la restauratrice.<\/p>\n<p class=\" wall-content\">Et les avis sont les m\u00eames un peu plus haut sur le quai. \u00ab\u2009C\u2019est terriblement calme depuis quatre jours. Les rares clients \u00e0 venir consomment \u00e0 peine et je ne vous parle m\u00eame pas de ceux qui s\u2019assoient sans vouloir commander\u2009\u00bb, s\u2019agace ce serveur d\u2019un bar \u00e0 bi\u00e8re.<\/p>\n<p>Vers des compensations ?<\/p>\n<p>Lors de r\u00e9unions publiques avec les commer\u00e7ants, la pr\u00e9fecture des Alpes-Maritimes avait \u00e9voqu\u00e9 la possibilit\u00e9 de mettre en place des compensations financi\u00e8res en pr\u00e9sentant le chiffre d&rsquo;affaires de l&rsquo;ann\u00e9e pr\u00e9c\u00e9dente sur la m\u00eame p\u00e9riode. <br \/>Un dispositif similaire \u00e0 celui dont les commer\u00e7ants ont pu b\u00e9n\u00e9ficier lors des confinements qui n&rsquo;est, pour l&rsquo;heure, pas officiel.<\/p>\n<p>\u00ab\u2009On est puni\u2009\u00bb<\/p>\n<p class=\" wall-content\">Les <a href=\"https:\/\/actu.fr\/provence-alpes-cote-d-azur\/nice_06088\/sommet-des-oceans-au-port-de-nice-quelles-options-pour-les-restaurants_62527712.html\" rel=\"nofollow noopener\" target=\"_blank\">craintes des commer\u00e7ants<\/a> du port \u00e9voqu\u00e9es des semaines avant l\u2019ouverture du sommet des Oc\u00e9ans semblent devenir r\u00e9alit\u00e9.<\/p>\n<p class=\" wall-content\">Si les restaurateurs accueillent malgr\u00e9 tout quelques congressistes le midi, le bilan est encore plus fam\u00e9lique du c\u00f4t\u00e9 des<strong> puces de Nice<\/strong>. \u00ab\u2009On est puni, ici, toute la semaine\u2009\u00bb, peste Louis et Marie-Paul.<\/p>\n<p>    <img   decoding=\"async\" loading=\"lazy\" src=\"https:\/\/www.europesays.com\/fr\/wp-content\/uploads\/2025\/06\/nice-port-puce-960x640.png\" alt=\"Les commer\u00e7ants des puces de Nice se sentent abandonn\u00e9s.\" width=\"960\" height=\"640\"\/><br \/>\n    Les commer\u00e7ants des puces de Nice se sentent abandonn\u00e9s. (\u00a9Ugo Maillard \/ actu Nice)<\/p>\n<p class=\" wall-content\">Les deux commer\u00e7ants install\u00e9s aux puces de Nice n\u2019ont pas vu l\u2019ombre d\u2019un client depuis l\u2019instauration du p\u00e9rim\u00e8tre de s\u00e9curit\u00e9.<\/p>\n<p class=\" wall-content\">Ils esp\u00e8rent cependant que la venue des cam\u00e9ras du monde entier permettra de \u00ab\u2009donner une belle image \u00e0 notre ville\u2009\u00bb.<\/p>\n<p class=\" wall-content\">Suivez toute l\u2019actualit\u00e9 de vos villes et m\u00e9dias favoris en vous inscrivant \u00e0 <a href=\"https:\/\/moncompte.actu.fr\" title=\"D\u00e9couvez Mon Actu\" rel=\"nofollow noopener\" data-trk=\"{&quot;cta&quot;:{&quot;action&quot;:&quot;https:\\\/\\\/moncompte.actu.fr&quot;,&quot;category&quot;:&quot;mon compte&quot;,&quot;from&quot;:&quot;article footer&quot;,&quot;name&quot;:&quot;Mon actu&quot;,&quot;type&quot;:&quot;cta&quot;}}\" target=\"_blank\">Mon Actu<\/a>.<\/p>\n","protected":false},"excerpt":{"rendered":"Par Ugo Maillard Publi\u00e9 le 10 juin 2025 \u00e0 12h36 \u00ab\u2009C\u2019est le retour du Covid\u2009?\u2009\u00bb En ce lundi&hellip;\n","protected":false},"author":2,"featured_media":165510,"comment_status":"","ping_status":"","sticky":false,"template":"","format":"standard","meta":{"footnotes":""},"categories":[2819],"tags":[1111,11,215,33,1777,674,1011,27,12,2401,882,25,1340],"class_list":{"0":"post-165509","1":"post","2":"type-post","3":"status-publish","4":"format-standard","5":"has-post-thumbnail","7":"category-nice","8":"tag-actu","9":"tag-actualites","10":"tag-commerce","11":"tag-economie","12":"tag-eu","13":"tag-europe","14":"tag-fr","15":"tag-france","16":"tag-news","17":"tag-nice","18":"tag-provence-alpes-cote-dazur","19":"tag-republique-francaise","20":"tag-restaurant"},"share_on_mastodon":{"url":"https:\/\/pubeurope.com\/@fr\/114658758394356761","error":""},"_links":{"self":[{"href":"https:\/\/www.europesays.com\/fr\/wp-json\/wp\/v2\/posts\/165509","targetHints":{"allow":["GET"]}}],"collection":[{"href":"https:\/\/www.europesays.com\/fr\/wp-json\/wp\/v2\/posts"}],"about":[{"href":"https:\/\/www.europesays.com\/fr\/wp-json\/wp\/v2\/types\/post"}],"author":[{"embeddable":true,"href":"https:\/\/www.europesays.com\/fr\/wp-json\/wp\/v2\/users\/2"}],"replies":[{"embeddable":true,"href":"https:\/\/www.europesays.com\/fr\/wp-json\/wp\/v2\/comments?post=165509"}],"version-history":[{"count":0,"href":"https:\/\/www.europesays.com\/fr\/wp-json\/wp\/v2\/posts\/165509\/revisions"}],"wp:featuredmedia":[{"embeddable":true,"href":"https:\/\/www.europesays.com\/fr\/wp-json\/wp\/v2\/media\/165510"}],"wp:attachment":[{"href":"https:\/\/www.europesays.com\/fr\/wp-json\/wp\/v2\/media?parent=165509"}],"wp:term":[{"taxonomy":"category","embeddable":true,"href":"https:\/\/www.europesays.com\/fr\/wp-json\/wp\/v2\/categories?post=165509"},{"taxonomy":"post_tag","embeddable":true,"href":"https:\/\/www.europesays.com\/fr\/wp-json\/wp\/v2\/tags?post=165509"}],"curies":[{"name":"wp","href":"https:\/\/api.w.org\/{rel}","templated":true}]}}