{"id":16551,"date":"2025-04-11T04:54:21","date_gmt":"2025-04-11T04:54:21","guid":{"rendered":"https:\/\/www.europesays.com\/fr\/16551\/"},"modified":"2025-04-11T04:54:21","modified_gmt":"2025-04-11T04:54:21","slug":"france-pays-bas-a-quelle-heure-et-sur-quelle-chaine-tv-voir-le-match-amical-des-bleues-du-handball","status":"publish","type":"post","link":"https:\/\/www.europesays.com\/fr\/16551\/","title":{"rendered":"France-Pays Bas : \u00e0 quelle heure et sur quelle cha\u00eene TV voir le match amical des Bleues du handball ?"},"content":{"rendered":"<p class=\"paragraph text_align_left\">C\u2019est la premi\u00e8re des deux confrontations qu\u2019aura \u00e0 jouer l\u2019\u00e9quipe de France face aux Pays-Bas : un premier amical est pr\u00e9vu ce jeudi \u00e0 l\u2019Arena-Loire de Tr\u00e9laz\u00e9 (Maine-et-Loire), avant de se rendre deux jours plus tard au Colis\u00e9e de Chartres (Eure-et-Loir). Deux rencontres qui doivent permettre aux Bleues de rebondir apr\u00e8s un dernier Euro frustrant, <a href=\"https:\/\/www.leparisien.fr\/sports\/handball\/euro-feminin-de-handball-le-tableau-des-demi-finales-avec-un-duel-france-danemark-11-12-2024-GLIFMZYCJRGATECFLDIC53NHMQ.php\" target=\"_blank\" rel=\"nofollow noopener\">boucl\u00e9 par un dernier carr\u00e9 sans m\u00e9daille (4es)<\/a>.<\/p>\n<p class=\"paragraph text_align_left\">Les Fran\u00e7aises auront \u00e0 c\u0153ur de briller face aux N\u00e9erlandaises, qu\u2019elles avaient battues cet \u00e9t\u00e9 lors des JO de Paris 2024 (victoire 32-28 en poules). Les joueuses du nouveau s\u00e9lectionneur S\u00e9bastien Gardillou, qui devrait poursuivre sa large revue d\u2019effectif <a href=\"https:\/\/www.leparisien.fr\/sports\/handball\/euro-feminin-de-handball-2026-les-bleues-connaissent-leurs-adversaires-en-qualifications-20-03-2025-GHQHV3DDBZD3HEU5JET63HNXDA.php\" target=\"_blank\" rel=\"nofollow noopener\">dans l\u2019optique de l\u2019Euro 2026<\/a> puis des JO 2028, restent sur deux succ\u00e8s contre l\u2019Allemagne (28-25 et 30-29).<\/p>\n<p class=\"paragraph text_align_left\"><b>Le coup d\u2019envoi de France-Pays Bas est pr\u00e9vu \u00e0 20h45 ce jeudi 10 avril. Le match sera \u00e0 suivre \u00e0 la t\u00e9l\u00e9vision sur beIN Sports 1.<\/b><\/p>\n","protected":false},"excerpt":{"rendered":"C\u2019est la premi\u00e8re des deux confrontations qu\u2019aura \u00e0 jouer l\u2019\u00e9quipe de France face aux Pays-Bas : un premier&hellip;\n","protected":false},"author":2,"featured_media":16552,"comment_status":"","ping_status":"","sticky":false,"template":"","format":"standard","meta":{"footnotes":""},"categories":[4],"tags":[11,1011,27,1792,12,25,60],"class_list":{"0":"post-16551","1":"post","2":"type-post","3":"status-publish","4":"format-standard","5":"has-post-thumbnail","7":"category-france","8":"tag-actualites","9":"tag-fr","10":"tag-france","11":"tag-handball","12":"tag-news","13":"tag-republique-francaise","14":"tag-sports"},"share_on_mastodon":{"url":"https:\/\/pubeurope.com\/@fr\/114317548803537649","error":""},"_links":{"self":[{"href":"https:\/\/www.europesays.com\/fr\/wp-json\/wp\/v2\/posts\/16551","targetHints":{"allow":["GET"]}}],"collection":[{"href":"https:\/\/www.europesays.com\/fr\/wp-json\/wp\/v2\/posts"}],"about":[{"href":"https:\/\/www.europesays.com\/fr\/wp-json\/wp\/v2\/types\/post"}],"author":[{"embeddable":true,"href":"https:\/\/www.europesays.com\/fr\/wp-json\/wp\/v2\/users\/2"}],"replies":[{"embeddable":true,"href":"https:\/\/www.europesays.com\/fr\/wp-json\/wp\/v2\/comments?post=16551"}],"version-history":[{"count":0,"href":"https:\/\/www.europesays.com\/fr\/wp-json\/wp\/v2\/posts\/16551\/revisions"}],"wp:featuredmedia":[{"embeddable":true,"href":"https:\/\/www.europesays.com\/fr\/wp-json\/wp\/v2\/media\/16552"}],"wp:attachment":[{"href":"https:\/\/www.europesays.com\/fr\/wp-json\/wp\/v2\/media?parent=16551"}],"wp:term":[{"taxonomy":"category","embeddable":true,"href":"https:\/\/www.europesays.com\/fr\/wp-json\/wp\/v2\/categories?post=16551"},{"taxonomy":"post_tag","embeddable":true,"href":"https:\/\/www.europesays.com\/fr\/wp-json\/wp\/v2\/tags?post=16551"}],"curies":[{"name":"wp","href":"https:\/\/api.w.org\/{rel}","templated":true}]}}