{"id":165521,"date":"2025-06-10T11:14:14","date_gmt":"2025-06-10T11:14:14","guid":{"rendered":"https:\/\/www.europesays.com\/fr\/165521\/"},"modified":"2025-06-10T11:14:14","modified_gmt":"2025-06-10T11:14:14","slug":"un-immense-parc-verra-le-jour-dici-deux-ans","status":"publish","type":"post","link":"https:\/\/www.europesays.com\/fr\/165521\/","title":{"rendered":"un immense parc verra le jour d&rsquo;ici deux ans"},"content":{"rendered":"<p>            Par<br \/>\n        <strong><br \/>\n            <a href=\"https:\/\/actu.fr\/auteur\/mareva-laville-actu-fr\" title=\"Consulter tous les articles de Mar\u00e9va Laville\" rel=\"nofollow noopener\" target=\"_blank\">Mar\u00e9va Laville<\/a><br \/>\n        <\/strong><\/p>\n<p>        Publi\u00e9 le<\/p>\n<p>            10 juin 2025 \u00e0 13h08        <\/p>\n<p>C\u2019est l\u2019un des plus gros am\u00e9nagements de <strong>l\u2019Universit\u00e9 Toulouse Capitole,<\/strong> dans ses dossiers depuis plusieurs ann\u00e9es. Apr\u00e8s <a href=\"https:\/\/actu.fr\/occitanie\/toulouse_31555\/toulouse-ce-grand-parking-pres-du-capitole-va-devenir-un-jardin-les-fouilles-debutent_61366197.html\" rel=\"nofollow noopener\" target=\"_blank\">les fouilles arch\u00e9ologiques men\u00e9es l\u2019\u00e9t\u00e9 dernier,<\/a> le parking de la fac du centre-ville va pouvoir commencer sa mutation. Ce mardi 10\u00a0juin 2025, le <strong>chantier qui durera jusqu\u2019en 2027<\/strong> a officiellement d\u00e9but\u00e9. Une fois achev\u00e9s, <a href=\"https:\/\/actu.fr\/occitanie\/toulouse_31555\/toulouse-cette-universite-va-faire-du-centre-ville-un-enorme-ecrin-de-verdure_61621453.html\" rel=\"nofollow noopener\" target=\"_blank\">ces travaux transformeront compl\u00e8tement le quartier<\/a> pour les \u00e9tudiants comme pour l\u2019ensemble des habitants.<\/p>\n<p>10\u2009000 m\u00b2 de jardin en plein centre-ville<\/p>\n<p class=\" wall-content\">Actu Toulouse en d\u00e9j\u00e0 parl\u00e9 plusieurs fois\u2009: le parking qui offre environ 300 places de stationnement aux personnels de l\u2019Universit\u00e9 depuis sa construction dans les ann\u00e9es 70 va dispara\u00eetre\u2026 au profit d\u2019un <strong>espace vert de 10\u2009000 m\u00b2 !\u00a0<\/strong><\/p>\n<p class=\" wall-content\"><a href=\"https:\/\/actu.fr\/occitanie\/toulouse_31555\/toulouse-un-vaste-parking-va-etre-transforme-en-jardin-public-au-centre-ville_61048670.html\" rel=\"nofollow noopener\" target=\"_blank\">Le projet port\u00e9 par la facult\u00e9<\/a> s\u2019inscrit la dynamique engag\u00e9e par la Ville de Toulouse, visant \u00e0<a href=\"https:\/\/actu.fr\/occitanie\/toulouse_31555\/en-images-quand-les-plus-belles-places-de-toulouse-n-etaient-que-de-vastes-parkings_59986561.html\" rel=\"nofollow noopener\" target=\"_blank\"> r\u00e9duire la place de la voiture en hypercentre<\/a> et \u00e0 favoriser les am\u00e9nagements adapt\u00e9s aux changements climatiques. \u00ab\u2009L\u2019UT Capitole souhaite participer \u00e0 diminuer les \u00eelots de chaleurs en centre-ville, et investit sur fonds propres pour r\u00e9duire les temp\u00e9ratures en journ\u00e9e et durant la nuit\u2009\u00bb, explique l\u2019Universit\u00e9. Un geste \u00e0 son \u00e9chelle qui profiterait tout autant aux \u00e9tudiants ainsi qu\u2019aux riverains.<\/p>\n<p>    <img   decoding=\"async\" loading=\"lazy\" src=\"https:\/\/www.europesays.com\/fr\/wp-content\/uploads\/2025\/06\/parc-arsenal-universite-toulouse-capitole-960x500.png\" alt=\"Voici \u00e0 quoi ressemblera l'actuel parking de l'Universit\u00e9 de Toulouse 1 Capitole.\" width=\"960\" height=\"500\"\/><br \/>\n    Voici \u00e0 quoi ressemblera l\u2019actuel parking de l\u2019Universit\u00e9 de Toulouse 1 Capitole. (\u00a9DR \u2013 Atelier CAP)Pour les \u00e9tudiants comme pour les riverains<\/p>\n<p class=\" wall-content\">Car dans son id\u00e9e, UT Capitole veut aussi <strong>ouvrir les portes de son futur parc aux habitants de la Ville rose.<\/strong> \u00ab\u2009On est un campus de centre-ville, donc on veut \u00eatre un trait d\u2019union avec la Ville. On a toujours eu cette ambition de faire venir des gens de l\u2019ext\u00e9rieur\u2009\u00bb, avait expliqu\u00e9 il y a quelques mois<strong> Hugues Kenfack, le pr\u00e9sident de l\u2019Universit\u00e9 Toulouse Capitole<\/strong>, \u00e0 Actu Toulouse.<\/p>\n<p class=\" wall-content\">Le parking situ\u00e9 face au b\u00e2timent L\u2019Arsenal sera d\u00e8s lors compl\u00e8tement ouvert sur la rue des Puits-Creus\u00e9s et la rue Doyen-Gabriel-Marty. Et<a href=\"https:\/\/actu.fr\/occitanie\/toulouse_31555\/toulouse-cette-universite-va-faire-du-centre-ville-un-enorme-ecrin-de-verdure_61621453.html\" rel=\"nofollow noopener\" target=\"_blank\"> idem pour le tr\u00e8s beau clo\u00eetre des Chartreux<\/a>, dont l\u2019acc\u00e8s pourra se faire par l\u2019all\u00e9e Bertrand de Montaigut, elle aussi r\u00e9am\u00e9nag\u00e9e.<\/p>\n<p>    <img   decoding=\"async\" loading=\"lazy\" src=\"https:\/\/www.europesays.com\/fr\/wp-content\/uploads\/2025\/06\/cloitre-universite-2-960x640.jpeg\" alt=\"Le clo\u00eetre de l'Universit\u00e9 de Toulouse Capitole sera \u00e9galement ouvert, selon les projets de la fac.\" width=\"960\" height=\"640\"\/><br \/>\n    Le clo\u00eetre de l\u2019Universit\u00e9 de Toulouse Capitole sera \u00e9galement ouvert, selon les projets de la fac. (\u00a9Mar\u00e9va Laville \/ Actu Toulouse)Des nuisances \u00e0 pr\u00e9voir cet \u00e9t\u00e9<\/p>\n<p class=\" wall-content\">La date \u00e0 noter pour en profiter\u2009? \u00c9t\u00e9 2027, estime l\u2019Universit\u00e9 Toulouse Capitole. Car la cr\u00e9ation du grand parc \u00e0 la place du parking de la fac se fera <strong>en deux \u00e9tapes<\/strong>. C\u2019est la toute premi\u00e8re qui vient de se lancer, pour une dur\u00e9e de cinq mois jusqu\u2019en octobre 2025. Au programme\u2009: d\u00e9simperm\u00e9abilisation<strong>\u00a0des sols<\/strong> jusqu\u2019en juillet, <strong>renaturation<\/strong> du lieu, protection des arbres remarquables et plantation de semis. En clair, le bitume sautera pour laisser place au vert.<\/p>\n<p class=\" wall-content\">\u00ab\u2009La d\u00e9simperm\u00e9abilisation des sols \u2014 qui d\u00e9bute ce mois de juin \u2014 sera \u00e0 l\u2019origine de <strong>nuisances ponctuelles au mois de juin et juillet\u2009\u00bb<\/strong>, pr\u00e9vient par ailleurs l\u2019UTC. \u00ab\u2009Les arbres malades, qui ne peuvent pas \u00eatre sauv\u00e9s, seront \u00e9galement retir\u00e9s, au profit d\u2019esp\u00e8ces indig\u00e8nes, plus adapt\u00e9es et favorables \u00e0 la biodiversit\u00e9\u2009\u00bb, ajoute la Facult\u00e9 du centre-ville qui affirme mettre \u00ab\u2009tout en \u0153uvre pour limiter le plus possible l\u2019impact, notamment sonore, de ces travaux de r\u00e9am\u00e9nagement urbain\u2009\u00bb.<\/p>\n<p>    <img   decoding=\"async\" loading=\"lazy\" src=\"https:\/\/www.europesays.com\/fr\/wp-content\/uploads\/2025\/06\/parking-universite-toulouse-960x640.jpg\" alt=\"Vue d\u2019une partie du parking Arsenal avant sa d\u00e9simperm\u00e9abilisation.\" width=\"960\" height=\"640\"\/><br \/>\n    Vue d\u2019une partie du parking Arsenal avant sa d\u00e9simperm\u00e9abilisation. (\u00a9Universit\u00e9 Toulouse Capitole)La deuxi\u00e8me partie du chantier au printemps 2026<\/p>\n<p class=\" wall-content\">Jusqu\u2019en octobre, des am\u00e9nagements temporaires trouveront \u00e9galement leur place sur le site. \u00ab\u2009Lors de <strong>la seconde phase de travaux, qui d\u00e9marrera au printemps 2026<\/strong>, ils c\u00e8deront leur place \u00e0 un parc p\u00e9renne\u2009\u00bb. Dot\u00e9 d\u2019arbres, arbustes, plantes herbac\u00e9es\u2026 dont la gestion sera \u00ab\u2009diff\u00e9renci\u00e9e\u2009\u00bb avec des fauchages et des tontes ponctuelles.<\/p>\n<p class=\" wall-content\">Une m\u00e9thode \u00ab\u2009favorable au d\u00e9veloppement de la faune et de la flore sur le site\u2009\u00bb, assure l\u2019Universit\u00e9.<\/p>\n<p>Les parkings d\u00e9plac\u00e9s en sous-sol<\/p>\n<p class=\" wall-content\">Et les voitures et motos gar\u00e9es quotidiennement sur le parking actuel\u2009? O\u00f9 iront-elles\u2009? Les quelque 300 places de stationnement resteront au sein du campus. Mais pour les trouver, il faudra aller les chercher au<strong> sous-sol du nouveau b\u00e2timent Rempart,<\/strong> <a href=\"https:\/\/actu.fr\/occitanie\/toulouse_31555\/en-images-a-la-decouverte-de-rempart-le-nouveau-batiment-de-l-universite-capitole_62494287.html\" rel=\"nofollow noopener\" target=\"_blank\">inaugur\u00e9 cette ann\u00e9e.<\/a><\/p>\n<p class=\" wall-content\">Pour les rejoindre, les personnels de l\u2019Universit\u00e9 devront alors entrer par la rue de la <a href=\"https:\/\/actu.fr\/occitanie\/toulouse_31555\/en-images-toulouse-voici-le-projet-qui-va-voir-le-jour-sur-le-site-de-l-ancienne-cite-administrative_62722377.html\" rel=\"nofollow noopener\" target=\"_blank\">Cit\u00e9 administrative<\/a> \u00ab\u2009dont le nom changera en rue de l\u2019Universit\u00e9\u2009\u00bb. Pour rappel, <a href=\"https:\/\/actu.fr\/occitanie\/toulouse_31555\/la-nouvelle-cite-administrative-de-toulouse-bientot-achevee-1600-agents-travailleront-dans-ce-batiment-massif_62029042.html\" rel=\"nofollow noopener\" target=\"_blank\">la Cit\u00e9 administrative a d\u00e9m\u00e9nag\u00e9<\/a> dans le quartier de Jolimont. L\u00e0 aussi, un vaste changement.<\/p>\n<p>    <a href=\"https:\/\/www.google.com\/maps\/embed?pb=!1m18!1m12!1m3!1d15543.52579130114!2d1.4198437833622501!3d43.606139453498606!2m3!1f0!2f0!3f0!3m2!1i1024!2i768!4f13.1!3m3!1m2!1s0x12aebb66ce99ba17%3A0xbcbf30f441927344!2sRue%20du%20Doyen%20Gabriel%20Marty%2C%2031000%20Toulouse!5e1!3m2!1sfr!2sfr!4v1749552132647!5m2!1sfr!2sfr\" title=\"Ouvrie le lien\" rel=\"nofollow noopener\" target=\"_blank\">Cliquez ici pour visualiser le contenu<\/a><\/p>\n<p class=\" wall-content\">Suivez toute l\u2019actualit\u00e9 de vos villes et m\u00e9dias favoris en vous inscrivant \u00e0 <a href=\"https:\/\/moncompte.actu.fr\" title=\"D\u00e9couvez Mon Actu\" rel=\"nofollow noopener\" data-trk=\"{&quot;cta&quot;:{&quot;action&quot;:&quot;https:\\\/\\\/moncompte.actu.fr&quot;,&quot;category&quot;:&quot;mon compte&quot;,&quot;from&quot;:&quot;article footer&quot;,&quot;name&quot;:&quot;Mon actu&quot;,&quot;type&quot;:&quot;cta&quot;}}\" target=\"_blank\">Mon Actu<\/a>.<\/p>\n","protected":false},"excerpt":{"rendered":"Par Mar\u00e9va Laville Publi\u00e9 le 10 juin 2025 \u00e0 13h08 C\u2019est l\u2019un des plus gros am\u00e9nagements de l\u2019Universit\u00e9&hellip;\n","protected":false},"author":2,"featured_media":165522,"comment_status":"","ping_status":"","sticky":false,"template":"","format":"standard","meta":{"footnotes":""},"categories":[2816],"tags":[1111,11,1777,674,1011,27,12,2680,25,104,2312,1352],"class_list":{"0":"post-165521","1":"post","2":"type-post","3":"status-publish","4":"format-standard","5":"has-post-thumbnail","7":"category-toulouse","8":"tag-actu","9":"tag-actualites","10":"tag-eu","11":"tag-europe","12":"tag-fr","13":"tag-france","14":"tag-news","15":"tag-occitanie","16":"tag-republique-francaise","17":"tag-societe","18":"tag-toulouse","19":"tag-urbanisme"},"share_on_mastodon":{"url":"https:\/\/pubeurope.com\/@fr\/114658781816842184","error":""},"_links":{"self":[{"href":"https:\/\/www.europesays.com\/fr\/wp-json\/wp\/v2\/posts\/165521","targetHints":{"allow":["GET"]}}],"collection":[{"href":"https:\/\/www.europesays.com\/fr\/wp-json\/wp\/v2\/posts"}],"about":[{"href":"https:\/\/www.europesays.com\/fr\/wp-json\/wp\/v2\/types\/post"}],"author":[{"embeddable":true,"href":"https:\/\/www.europesays.com\/fr\/wp-json\/wp\/v2\/users\/2"}],"replies":[{"embeddable":true,"href":"https:\/\/www.europesays.com\/fr\/wp-json\/wp\/v2\/comments?post=165521"}],"version-history":[{"count":0,"href":"https:\/\/www.europesays.com\/fr\/wp-json\/wp\/v2\/posts\/165521\/revisions"}],"wp:featuredmedia":[{"embeddable":true,"href":"https:\/\/www.europesays.com\/fr\/wp-json\/wp\/v2\/media\/165522"}],"wp:attachment":[{"href":"https:\/\/www.europesays.com\/fr\/wp-json\/wp\/v2\/media?parent=165521"}],"wp:term":[{"taxonomy":"category","embeddable":true,"href":"https:\/\/www.europesays.com\/fr\/wp-json\/wp\/v2\/categories?post=165521"},{"taxonomy":"post_tag","embeddable":true,"href":"https:\/\/www.europesays.com\/fr\/wp-json\/wp\/v2\/tags?post=165521"}],"curies":[{"name":"wp","href":"https:\/\/api.w.org\/{rel}","templated":true}]}}