{"id":165523,"date":"2025-06-10T11:15:18","date_gmt":"2025-06-10T11:15:18","guid":{"rendered":"https:\/\/www.europesays.com\/fr\/165523\/"},"modified":"2025-06-10T11:15:18","modified_gmt":"2025-06-10T11:15:18","slug":"ce-centre-commercial-pres-de-toulouse-accueille-une-vente-de-vetement-et-baskets-de-marque-a-prix-reduits","status":"publish","type":"post","link":"https:\/\/www.europesays.com\/fr\/165523\/","title":{"rendered":"Ce centre commercial pr\u00e8s de Toulouse accueille une vente de v\u00eatement et baskets de marque \u00e0 prix r\u00e9duits"},"content":{"rendered":"<p>            Par<br \/>\n        <strong><br \/>\n            <a href=\"https:\/\/actu.fr\/auteur\/lucie-2\" title=\"Consulter tous les articles de Lucie Fraisse\" rel=\"nofollow noopener\" target=\"_blank\">Lucie Fraisse<\/a><br \/>\n        <\/strong><\/p>\n<p>        Publi\u00e9 le<\/p>\n<p>            10 juin 2025 \u00e0 12h26        <\/p>\n<p>Une boutique \u00e9ph\u00e9m\u00e8re d\u00e9di\u00e9e aux v\u00eatements et chaussures de marque s\u2019installe au centre commercial <strong>Lab\u00e8ge 2<\/strong>, pr\u00e8s de <a href=\"https:\/\/actu.fr\/toulouse\/\" rel=\"nofollow noopener\" target=\"_blank\">Toulouse<\/a>, du jeudi\u00a012 au samedi 14\u00a0juin.<\/p>\n<p>    <a href=\"https:\/\/www.google.com\/maps\/embed?pb=!1m18!1m12!1m3!1d4785.606803708158!2d1.5054687773024518!3d43.55037175907383!2m3!1f0!2f0!3f0!3m2!1i1024!2i768!4f13.1!3m3!1m2!1s0x12aebe09db12e863%3A0xbb703d1a64349c24!2sCentre%20commercial%20Lab%C3%A8ge%202!5e1!3m2!1sfr!2sfr!4v1749547999676!5m2!1sfr!2sfr\" title=\"Ouvrie le lien\" rel=\"nofollow noopener\" target=\"_blank\">Cliquez ici pour visualiser le contenu<\/a><\/p>\n<p>Une boutique de 300m\u00b2<\/p>\n<p class=\" wall-content\">Le Hangar s\u2019installe sur un espace de 300m \u00b2 situ\u00e9 en face du restaurant Flunch.<\/p>\n<p class=\" wall-content\">On y trouvera des v\u00eatements et baskets de marque (Puma, Converse, Reebok, Adidas\u2026), pour homme, femme et enfant.<\/p>\n<p>Vid\u00e9os : en ce moment sur ActuMoins de 60\u00a0euros<\/p>\n<p class=\" wall-content\">Et les prix sont all\u00e9chants\u2009: de <strong>5\u00a0euros \u00e0 59,90\u00a0euros<\/strong> au maximum. L\u2019occasion de refaire sa garde-robe, sans se ruiner.<\/p>\n<p><strong>Infos pratiques\u2009:<\/strong><br \/>Du jeudi\u00a012 au samedi 14\u00a0juin de 9h30 \u00e0 20\u00a0heures, au centre commercial Lab\u00e8ge 2, 700 La Pyr\u00e9n\u00e9enne, \u00e0 Lab\u00e8ge.<\/p>\n<p class=\" wall-content\">Suivez toute l\u2019actualit\u00e9 de vos villes et m\u00e9dias favoris en vous inscrivant \u00e0 <a href=\"https:\/\/moncompte.actu.fr\" title=\"D\u00e9couvez Mon Actu\" rel=\"nofollow noopener\" data-trk=\"{&quot;cta&quot;:{&quot;action&quot;:&quot;https:\\\/\\\/moncompte.actu.fr&quot;,&quot;category&quot;:&quot;mon compte&quot;,&quot;from&quot;:&quot;article footer&quot;,&quot;name&quot;:&quot;Mon actu&quot;,&quot;type&quot;:&quot;cta&quot;}}\" target=\"_blank\">Mon Actu<\/a>.<\/p>\n<ul class=\"ac-article-tag wall-content\">\n<li><a href=\"https:\/\/actu.fr\/tag\/commerce\" data-trk=\"{&quot;cta&quot;:{&quot;action&quot;:&quot;Commerce&quot;,&quot;category&quot;:&quot;tag&quot;,&quot;from&quot;:&quot;article footer&quot;,&quot;name&quot;:&quot;Commerce&quot;,&quot;type&quot;:&quot;cta&quot;}}\" rel=\"nofollow noopener\" target=\"_blank\">#Commerce<\/a><\/li>\n<li><a href=\"https:\/\/actu.fr\/tag\/sortir-a-toulouse\" data-trk=\"{&quot;cta&quot;:{&quot;action&quot;:&quot;Sortir \\u00e0 Toulouse&quot;,&quot;category&quot;:&quot;tag&quot;,&quot;from&quot;:&quot;article footer&quot;,&quot;name&quot;:&quot;Sortir \\u00e0 Toulouse&quot;,&quot;type&quot;:&quot;cta&quot;}}\" rel=\"nofollow noopener\" target=\"_blank\">#Sortir \u00e0 Toulouse<\/a><\/li>\n<\/ul>\n","protected":false},"excerpt":{"rendered":"Par Lucie Fraisse Publi\u00e9 le 10 juin 2025 \u00e0 12h26 Une boutique \u00e9ph\u00e9m\u00e8re d\u00e9di\u00e9e aux v\u00eatements et chaussures&hellip;\n","protected":false},"author":2,"featured_media":165524,"comment_status":"","ping_status":"","sticky":false,"template":"","format":"standard","meta":{"footnotes":""},"categories":[2816],"tags":[1111,11,215,1777,674,1011,27,12,2680,25,104,1341,2312],"class_list":{"0":"post-165523","1":"post","2":"type-post","3":"status-publish","4":"format-standard","5":"has-post-thumbnail","7":"category-toulouse","8":"tag-actu","9":"tag-actualites","10":"tag-commerce","11":"tag-eu","12":"tag-europe","13":"tag-fr","14":"tag-france","15":"tag-news","16":"tag-occitanie","17":"tag-republique-francaise","18":"tag-societe","19":"tag-sortir-a-toulouse","20":"tag-toulouse"},"share_on_mastodon":{"url":"https:\/\/pubeurope.com\/@fr\/114658785600127865","error":""},"_links":{"self":[{"href":"https:\/\/www.europesays.com\/fr\/wp-json\/wp\/v2\/posts\/165523","targetHints":{"allow":["GET"]}}],"collection":[{"href":"https:\/\/www.europesays.com\/fr\/wp-json\/wp\/v2\/posts"}],"about":[{"href":"https:\/\/www.europesays.com\/fr\/wp-json\/wp\/v2\/types\/post"}],"author":[{"embeddable":true,"href":"https:\/\/www.europesays.com\/fr\/wp-json\/wp\/v2\/users\/2"}],"replies":[{"embeddable":true,"href":"https:\/\/www.europesays.com\/fr\/wp-json\/wp\/v2\/comments?post=165523"}],"version-history":[{"count":0,"href":"https:\/\/www.europesays.com\/fr\/wp-json\/wp\/v2\/posts\/165523\/revisions"}],"wp:featuredmedia":[{"embeddable":true,"href":"https:\/\/www.europesays.com\/fr\/wp-json\/wp\/v2\/media\/165524"}],"wp:attachment":[{"href":"https:\/\/www.europesays.com\/fr\/wp-json\/wp\/v2\/media?parent=165523"}],"wp:term":[{"taxonomy":"category","embeddable":true,"href":"https:\/\/www.europesays.com\/fr\/wp-json\/wp\/v2\/categories?post=165523"},{"taxonomy":"post_tag","embeddable":true,"href":"https:\/\/www.europesays.com\/fr\/wp-json\/wp\/v2\/tags?post=165523"}],"curies":[{"name":"wp","href":"https:\/\/api.w.org\/{rel}","templated":true}]}}