{"id":165525,"date":"2025-06-10T11:16:08","date_gmt":"2025-06-10T11:16:08","guid":{"rendered":"https:\/\/www.europesays.com\/fr\/165525\/"},"modified":"2025-06-10T11:16:08","modified_gmt":"2025-06-10T11:16:08","slug":"de-gros-bouchons-sur-la1-puis-a-lille-apres-une-operation-escargot-des-vtc","status":"publish","type":"post","link":"https:\/\/www.europesays.com\/fr\/165525\/","title":{"rendered":"De gros bouchons sur l&rsquo;A1 puis \u00e0 Lille apr\u00e8s une op\u00e9ration escargot des VTC"},"content":{"rendered":"<p>            Par<br \/>\n        <strong><br \/>\n            <a href=\"https:\/\/actu.fr\/auteur\/hervine-mahaud\" title=\"Consulter tous les articles de Hervine Mahaud\" target=\"_blank\" rel=\"noopener\">Hervine Mahaud<\/a><br \/>\n        <\/strong><\/p>\n<p>        Publi\u00e9 le<\/p>\n<p>            10 juin 2025 \u00e0 12h28        <\/p>\n<p>Il va falloir prendre son mal en patience, si vous \u00eates sur la route. Ce mardi 10 juin 2025,<b> la circulation est fortement ralentie <\/b>autour et dans <a href=\"https:\/\/actu.fr\/hauts-de-france\/lille_59350\" target=\"_blank\" rel=\"noopener\"><b>Lille<\/b><\/a>. En cause : une<b> op\u00e9ration escargot men\u00e9e par les chauffeurs VTC<\/b>. Ces derniers ont r\u00e9pondu \u00e0 un <b>appel national \u00e0 la gr\u00e8ve<\/b>. Sur l\u2019heure du d\u00e9jeuner, <a href=\"https:\/\/actu.fr\/tag\/ilevia\" target=\"_blank\" rel=\"noopener\">Il\u00e9via<\/a> a inform\u00e9 des d\u00e9viations sur son r\u00e9seau de bus, li\u00e9s \u00e0 la pr\u00e9sence des manifestants.<\/p>\n<p class=\" wall-content\">\n<p>Circulation \u00e0 \u00ab\u00a0tr\u00e8s faible vitesse\u00a0\u00bb<\/p>\n<p class=\" wall-content\">L\u2019op\u00e9ration escargot a d\u00e9but\u00e9 sur l\u2019autoroute A1, dans le <b>sens Paris-Lille<\/b>, <b>depuis Lesquin<\/b> en direction de Lille. La cellule de la vigilance routi\u00e8re indiquait que la circulation \u00e9tait \u00e0 \u00ab\u00a0<b>tr\u00e8s faible vitesse entra\u00eenant plus de 13 km de bouchons<\/b> avec r\u00e9percussion sur le TC A22 depuis Lezennes et l\u2019A25 sens Dunkerque\/Lille depuis le Port Fluvial\u00a0\u00bb.\u00a0<\/p>\n<p class=\" wall-content\">Vers 12h30, le <b>cort\u00e8ge a quitt\u00e9 le r\u00e9seau autoroutier<\/b>, permettant au bouchon de se r\u00e9sorber. Les chauffeurs se sont ensuite dirig\u00e9s dans le<b> centre-ville de Lille<\/b>.<b> <\/b>\u00ab\u00a0Les forces de l\u2019ordre s\u00e9curisent la manifestations\u00a0\u00bb, indique la pr\u00e9fecture.<\/p>\n<p>Pourquoi cette op\u00e9ration escargot ?<\/p>\n<p class=\" wall-content\">Les chauffeurs VTC ont r\u00e9pondu un appel national \u00e0 la gr\u00e8ve g\u00e9n\u00e9ral. Au c\u0153ur de leurs revendications,\u00a0<b>\u00ab\u00a0la d\u00e9gradation de leurs conditions de travail\u00a0\u00bb.<\/b> <a href=\"https:\/\/actu.fr\/bretagne\/rennes_35238\/circulation-difficile-bouchons-que-se-passe-t-il-dans-le-centre-ville-de-rennes_62749586.html\" target=\"_blank\" rel=\"noopener\">Selon les syndicats de la profession<\/a>, \u00ab\u00a0les revenus s\u2019effondrent, les commissions augmentent, les droits reculent\u00a0\u00bb.<\/p>\n<p class=\" wall-content\">\u00ab\u00a0Toutes les organisations repr\u00e9sentatives sont unies pour d\u00e9fendre les int\u00e9r\u00eats du terrain. Mais les plateformes refusent toujours le dialogue social et l\u2019\u00c9tat reste silencieux\u00a0\u00bb, indique l\u2019intersyndicale VTC.<\/p>\n<p>Vid\u00e9os : en ce moment sur Actu<\/p>\n<p class=\" wall-content\">Les chauffeurs VTC du Nord seront re\u00e7us ce mardi apr\u00e8s-midi en pr\u00e9fecture.<\/p>\n<p class=\" wall-content\">Suivez toute l\u2019actualit\u00e9 de vos villes et m\u00e9dias favoris en vous inscrivant \u00e0 <a href=\"https:\/\/moncompte.actu.fr\" title=\"D\u00e9couvez Mon Actu\" rel=\"nofollow noopener\" data-trk=\"{&quot;cta&quot;:{&quot;action&quot;:&quot;https:\\\/\\\/moncompte.actu.fr&quot;,&quot;category&quot;:&quot;mon compte&quot;,&quot;from&quot;:&quot;article footer&quot;,&quot;name&quot;:&quot;Mon actu&quot;,&quot;type&quot;:&quot;cta&quot;}}\" target=\"_blank\">Mon Actu<\/a>.<\/p>\n","protected":false},"excerpt":{"rendered":"Par Hervine Mahaud Publi\u00e9 le 10 juin 2025 \u00e0 12h28 Il va falloir prendre son mal en patience,&hellip;\n","protected":false},"author":2,"featured_media":165526,"comment_status":"","ping_status":"","sticky":false,"template":"","format":"standard","meta":{"footnotes":""},"categories":[2815],"tags":[1111,11,1777,674,1011,27,6151,811,803,1307,12,25,104],"class_list":{"0":"post-165525","1":"post","2":"type-post","3":"status-publish","4":"format-standard","5":"has-post-thumbnail","7":"category-lille","8":"tag-actu","9":"tag-actualites","10":"tag-eu","11":"tag-europe","12":"tag-fr","13":"tag-france","14":"tag-greve","15":"tag-hauts-de-france","16":"tag-info-trafic","17":"tag-lille","18":"tag-news","19":"tag-republique-francaise","20":"tag-societe"},"share_on_mastodon":{"url":"https:\/\/pubeurope.com\/@fr\/114658789528772060","error":""},"_links":{"self":[{"href":"https:\/\/www.europesays.com\/fr\/wp-json\/wp\/v2\/posts\/165525","targetHints":{"allow":["GET"]}}],"collection":[{"href":"https:\/\/www.europesays.com\/fr\/wp-json\/wp\/v2\/posts"}],"about":[{"href":"https:\/\/www.europesays.com\/fr\/wp-json\/wp\/v2\/types\/post"}],"author":[{"embeddable":true,"href":"https:\/\/www.europesays.com\/fr\/wp-json\/wp\/v2\/users\/2"}],"replies":[{"embeddable":true,"href":"https:\/\/www.europesays.com\/fr\/wp-json\/wp\/v2\/comments?post=165525"}],"version-history":[{"count":0,"href":"https:\/\/www.europesays.com\/fr\/wp-json\/wp\/v2\/posts\/165525\/revisions"}],"wp:featuredmedia":[{"embeddable":true,"href":"https:\/\/www.europesays.com\/fr\/wp-json\/wp\/v2\/media\/165526"}],"wp:attachment":[{"href":"https:\/\/www.europesays.com\/fr\/wp-json\/wp\/v2\/media?parent=165525"}],"wp:term":[{"taxonomy":"category","embeddable":true,"href":"https:\/\/www.europesays.com\/fr\/wp-json\/wp\/v2\/categories?post=165525"},{"taxonomy":"post_tag","embeddable":true,"href":"https:\/\/www.europesays.com\/fr\/wp-json\/wp\/v2\/tags?post=165525"}],"curies":[{"name":"wp","href":"https:\/\/api.w.org\/{rel}","templated":true}]}}