{"id":165533,"date":"2025-06-10T11:20:17","date_gmt":"2025-06-10T11:20:17","guid":{"rendered":"https:\/\/www.europesays.com\/fr\/165533\/"},"modified":"2025-06-10T11:20:17","modified_gmt":"2025-06-10T11:20:17","slug":"enquete-ouverte-apres-la-mort-violente-dun-couple-de-personnes-agees-dans-leur-lit","status":"publish","type":"post","link":"https:\/\/www.europesays.com\/fr\/165533\/","title":{"rendered":"enqu\u00eate ouverte apr\u00e8s la mort violente d\u2019un couple de personnes \u00e2g\u00e9es dans leur lit"},"content":{"rendered":"<p data-start=\"1326\" data-end=\"1681\">Les policiers ont \u00e9t\u00e9 d\u00e9p\u00each\u00e9s peu apr\u00e8s 8h dans la r\u00e9sidence pour personnes \u00e2g\u00e9es Sainte-Claire situ\u00e9e au 2 chemin de bel air \u00e0 Caluire.\u00a0<\/p>\n<p data-start=\"1326\" data-end=\"1681\">\u00c0 leur arriv\u00e9e, ils ont trouv\u00e9 un couple dans son lit, mortellement touch\u00e9 par balle. C\u2019est leur fils, venu leur rendre visite, qui a compos\u00e9 le 17 apr\u00e8s avoir d\u00e9couvert la sc\u00e8ne.<\/p>\n<p data-start=\"1683\" data-end=\"1992\">Aucun geste de r\u00e9animation n\u2019a pu \u00eatre tent\u00e9 : les sapeurs-pompiers du Rh\u00f4ne ont constat\u00e9 le d\u00e9c\u00e8s des deux victimes \u00e2g\u00e9e de 90 et 88 ans. Selon les premi\u00e8res constatations recueillies par les enqu\u00eateurs, la piste d\u2019un suicide est privil\u00e9gi\u00e9e : l\u2019homme aurait ouvert le feu sur son \u00e9pouse avant de retourner l\u2019arme contre lui.<\/p>\n<p data-start=\"1994\" data-end=\"2216\">Des auditions ont rapidement d\u00e9but\u00e9 afin de reconstituer le d\u00e9roul\u00e9 des faits. Les enqu\u00eateurs cherchent notamment \u00e0 pr\u00e9ciser l\u2019\u00e9tat de sant\u00e9 des deux nonag\u00e9naires et les motivations qui ont pu conduire \u00e0 cet acte ultime.<\/p>\n<p data-start=\"2218\" data-end=\"2458\" data-is-last-node=\"\" data-is-only-node=\"\">L\u2019arme utilis\u00e9e, dont l\u2019origine et la d\u00e9tention restent \u00e0 \u00e9claircir, a \u00e9t\u00e9 saisie pour expertise balistique. Les r\u00e9sultats d\u2019autopsie et les analyses m\u00e9dico-l\u00e9gales devraient pr\u00e9ciser la chronologie exacte du drame dans les prochains jours.<\/p>\n","protected":false},"excerpt":{"rendered":"Les policiers ont \u00e9t\u00e9 d\u00e9p\u00each\u00e9s peu apr\u00e8s 8h dans la r\u00e9sidence pour personnes \u00e2g\u00e9es Sainte-Claire situ\u00e9e au 2&hellip;\n","protected":false},"author":2,"featured_media":165534,"comment_status":"","ping_status":"","sticky":false,"template":"","format":"standard","meta":{"footnotes":""},"categories":[1889],"tags":[1111,11,2813,2190,2430,1109,251,1112,2811,1777,674,118,1011,27,1922,1110,1114,2428,2810,12,241,316,25,2812,517,800],"class_list":{"0":"post-165533","1":"post","2":"type-post","3":"status-publish","4":"format-standard","5":"has-post-thumbnail","7":"category-lyon","8":"tag-actu","9":"tag-actualites","10":"tag-article","11":"tag-asvel","12":"tag-auvergne-rhone-alpes","13":"tag-breves","14":"tag-culture","15":"tag-depeches","16":"tag-economique","17":"tag-eu","18":"tag-europe","19":"tag-faits-divers","20":"tag-fr","21":"tag-france","22":"tag-info","23":"tag-informations","24":"tag-infos","25":"tag-lyon","26":"tag-lyonmag","27":"tag-news","28":"tag-ol","29":"tag-politique","30":"tag-republique-francaise","31":"tag-sociale","32":"tag-sport","33":"tag-transports"},"share_on_mastodon":{"url":"https:\/\/pubeurope.com\/@fr\/114658805219822713","error":""},"_links":{"self":[{"href":"https:\/\/www.europesays.com\/fr\/wp-json\/wp\/v2\/posts\/165533","targetHints":{"allow":["GET"]}}],"collection":[{"href":"https:\/\/www.europesays.com\/fr\/wp-json\/wp\/v2\/posts"}],"about":[{"href":"https:\/\/www.europesays.com\/fr\/wp-json\/wp\/v2\/types\/post"}],"author":[{"embeddable":true,"href":"https:\/\/www.europesays.com\/fr\/wp-json\/wp\/v2\/users\/2"}],"replies":[{"embeddable":true,"href":"https:\/\/www.europesays.com\/fr\/wp-json\/wp\/v2\/comments?post=165533"}],"version-history":[{"count":0,"href":"https:\/\/www.europesays.com\/fr\/wp-json\/wp\/v2\/posts\/165533\/revisions"}],"wp:featuredmedia":[{"embeddable":true,"href":"https:\/\/www.europesays.com\/fr\/wp-json\/wp\/v2\/media\/165534"}],"wp:attachment":[{"href":"https:\/\/www.europesays.com\/fr\/wp-json\/wp\/v2\/media?parent=165533"}],"wp:term":[{"taxonomy":"category","embeddable":true,"href":"https:\/\/www.europesays.com\/fr\/wp-json\/wp\/v2\/categories?post=165533"},{"taxonomy":"post_tag","embeddable":true,"href":"https:\/\/www.europesays.com\/fr\/wp-json\/wp\/v2\/tags?post=165533"}],"curies":[{"name":"wp","href":"https:\/\/api.w.org\/{rel}","templated":true}]}}