{"id":165541,"date":"2025-06-10T11:25:09","date_gmt":"2025-06-10T11:25:09","guid":{"rendered":"https:\/\/www.europesays.com\/fr\/165541\/"},"modified":"2025-06-10T11:25:09","modified_gmt":"2025-06-10T11:25:09","slug":"un-adolescent-enleve-sequestre-et-frappe-par-les-proches-de-sa-petite-amie","status":"publish","type":"post","link":"https:\/\/www.europesays.com\/fr\/165541\/","title":{"rendered":"un adolescent enlev\u00e9, s\u00e9questr\u00e9 et frapp\u00e9 par les proches de sa petite-amie"},"content":{"rendered":"<p>            Par<br \/>\n        <strong><br \/>\n            <a href=\"https:\/\/actu.fr\/auteur\/antoine-blanchet\" title=\"Consulter tous les articles de Antoine Blanchet\" target=\"_blank\" rel=\"noopener\">Antoine Blanchet<\/a><br \/>\n        <\/strong><\/p>\n<p>        Publi\u00e9 le<\/p>\n<p>            10 juin 2025 \u00e0 11h49        <\/p>\n<p>Une liaison qui d\u00e9g\u00e9n\u00e8re en violences effroyables. Samedi 7 juin 2025, un<strong> adolescent a \u00e9t\u00e9 enlev\u00e9<\/strong> \u00e0 <a href=\"https:\/\/actu.fr\/ile-de-france\/noiseau_94053\" target=\"_blank\" rel=\"noopener\">Noiseau<\/a> dans le <a href=\"https:\/\/actu.fr\/ile-de-france\/val-de-marne_94\" target=\"_blank\" rel=\"noopener\">Val-de-Marne<\/a>, nous indique le parquet de <a href=\"https:\/\/actu.fr\/ile-de-france\/creteil_94028\" target=\"_blank\" rel=\"noopener\">Cr\u00e9teil<\/a>. Les auteurs seraient le p\u00e8re et le fils de sa petite amie. La victime a \u00e9t\u00e9 s\u00e9questr\u00e9e et frapp\u00e9e par ses ravisseurs.\u00a0<\/p>\n<p>Des violences physiques et sexuelles<\/p>\n<p class=\" wall-content\">Les faits ont eu lieu vers 22 heures. Le jeune adolescent est contraint de monter dans une voiture conduite par le fr\u00e8re de sa petite copine. Il est ensuite emmen\u00e9 dans les locaux d\u2019une soci\u00e9t\u00e9 situ\u00e9e \u00e0 <a href=\"https:\/\/actu.fr\/ile-de-france\/chennevieres-sur-marne_94019\" target=\"_blank\" rel=\"noopener\">Chennevi\u00e8res-sur-Marne<\/a>, indiquent nos confr\u00e8res du <a href=\"https:\/\/www.leparisien.fr\/val-de-marne-94\/val-de-marne-un-ado-franco-turc-enleve-et-violente-par-la-famille-de-sa-petite-amie-09-06-2025-LQG6ILMTLBCHFEEHZBHPVHOBLA.php\" target=\"_blank\" rel=\"noopener\">Parisien<\/a>. Ma victime est frapp\u00e9e par ses ravisseurs et aurait aussi \u00e9t\u00e9 victime de <a href=\"https:\/\/actu.fr\/tag\/violences-sexuelles\" target=\"_blank\" rel=\"noopener\">violences sexuelles<\/a>. Des <strong>menaces de mort<\/strong> sont aussi prof\u00e9r\u00e9es.\u00a0<\/p>\n<p>Le p\u00e8re et le fils interpell\u00e9\u00a0<\/p>\n<p class=\" wall-content\">Apr\u00e8s un long calvaire, l\u2019adolescent est rel\u00e2ch\u00e9 \u00e0 la <a href=\"https:\/\/actu.fr\/ile-de-france\/la-queue-en-brie_94060\" target=\"_blank\" rel=\"noopener\">Queue-en-Brie<\/a> par la famille de sa petite amie. Il <strong>d\u00e9pose plainte le lendemain<\/strong>. Ce lundi, le p\u00e8re et le fr\u00e8re ont \u00e9t\u00e9 interpell\u00e9s. Une enqu\u00eate est ouverte pour enl\u00e8vement, s\u00e9questration, violences aggrav\u00e9es, menaces de mort et atteinte \u00e0 l\u2019intimit\u00e9 de la vie priv\u00e9e et atteinte \u00e0 l\u2019intimit\u00e9 de la vie priv\u00e9e.\u00a0<\/p>\n<p class=\" wall-content\">Suivez toute l\u2019actualit\u00e9 de vos villes et m\u00e9dias favoris en vous inscrivant \u00e0 <a href=\"https:\/\/moncompte.actu.fr\" title=\"D\u00e9couvez Mon Actu\" rel=\"nofollow noopener\" data-trk=\"{&quot;cta&quot;:{&quot;action&quot;:&quot;https:\\\/\\\/moncompte.actu.fr&quot;,&quot;category&quot;:&quot;mon compte&quot;,&quot;from&quot;:&quot;article footer&quot;,&quot;name&quot;:&quot;Mon actu&quot;,&quot;type&quot;:&quot;cta&quot;}}\" target=\"_blank\">Mon Actu<\/a>.<\/p>\n","protected":false},"excerpt":{"rendered":"Par Antoine Blanchet Publi\u00e9 le 10 juin 2025 \u00e0 11h49 Une liaison qui d\u00e9g\u00e9n\u00e8re en violences effroyables. Samedi&hellip;\n","protected":false},"author":2,"featured_media":165542,"comment_status":"","ping_status":"","sticky":false,"template":"","format":"standard","meta":{"footnotes":""},"categories":[1888],"tags":[1111,1928,11,1927,11250,1777,674,118,1011,27,12,1926,626,1925,1072,25],"class_list":{"0":"post-165541","1":"post","2":"type-post","3":"status-publish","4":"format-standard","5":"has-post-thumbnail","7":"category-paris","8":"tag-actu","9":"tag-actu-paris","10":"tag-actualites","11":"tag-actualites-paris","12":"tag-enlevements","13":"tag-eu","14":"tag-europe","15":"tag-faits-divers","16":"tag-fr","17":"tag-france","18":"tag-news","19":"tag-news-paris","20":"tag-paris","21":"tag-paris-news","22":"tag-police","23":"tag-republique-francaise"},"share_on_mastodon":{"url":"https:\/\/pubeurope.com\/@fr\/114658824896879741","error":""},"_links":{"self":[{"href":"https:\/\/www.europesays.com\/fr\/wp-json\/wp\/v2\/posts\/165541","targetHints":{"allow":["GET"]}}],"collection":[{"href":"https:\/\/www.europesays.com\/fr\/wp-json\/wp\/v2\/posts"}],"about":[{"href":"https:\/\/www.europesays.com\/fr\/wp-json\/wp\/v2\/types\/post"}],"author":[{"embeddable":true,"href":"https:\/\/www.europesays.com\/fr\/wp-json\/wp\/v2\/users\/2"}],"replies":[{"embeddable":true,"href":"https:\/\/www.europesays.com\/fr\/wp-json\/wp\/v2\/comments?post=165541"}],"version-history":[{"count":0,"href":"https:\/\/www.europesays.com\/fr\/wp-json\/wp\/v2\/posts\/165541\/revisions"}],"wp:featuredmedia":[{"embeddable":true,"href":"https:\/\/www.europesays.com\/fr\/wp-json\/wp\/v2\/media\/165542"}],"wp:attachment":[{"href":"https:\/\/www.europesays.com\/fr\/wp-json\/wp\/v2\/media?parent=165541"}],"wp:term":[{"taxonomy":"category","embeddable":true,"href":"https:\/\/www.europesays.com\/fr\/wp-json\/wp\/v2\/categories?post=165541"},{"taxonomy":"post_tag","embeddable":true,"href":"https:\/\/www.europesays.com\/fr\/wp-json\/wp\/v2\/tags?post=165541"}],"curies":[{"name":"wp","href":"https:\/\/api.w.org\/{rel}","templated":true}]}}