{"id":165547,"date":"2025-06-10T11:28:10","date_gmt":"2025-06-10T11:28:10","guid":{"rendered":"https:\/\/www.europesays.com\/fr\/165547\/"},"modified":"2025-06-10T11:28:10","modified_gmt":"2025-06-10T11:28:10","slug":"fnac-live-paris-2025-la-programmation-complete","status":"publish","type":"post","link":"https:\/\/www.europesays.com\/fr\/165547\/","title":{"rendered":"Fnac Live Paris 2025 : la programmation compl\u00e8te"},"content":{"rendered":"<p><a href=\"https:\/\/leclaireur.fnac.com\/festival\/fnac-live-paris\/\" target=\"_blank\" rel=\"noopener\">Le Fnac Live Paris<\/a> sera de retour cet \u00e9t\u00e9 pour sa 13e \u00e9dition. Le festival se d\u00e9roulera du 2 au 4 juillet 2025 et accueillera plusieurs artistes fran\u00e7ais et internationaux. Ces derniers se succ\u00e9deront sur la Grande Sc\u00e8ne du nouveau parvis v\u00e9g\u00e9talis\u00e9 de l\u2019H\u00f4tel de Ville de Paris et ses Salons.<\/p>\n<p>Enti\u00e8rement gratuit, cet \u00e9v\u00e9nement conjointement cr\u00e9\u00e9 entre la Fnac et la Ville de Paris, permettra au public de d\u00e9couvrir sur sc\u00e8ne talents \u00e9mergents comme artistes reconnus. Durant trois jours, plus d\u2019une vingtaine de concerts seront ainsi pr\u00e9vus \u00e0 partir de 17h.<\/p>\n<p>Et cette ann\u00e9e, pour la premi\u00e8re fois, Fnac Live Paris s\u2019\u00e9tendra sur l\u2019avenue Victoria, pi\u00e9tonis\u00e9e pour l\u2019occasion, du parvis de l\u2019H\u00f4tel de Ville \u00e0 la place du Ch\u00e2telet. De 17h \u00e0 minuit, cet axe accueillera le Village Fnac Live, un espace convivial sur lequel les festivaliers pourront se divertir tout au long de la soir\u00e9e.<\/p>\n<p><img decoding=\"async\" class=\"center bloc\" style=\"width: 600px; height: 162px;\" src=\"https:\/\/www.europesays.com\/fr\/wp-content\/uploads\/2025\/06\/2451853.jpg\" alt=\"ECLAIREUR-1000x270px_FLP_25-v3\"\/><\/p>\n<p>La programmation compl\u00e8te du Fnac Live Paris 2025<br \/>\n2 juillet<\/p>\n<p>C\u2019est <strong>Dal\u00ed<\/strong> qui donnera le coup d\u2019envoi \u00e0 19h30. Ce jeune artiste m\u00eale habilement les influences am\u00e9ricaines comme Kendrick Lamar et Frank Ocean \u00e0 la chanson fran\u00e7aise. En seulement trois EPs, il est pass\u00e9 du statut d\u2019outsider \u00e0 celui de favori, proposant une musique sensuelle et contemporaine qui captive d\u00e8s les premi\u00e8res notes.<\/p>\n<p data-start=\"382\" data-end=\"683\">Puis, \u00e0 21h, c\u2019est <a href=\"https:\/\/www.fnac.com\/ia646569\/St-Vincent\" target=\"_blank\" rel=\"noopener\"><strong>St. Vincent<\/strong><\/a> qui prendra la sc\u00e8ne. Ic\u00f4ne du glam rock en constante \u00e9volution, cette artiste fascine autant par sa musique que par sa pr\u00e9sence sc\u00e9nique. R\u00e9compens\u00e9e par plusieurs Grammy Awards en 2024, elle livrera assur\u00e9ment un spectacle \u00e0 la fois spirituel et intense.<\/p>\n<p><strong class=\"small\">En stock<\/strong><\/p>\n<p>        Acheter sur Fnac.com<\/p>\n<p data-start=\"685\" data-end=\"982\" data-is-last-node=\"\" data-is-only-node=\"\">Enfin, \u00e0 22h, le l\u00e9gendaire duo<strong>\u00a0<\/strong><a href=\"https:\/\/www.fnac.com\/Air\/ia195392\" target=\"_blank\" rel=\"noopener\"><strong>Air<\/strong><\/a> conclut la soir\u00e9e. Figures embl\u00e9matiques de la French Touch, Nicolas Godin et Jean-Beno\u00eet Dunckel reviennent avec une pop synth\u00e9tique \u00e9l\u00e9gante et m\u00e9lodique. Leur performance promet d\u2019\u00eatre un moment suspendu, une v\u00e9ritable contemplation musicale hors du temps.<\/p>\n<p data-start=\"685\" data-end=\"982\" data-is-last-node=\"\" data-is-only-node=\"\">\u00a0            <\/p>\n<p><strong class=\"small\">En stock<\/strong><\/p>\n<p>        Acheter sur Fnac.com<\/p>\n<p data-start=\"685\" data-end=\"982\" data-is-last-node=\"\" data-is-only-node=\"\">\u00a0<br \/>Non loin de l\u00e0, la sc\u00e8ne du Salon deviendra\u00a0le th\u00e9\u00e2tre d\u2019une c\u00e9l\u00e9bration historique :<strong>\u00a0les 70 ans du label Barclay<\/strong>. N\u00e9 en 1954 de l\u2019histoire d\u2019amour entre Eddie et Nicole Barclay, la maison de disque a vu passer des g\u00e9n\u00e9rations d\u2019artistes, des plus grandes plumes de la chanson fran\u00e7aise aux figures montantes de la pop, du rock et de la vari\u00e9t\u00e9. Ce concert anniversaire r\u00e9unira \u00e0 20h30 une s\u00e9lection d\u2019artistes maison, entre jeunes pousses et l\u00e9gendes, pour rendre hommage \u00e0 l\u2019une des plus belles aventures musicales fran\u00e7aises.\u00a0<\/p>\n<p>3 juillet<\/p>\n<p data-start=\"152\" data-end=\"400\">La journ\u00e9e du 3 juillet commencera \u00e0 18h avec\u00a0<a href=\"https:\/\/www.fnac.com\/ia11608015\/Zinee\" target=\"_blank\" rel=\"noopener\"><strong>Zin\u00e9e<\/strong><\/a>, jeune artiste qui propose un rap d\u00e9licat et puissant, port\u00e9 par une voix haute et une \u00e9criture pleine de contrastes. Elle sera suivie \u00e0 19h de<strong>\u00a0Danyl<\/strong>, qui puise dans sa double culture franco-alg\u00e9rienne pour cr\u00e9er un univers musical unique m\u00ealant new-ra\u00ef et modernit\u00e9. Sur sc\u00e8ne, son \u00e9nergie authentique d\u00e9borde et s\u00e9duit.\u00a0<\/p>\n<p data-start=\"152\" data-end=\"400\">Lors d\u2019un interplateau, la jeune <strong>Camille Yembe<\/strong> apportera un souffle nouveau venu de Belgique. Avec son premier EP Plastique, elle s\u2019amuse aux fronti\u00e8res du rock, de la chanson et du rap, incarnant une \u201cnouvelle pop\u201d pleine d\u2019instantan\u00e9it\u00e9 et d\u2019\u00e9nergie.<\/p>\n<p data-start=\"620\" data-end=\"927\">Puis viendra \u00e0 20h15\u00a0<strong>Olivia Ruiz<\/strong>, toujours aussi moderne et surprenante, qui tord la pop fran\u00e7aise \u00e0 travers des sonorit\u00e9s \u00e9lectroniques. Avec son nouvel album <a href=\"https:\/\/www.fnac.com\/o11456909\/La-Replique\/w-4\" target=\"_blank\" rel=\"noopener\">La R\u00e9plique<\/a>, la chanteuse entrem\u00eale cr\u00e9ativit\u00e9 et int\u00e9grit\u00e9. Inratable.<\/p>\n<p data-start=\"620\" data-end=\"927\">Lors d\u2019un interplateau,<strong> Liv Oddman<\/strong> prendra le relais avec une pop contemporaine intense et po\u00e9tique. Son \u00e9criture instinctive en fran\u00e7ais, m\u00eal\u00e9e \u00e0 des sonorit\u00e9s puissantes, offre une exp\u00e9rience musicale \u00e0 la fois brute et captivante.<\/p>\n<p data-start=\"968\" data-end=\"1364\">\u00c0 21h30, <a href=\"https:\/\/www.fnac.com\/ia10434310\/Zamdane\" target=\"_blank\" rel=\"noopener\"><strong>Zamdane<\/strong><\/a>\u00a0poursuivra son parcours engag\u00e9 entre Marseille et Marrakech,\u00a0avec des productions m\u00e9lancoliques et m\u00e9lodiques, racontant son histoire universelle \u00e0 travers l\u2019album Rahma.<\/p>\n<p><strong class=\"small\">En stock<\/strong><\/p>\n<p>        Acheter sur Fnac.com<\/p>\n<p data-start=\"1366\" data-end=\"1605\" data-is-last-node=\"\" data-is-only-node=\"\">Enfin, \u00e0 23h, <strong>Eddy de Pretto<\/strong> cl\u00f4ture la soir\u00e9e. H\u00e9ritier des codes de la vari\u00e9t\u00e9 mais r\u00e9solument moderne, il m\u00eale pop et R\u2019n\u2019B pour livrer des textes crus et authentiques, brisant les conventions tout en faisant danser.<\/p>\n<p><strong class=\"small\">En stock<\/strong><\/p>\n<p>        Acheter sur Fnac.com<\/p>\n<p data-start=\"1366\" data-end=\"1605\" data-is-last-node=\"\" data-is-only-node=\"\">Du c\u00f4t\u00e9 de la sc\u00e8ne du Salon, la soir\u00e9e s\u2019ouvrira \u00e0 20h avec <a href=\"https:\/\/leclaireur.fnac.com\/article\/cp66061-iliona-5-influences-qui-ont-faconne-la-nouvelle-sensation-francophone\/\" target=\"_blank\" rel=\"noopener\">la jeune artiste belge <strong>Iliona<\/strong><\/a>. Apr\u00e8s des d\u00e9buts marqu\u00e9s par la \u00ab\u00a0bedroom pop\u00a0\u00bb, elle affirme aujourd\u2019hui une pr\u00e9sence plus assur\u00e9e. Avec une \u00e9criture limpide et des m\u00e9lodies finement textur\u00e9es, elle explore les vertiges de l\u2019amour et la force d\u2019une rupture comme un d\u00e9clic.\u00a0<\/p>\n<p data-start=\"474\" data-end=\"835\" data-is-last-node=\"\" data-is-only-node=\"\">Puis, \u00e0 21h, c\u2019est <a href=\"https:\/\/leclaireur.fnac.com\/article\/568366-solann-jai-grandi-avec-des-contes-des-fables-et-des-mythes\/\" target=\"_blank\" rel=\"noopener\"><strong>Solann<\/strong><\/a> qui prendra le relais. R\u00e9v\u00e9l\u00e9e aux Victoires de la Musique 2025, elle impose un style singulier o\u00f9 se croisent une voix lumineuse et des textes profonds. Entre arrangements foisonnants et simplicit\u00e9 acoustique, sa chanson fran\u00e7aise moderne enveloppe et surprend.<\/p>\n<p>4 juillet<\/p>\n<p>Enfin, pour cl\u00f4turer ce Fnac Live Paris en beaut\u00e9 le 4 juillet, la soir\u00e9e d\u00e9marrera \u00e0 18h avec <strong>Baby Volcano<\/strong>, artiste suisso-guat\u00e9malt\u00e8que \u00e0 l\u2019univers bouillonnant. Entre hip-hop et \u00e9lectronique, entre le fran\u00e7ais et l\u2019espagnol, la jeune femme bouscule les codes avec une intensit\u00e9 \u00e9tonnante, port\u00e9e par une \u00e9nergie singuli\u00e8re et avant-gardiste.<\/p>\n<p data-start=\"438\" data-end=\"753\">\u00c0 19h, place \u00e0<strong>\u00a0<\/strong><a href=\"https:\/\/www.fnac.com\/ia10974769\/Vacra\" target=\"_blank\" rel=\"noopener\"><strong>Vacra<\/strong><\/a>. R\u00e9v\u00e9l\u00e9 par son tube Tiki-Taka, il continue d\u2019imposer sa marque dans la sc\u00e8ne urbaine francophone. Son timbre si reconnaissable, sa capacit\u00e9 \u00e0 naviguer entre rap, afro, chanson et m\u00e9lo font de lui une figure centrale d\u2019une nouvelle g\u00e9n\u00e9ration.<\/p>\n<p data-start=\"755\" data-end=\"1040\">La soir\u00e9e se poursuivra avec<strong> R2<\/strong>. Jeune espoir d\u00e9j\u00e0 confirm\u00e9, il fusionne drill, jersey, trap et chant avec une aisance redoutable. Avec 7\/7 et C\u2019est relou, cet artiste en pleine ascension affirme une parole brute.<\/p>\n<p data-start=\"1042\" data-end=\"1333\">\u00c0 20h15, <strong>Ad\u00e8le Castillon<\/strong> entrera en sc\u00e8ne. Propuls\u00e9e sur le devant de la pop avec Vid\u00e9o Club, elle affirme d\u00e9sormais sa voix en solo. Ses collaborations avec Winterzuko ou Gazo dessinent un virage urbain assum\u00e9, o\u00f9 chaque texte capte l\u2019air du temps.\u00a0<\/p>\n<p><strong class=\"small\">En stock<\/strong><\/p>\n<p>        Acheter sur Fnac.com<\/p>\n<p data-start=\"1335\" data-end=\"1704\">Puis \u00e0 21h30, <strong>Sublime Live<\/strong> transformera la sc\u00e8ne en un laboratoire d\u2019exp\u00e9rimentation. Le label rassemble les talents les plus audacieux du moment \u2013 Luther, Rounhaa, Whisper, Amne, LUSCAV\u2026 Ensemble, ils repoussent les limites de la performance : entre cloud rap, hyper pop, techno sombre et guitares \u00e9lectriques, cette carte blanche s\u2019annonce totale, immersive, enivrante.<\/p>\n<p data-start=\"1706\" data-end=\"2050\" data-is-last-node=\"\" data-is-only-node=\"\">Enfin, la nuit bascule \u00e0 23h00 avec<strong>\u00a0<\/strong><a href=\"https:\/\/www.fnac.com\/ia8832984\/Vladimir-Cauchemar\" target=\"_blank\" rel=\"noopener\"><strong>Vladimir Cauchemar<\/strong><\/a> sur la sc\u00e8ne du Parvis. Ma\u00eetre du beat, cr\u00e9ateur d\u2019ambiances puissantes et impr\u00e9visibles, il livre un show entre rave urbaine et rituel \u00e9lectronique. Ses collaborations avec Orelsan, SCH ou Lomepal r\u00e9sonnent, mais c\u2019est bien son univers hypnotique qui emporte tout. Une cl\u00f4ture volcanique.<\/p>\n<p data-start=\"1706\" data-end=\"2050\" data-is-last-node=\"\" data-is-only-node=\"\">Du c\u00f4t\u00e9 de la sc\u00e8ne du Salon, la soir\u00e9e d\u00e9butera \u00e0 20h avec <strong>I Am Roze<\/strong>, jeune artiste originaire de Louisiane, dont la voix a travers\u00e9 les fronti\u00e8res. Des sessions BBC aux c\u00f4t\u00e9s de Jools Holland \u00e0 une apparition remarqu\u00e9e sur Colors, Roze incarne une promesse vocale saisissante. Entre soul et pop, elle impose une puissance brute.<\/p>\n<p data-start=\"540\" data-end=\"877\">\u00c0 21h, c\u2019est <strong>Miossec <\/strong>qui prendra le relais. Figure incontournable de la chanson fran\u00e7aise, le Brestois revient avec une nouvelle proposition : Simplifier. Une \u00e9criture toujours aussi tranchante, des textes profonds, des \u00e9motions \u00e0 nu, entre rock minimaliste et chanson intimiste.<\/p>\n","protected":false},"excerpt":{"rendered":"Le Fnac Live Paris sera de retour cet \u00e9t\u00e9 pour sa 13e \u00e9dition. Le festival se d\u00e9roulera du&hellip;\n","protected":false},"author":2,"featured_media":165548,"comment_status":"","ping_status":"","sticky":false,"template":"","format":"standard","meta":{"footnotes":""},"categories":[1888],"tags":[11,5551,1697,1777,674,28088,24337,1011,27,820,873,12,29898,626,10044,29899,3551,3616,25],"class_list":{"0":"post-165547","1":"post","2":"type-post","3":"status-publish","4":"format-standard","5":"has-post-thumbnail","7":"category-paris","8":"tag-actualites","9":"tag-chanson-francaise","10":"tag-concert","11":"tag-eu","12":"tag-europe","13":"tag-festival-musique","14":"tag-fnac-live","15":"tag-fr","16":"tag-france","17":"tag-live","18":"tag-musique","19":"tag-news","20":"tag-olivia-ruiz","21":"tag-paris","22":"tag-pop","23":"tag-pop-rock","24":"tag-programmation","25":"tag-rap","26":"tag-republique-francaise"},"share_on_mastodon":{"url":"https:\/\/pubeurope.com\/@fr\/114658836743220438","error":""},"_links":{"self":[{"href":"https:\/\/www.europesays.com\/fr\/wp-json\/wp\/v2\/posts\/165547","targetHints":{"allow":["GET"]}}],"collection":[{"href":"https:\/\/www.europesays.com\/fr\/wp-json\/wp\/v2\/posts"}],"about":[{"href":"https:\/\/www.europesays.com\/fr\/wp-json\/wp\/v2\/types\/post"}],"author":[{"embeddable":true,"href":"https:\/\/www.europesays.com\/fr\/wp-json\/wp\/v2\/users\/2"}],"replies":[{"embeddable":true,"href":"https:\/\/www.europesays.com\/fr\/wp-json\/wp\/v2\/comments?post=165547"}],"version-history":[{"count":0,"href":"https:\/\/www.europesays.com\/fr\/wp-json\/wp\/v2\/posts\/165547\/revisions"}],"wp:featuredmedia":[{"embeddable":true,"href":"https:\/\/www.europesays.com\/fr\/wp-json\/wp\/v2\/media\/165548"}],"wp:attachment":[{"href":"https:\/\/www.europesays.com\/fr\/wp-json\/wp\/v2\/media?parent=165547"}],"wp:term":[{"taxonomy":"category","embeddable":true,"href":"https:\/\/www.europesays.com\/fr\/wp-json\/wp\/v2\/categories?post=165547"},{"taxonomy":"post_tag","embeddable":true,"href":"https:\/\/www.europesays.com\/fr\/wp-json\/wp\/v2\/tags?post=165547"}],"curies":[{"name":"wp","href":"https:\/\/api.w.org\/{rel}","templated":true}]}}