{"id":165555,"date":"2025-06-10T11:32:11","date_gmt":"2025-06-10T11:32:11","guid":{"rendered":"https:\/\/www.europesays.com\/fr\/165555\/"},"modified":"2025-06-10T11:32:11","modified_gmt":"2025-06-10T11:32:11","slug":"royaume-uni-nouvelle-hausse-du-chomage-a-un-sommet-en-quatre-ans","status":"publish","type":"post","link":"https:\/\/www.europesays.com\/fr\/165555\/","title":{"rendered":"Royaume-Uni: nouvelle hausse du ch\u00f4mage, \u00e0 un sommet en quatre ans"},"content":{"rendered":"<p>    <img fetchpriority=\"high\" src=\"https:\/\/www.europesays.com\/fr\/wp-content\/uploads\/2025\/06\/9acaec67a4ee20736daecf95f6d7d7588aed0a8f-89489041.jpg\" width=\"1400\" height=\"1050\" alt=\"\" loading=\"eager\" decoding=\"auto\"\/><\/p>\n<p>            Keystone-SDA        <\/p>\n<p>        Le taux de ch\u00f4mage a de nouveau progress\u00e9 au Royaume-Uni \u00e0 4,6% lors des trois mois achev\u00e9s en avril. La progression refl\u00e8te le ralentissement du march\u00e9 du travail dans la foul\u00e9e de hausses des cotisations patronales.\n<\/p>\n<p>        Ce contenu a \u00e9t\u00e9 publi\u00e9 sur    <\/p>\n<p>        10 juin 2025 &#8211; 11:08\n<\/p>\n<p> (Keystone-ATS) Le taux de ch\u00f4mage a progress\u00e9 de 0,1 point, ce qui le porte \u00e0 un plus haut depuis juillet 2021, a annonc\u00e9 mardi l\u2019Office national des statistiques (ONS). Les entreprises ont p\u00e2ti en avril de l\u2019entr\u00e9e en vigueur d\u2019une hausse des cotisations patronales, pr\u00e9vue par le premier budget du gouvernement travailliste d\u00e9voil\u00e9 \u00e0 l\u2019automne.<\/p>\n<p>Le mois d\u2019avril a \u00e9galement vu le d\u00e9but des droits de douane r\u00e9ciproques de 10% impos\u00e9s au Royaume-Uni et \u00e0 d\u2019autres pays par le pr\u00e9sident am\u00e9ricain Donald Trump. \u00ab\u00a0Le march\u00e9 du travail continue de ralentir, avec une baisse significative du nombre de salari\u00e9s\u00a0\u00bb, a constat\u00e9 Liz McKeown, directrice des statistiques \u00e9conomiques de l\u2019ONS.<\/p>\n<p>\u00ab\u00a0Les fortes augmentations des cotisations patronales\u00a0\u00bb mais aussi \u00ab\u00a0du salaire minimum (\u2026) ont sans aucun doute provoqu\u00e9 un choc parmi les entreprises\u00a0\u00bb, ont r\u00e9agi dans un communiqu\u00e9 les Chambres de commerce britanniques (BCC). Selon les analystes, la hausse du ch\u00f4mage, \u00e0 laquelle s\u2019ajoute un ralentissement de la croissance des salaires, devrait inciter la Banque d\u2019Angleterre (BoE) \u00e0 poursuivre ses baisses de taux d\u2019int\u00e9r\u00eat.<\/p>\n<p>Surtaxes am\u00e9ricaines<\/p>\n<p>La BoE a abaiss\u00e9 le mois dernier son principal taux directeur d\u2019un quart de point de pourcentage, \u00e0 4,25%, estimant que les surtaxes douani\u00e8res am\u00e9ricaines \u00e9taient susceptibles de faire ralentir l\u2019inflation britannique et de freiner l\u2019activit\u00e9 \u00e9conomique dans le pays. Cette d\u00e9cision avait toutefois \u00e9t\u00e9 prise avant l\u2019annonce, le m\u00eame jour, d\u2019un arrangement commercial de principe entre le Royaume-Uni et les Etats-Unis pour r\u00e9duire les droits de douane.<\/p>\n<p>Le produit int\u00e9rieur brut (PIB) du Royaume-Uni a progress\u00e9 de 0,7% au premier trimestre, mieux qu\u2019attendu. Mais si \u00ab\u00a0la croissance \u00e9conomique peut para\u00eetre robuste en surface (\u2026) les statistiques du march\u00e9 du travail soulignent qu\u2019un ralentissement est bel et bien en cours\u00a0\u00bb, a r\u00e9sum\u00e9 Richard Carter, analyste chez Quilter Cheviot.<\/p>\n","protected":false},"excerpt":{"rendered":"Keystone-SDA Le taux de ch\u00f4mage a de nouveau progress\u00e9 au Royaume-Uni \u00e0 4,6% lors des trois mois achev\u00e9s&hellip;\n","protected":false},"author":2,"featured_media":165556,"comment_status":"","ping_status":"","sticky":false,"template":"","format":"standard","meta":{"footnotes":""},"categories":[1588],"tags":[11,1777,674,12,473,1853,4384,1851,1850,1852],"class_list":{"0":"post-165555","1":"post","2":"type-post","3":"status-publish","4":"format-standard","5":"has-post-thumbnail","7":"category-royaume-uni","8":"tag-actualites","9":"tag-eu","10":"tag-europe","11":"tag-news","12":"tag-royaume-uni","13":"tag-royaume-uni-de-grande-bretagne-et-dirlande-du-nord","14":"tag-ticker","15":"tag-uk","16":"tag-united-kingdom","17":"tag-united-kingdom-of-great-britain-and-northern-ireland"},"share_on_mastodon":{"url":"https:\/\/pubeurope.com\/@fr\/114658852540193590","error":""},"_links":{"self":[{"href":"https:\/\/www.europesays.com\/fr\/wp-json\/wp\/v2\/posts\/165555","targetHints":{"allow":["GET"]}}],"collection":[{"href":"https:\/\/www.europesays.com\/fr\/wp-json\/wp\/v2\/posts"}],"about":[{"href":"https:\/\/www.europesays.com\/fr\/wp-json\/wp\/v2\/types\/post"}],"author":[{"embeddable":true,"href":"https:\/\/www.europesays.com\/fr\/wp-json\/wp\/v2\/users\/2"}],"replies":[{"embeddable":true,"href":"https:\/\/www.europesays.com\/fr\/wp-json\/wp\/v2\/comments?post=165555"}],"version-history":[{"count":0,"href":"https:\/\/www.europesays.com\/fr\/wp-json\/wp\/v2\/posts\/165555\/revisions"}],"wp:featuredmedia":[{"embeddable":true,"href":"https:\/\/www.europesays.com\/fr\/wp-json\/wp\/v2\/media\/165556"}],"wp:attachment":[{"href":"https:\/\/www.europesays.com\/fr\/wp-json\/wp\/v2\/media?parent=165555"}],"wp:term":[{"taxonomy":"category","embeddable":true,"href":"https:\/\/www.europesays.com\/fr\/wp-json\/wp\/v2\/categories?post=165555"},{"taxonomy":"post_tag","embeddable":true,"href":"https:\/\/www.europesays.com\/fr\/wp-json\/wp\/v2\/tags?post=165555"}],"curies":[{"name":"wp","href":"https:\/\/api.w.org\/{rel}","templated":true}]}}