{"id":165559,"date":"2025-06-10T11:34:19","date_gmt":"2025-06-10T11:34:19","guid":{"rendered":"https:\/\/www.europesays.com\/fr\/165559\/"},"modified":"2025-06-10T11:34:19","modified_gmt":"2025-06-10T11:34:19","slug":"menace-russe-leurope-nest-pas-prete-a-se-defendre-et-a-besoin-dune-montee-en-puissance-urgente-selon-le-commissaire-europeen-a-la-defense-10-06-2025-a-1320","status":"publish","type":"post","link":"https:\/\/www.europesays.com\/fr\/165559\/","title":{"rendered":"Menace russe : l&rsquo;Europe n&rsquo;est pas pr\u00eate \u00e0 se d\u00e9fendre et a besoin d&rsquo;une mont\u00e9e en puissance \u00ab\u00a0urgente\u00a0\u00bb, selon le commissaire europ\u00e9en \u00e0 la D\u00e9fense &#8211; 10\/06\/2025 \u00e0 13:20"},"content":{"rendered":"<p> \u00ab\u00a0Notre pr\u00e9paration en termes de d\u00e9fense n&rsquo;est pas suffisante\u00a0\u00bb, et l&rsquo;Europe doit remplacer en urgence les capacit\u00e9 am\u00e9ricaines, alors que Washington se d\u00e9sengage du Vieux continent, selon Andrius Kubilius.<\/p>\n<p>        <img fetchpriority=\"high\" decoding=\"async\" src=\"https:\/\/www.europesays.com\/fr\/wp-content\/uploads\/2025\/06\/6c42158669a8930509fa993f8ccc0fcc-760x507.jpg\" alt=\"Andrius Kubilius \u00e0 Bruxelles, en Belgique, le 21 mai 2025. ( AFP \/ NICOLAS TUCAT )\" loading=\"eager\" width=\"760\" height=\"507\" style=\"max-width: 100%!important; height: auto;\"\/><\/p>\n<p class=\"c-image-news__legend\">Andrius Kubilius \u00e0 Bruxelles, en Belgique, le 21 mai 2025. ( AFP \/ NICOLAS TUCAT )<\/p>\n<p>\n Avec la mont\u00e9e de l&rsquo;agressivit\u00e9 russe, au d\u00e9sengagement am\u00e9ricain et \u00e0 la poursuite de la guerre en Ukraine, les Europ\u00e9ens sont confront\u00e9s \u00e0 \u00ab\u00a0temp\u00eate parfaite\u00a0\u00bb qui menace leur s\u00e9curit\u00e9 et leur capacit\u00e9 \u00e0 se pr\u00e9parer aux menaces qui s&rsquo;accumulent, a averti mardi 10 juin le commissaire europ\u00e9en \u00e0 la D\u00e9fense Andrius Kubilius.\n<\/p>\n<p>\n \u00ab\u00a0La guerre en Ukraine se poursuit\u00a0\u00bb, sans perspective de paix, \u00ab\u00a0l&rsquo;agressivit\u00e9 russe augmente\u00a0\u00bb, avec<br \/>\n <strong><br \/>\n  Moscou pr\u00e9parant d\u00e9j\u00e0 sa prochaine attaque, \u00ab\u00a0cette fois contre l&rsquo;UE\u00a0\u00bb<br \/>\n <\/strong><br \/>\n , et enfin le retrait am\u00e9ricain d&rsquo;Europe \u00e0 venir devient \u00ab\u00a0r\u00e9alit\u00e9\u00a0\u00bb, a assur\u00e9 le commissaire europ\u00e9en dans un discours devant une conf\u00e9rence \u00e0 Bruxelles consacr\u00e9e \u00e0 la d\u00e9fense en Europe.\n<\/p>\n<p>\n Dans ce contexte, \u00ab\u00a0notre pr\u00e9paration en termes de d\u00e9fense n&rsquo;est pas suffisante,<br \/>\n <strong><br \/>\n  il faut une mont\u00e9e en puissance urgente et une strat\u00e9gie \u00e0 plus long terme<br \/>\n <\/strong><br \/>\n pour remplacer les capacit\u00e9s am\u00e9ricaines en Europe\u00a0\u00bb, a-t-il soulign\u00e9. Les Europ\u00e9ens redoutent un d\u00e9sengagement am\u00e9ricain de leur continent au moment o\u00f9 leurs services de renseignement, notamment en Allemagne, soulignent un renforcement de la menace russe et de sa capacit\u00e9, dans les cinq ans qui viennent \u00e0 attaquer un pays de l&rsquo;Union europ\u00e9enne.\n<\/p>\n<p> \u00c9viter un \u00ab\u00a0divorce acrimonieux\u00a0\u00bb avec les \u00c9tats-Unis<\/p>\n<p>\n Or, seuls les \u00c9tats-Unis sont pour le moment en mesure d&rsquo;assurer certaines capacit\u00e9s de d\u00e9fense en Europe, notamment li\u00e9es \u00e0<br \/>\n <strong><br \/>\n  la logistique, le renseignement ou l&rsquo;espace<br \/>\n <\/strong><br \/>\n . Il faut \u00e9viter un \u00ab\u00a0divorce acrimonieux\u00a0\u00bb entre l&rsquo;Europe et les Etats-Unis, a ainsi soulign\u00e9 Andrius Kubilius.\n<\/p>\n<p>\n La Commission europ\u00e9enne a propos\u00e9 un ensemble de mesures visant \u00e0<br \/>\n <a href=\"https:\/\/www.boursorama.com\/actualite-economique\/actualites\/defense-un-programme-destine-a-soutenir-l-industrie-europeenne-valide-par-le-parlement-europeen-a85170b80afc46fb78df214d57468cd8\" rel=\"nofollow noopener\" target=\"_blank\"><br \/>\n  renforcer les capacit\u00e9s de d\u00e9fense de l&rsquo;Europe<br \/>\n <\/a><br \/>\n , dont des pr\u00eats jusqu&rsquo;\u00e0 150 milliards d&rsquo;euros pour financer en commun des achats ou des investissements d&rsquo;armement.\n<\/p>\n<p>\n Elle proposera \u00e9galement la semaine prochaine<br \/>\n <strong><br \/>\n  une simplification des conditions entourant les contrats d&rsquo;armement<br \/>\n <\/strong><br \/>\n . \u00ab\u00a0Il n&rsquo;est pas possible que l&rsquo;industrie de la d\u00e9fense doive attendre cinq ans pour obtenir un permis de construire une nouvelle usine\u00a0\u00bb, a affirm\u00e9 Andrius Kubilius.\n<\/p>\n<p>\n Le secr\u00e9taire g\u00e9n\u00e9ral de l&rsquo;Otan Mark Rutte a appel\u00e9 lundi \u00e0 Londres les pays de l&rsquo;Alliance \u00e0 quintupler leurs capacit\u00e9s de d\u00e9fense antia\u00e9rienne afin de prot\u00e9ger l&rsquo;Europe de la Russie.<br \/>\n <strong><br \/>\n  \u00ab\u00a0Nous avons besoin de faire un bond en avant dans notre d\u00e9fense collective<br \/>\n <\/strong><br \/>\n (&#8230;) Le fait est que le danger ne dispara\u00eetra pas, m\u00eame avec la fin de la guerre en Ukraine\u00a0\u00bb, a d\u00e9clar\u00e9 Mark Rutte lors d&rsquo;une conf\u00e9rence organis\u00e9e par le cercle de r\u00e9flexion Chatham House.\n<\/p>\n<p>\n <strong><br \/>\n  L&rsquo;Otan \u00ab\u00a0a besoin d&rsquo;une augmentation de 400% de sa d\u00e9fense antia\u00e9rienne et antimissile\u00a0\u00bb<br \/>\n <\/strong><br \/>\n , a-t-il dit.<\/p>\n","protected":false},"excerpt":{"rendered":"\u00ab\u00a0Notre pr\u00e9paration en termes de d\u00e9fense n&rsquo;est pas suffisante\u00a0\u00bb, et l&rsquo;Europe doit remplacer en urgence les capacit\u00e9 am\u00e9ricaines,&hellip;\n","protected":false},"author":2,"featured_media":165560,"comment_status":"","ping_status":"","sticky":false,"template":"","format":"standard","meta":{"footnotes":""},"categories":[1586],"tags":[400,11,398,408,405,1777,674,1011,27,403,402,399,404,12,25,401,406,407],"class_list":{"0":"post-165559","1":"post","2":"type-post","3":"status-publish","4":"format-standard","5":"has-post-thumbnail","7":"category-europe","8":"tag-action-cac-40","9":"tag-actualites","10":"tag-bourse-de-paris","11":"tag-boursorama","12":"tag-cotations","13":"tag-eu","14":"tag-europe","15":"tag-fr","16":"tag-france","17":"tag-indices-devises","18":"tag-investir","19":"tag-investissement","20":"tag-marche-boursier","21":"tag-news","22":"tag-republique-francaise","23":"tag-sicav","24":"tag-trackers","25":"tag-warrants"},"share_on_mastodon":{"url":"https:\/\/pubeurope.com\/@fr\/114658860664248186","error":""},"_links":{"self":[{"href":"https:\/\/www.europesays.com\/fr\/wp-json\/wp\/v2\/posts\/165559","targetHints":{"allow":["GET"]}}],"collection":[{"href":"https:\/\/www.europesays.com\/fr\/wp-json\/wp\/v2\/posts"}],"about":[{"href":"https:\/\/www.europesays.com\/fr\/wp-json\/wp\/v2\/types\/post"}],"author":[{"embeddable":true,"href":"https:\/\/www.europesays.com\/fr\/wp-json\/wp\/v2\/users\/2"}],"replies":[{"embeddable":true,"href":"https:\/\/www.europesays.com\/fr\/wp-json\/wp\/v2\/comments?post=165559"}],"version-history":[{"count":0,"href":"https:\/\/www.europesays.com\/fr\/wp-json\/wp\/v2\/posts\/165559\/revisions"}],"wp:featuredmedia":[{"embeddable":true,"href":"https:\/\/www.europesays.com\/fr\/wp-json\/wp\/v2\/media\/165560"}],"wp:attachment":[{"href":"https:\/\/www.europesays.com\/fr\/wp-json\/wp\/v2\/media?parent=165559"}],"wp:term":[{"taxonomy":"category","embeddable":true,"href":"https:\/\/www.europesays.com\/fr\/wp-json\/wp\/v2\/categories?post=165559"},{"taxonomy":"post_tag","embeddable":true,"href":"https:\/\/www.europesays.com\/fr\/wp-json\/wp\/v2\/tags?post=165559"}],"curies":[{"name":"wp","href":"https:\/\/api.w.org\/{rel}","templated":true}]}}