{"id":165561,"date":"2025-06-10T11:35:16","date_gmt":"2025-06-10T11:35:16","guid":{"rendered":"https:\/\/www.europesays.com\/fr\/165561\/"},"modified":"2025-06-10T11:35:16","modified_gmt":"2025-06-10T11:35:16","slug":"a-lappel-du-rassemblement-national-lextreme-droite-europeenne-reunie-dans-le-loiret","status":"publish","type":"post","link":"https:\/\/www.europesays.com\/fr\/165561\/","title":{"rendered":"\u00c0 l&rsquo;appel du Rassemblement national, l&rsquo;extr\u00eame droite europ\u00e9enne r\u00e9unie dans le Loiret"},"content":{"rendered":"<p>\t\u00c0 l&rsquo;appel du Rassemblement national, l&rsquo;extr\u00eame droite europ\u00e9enne r\u00e9unie dans le Loiret &#8211; Touteleurope.eu<\/p>\n<p>\t\t<img decoding=\"async\" alt=\"fermer\" class=\"close-info\" src=\"https:\/\/www.europesays.com\/fr\/wp-content\/uploads\/2025\/04\/close-picto-blue.svg.svg+xml\"\/><\/p>\n<p>Touteleurope.eu est le site p\u00e9dagogique de r\u00e9f\u00e9rence sur les questions europ\u00e9ennes : <a href=\"https:\/\/www.touteleurope.eu\/qui-sommes-nous\/\" target=\"_blank\" rel=\"noopener\">Qui sommes-nous ?<\/a><\/p>\n<p><img decoding=\"async\" class=\"logo-pdf\" alt=\"Toute L'Europe \u2013 Comprendre l'Europe\" src=\"https:\/\/www.europesays.com\/fr\/wp-content\/uploads\/2025\/04\/logo-ttl.svg.svg+xml\"\/><\/p>\n","protected":false},"excerpt":{"rendered":"\u00c0 l&rsquo;appel du Rassemblement national, l&rsquo;extr\u00eame droite europ\u00e9enne r\u00e9unie dans le Loiret &#8211; Touteleurope.eu Touteleurope.eu est le site&hellip;\n","protected":false},"author":2,"featured_media":165562,"comment_status":"","ping_status":"","sticky":false,"template":"","format":"standard","meta":{"footnotes":""},"categories":[1586],"tags":[11,1777,674,1779,1076,1011,27,430,3999,12,316,1078,25,1778,364,7247],"class_list":{"0":"post-165561","1":"post","2":"type-post","3":"status-publish","4":"format-standard","5":"has-post-thumbnail","7":"category-europe","8":"tag-actualites","9":"tag-eu","10":"tag-europe","11":"tag-european-union","12":"tag-extreme-droite","13":"tag-fr","14":"tag-france","15":"tag-marine-le-pen","16":"tag-matteo-salvini","17":"tag-news","18":"tag-politique","19":"tag-rassemblement-national","20":"tag-republique-francaise","21":"tag-ue","22":"tag-union-europeenne","23":"tag-viktor-orban"},"share_on_mastodon":{"url":"https:\/\/pubeurope.com\/@fr\/114658864515633481","error":""},"_links":{"self":[{"href":"https:\/\/www.europesays.com\/fr\/wp-json\/wp\/v2\/posts\/165561","targetHints":{"allow":["GET"]}}],"collection":[{"href":"https:\/\/www.europesays.com\/fr\/wp-json\/wp\/v2\/posts"}],"about":[{"href":"https:\/\/www.europesays.com\/fr\/wp-json\/wp\/v2\/types\/post"}],"author":[{"embeddable":true,"href":"https:\/\/www.europesays.com\/fr\/wp-json\/wp\/v2\/users\/2"}],"replies":[{"embeddable":true,"href":"https:\/\/www.europesays.com\/fr\/wp-json\/wp\/v2\/comments?post=165561"}],"version-history":[{"count":0,"href":"https:\/\/www.europesays.com\/fr\/wp-json\/wp\/v2\/posts\/165561\/revisions"}],"wp:featuredmedia":[{"embeddable":true,"href":"https:\/\/www.europesays.com\/fr\/wp-json\/wp\/v2\/media\/165562"}],"wp:attachment":[{"href":"https:\/\/www.europesays.com\/fr\/wp-json\/wp\/v2\/media?parent=165561"}],"wp:term":[{"taxonomy":"category","embeddable":true,"href":"https:\/\/www.europesays.com\/fr\/wp-json\/wp\/v2\/categories?post=165561"},{"taxonomy":"post_tag","embeddable":true,"href":"https:\/\/www.europesays.com\/fr\/wp-json\/wp\/v2\/tags?post=165561"}],"curies":[{"name":"wp","href":"https:\/\/api.w.org\/{rel}","templated":true}]}}