{"id":165565,"date":"2025-06-10T11:37:10","date_gmt":"2025-06-10T11:37:10","guid":{"rendered":"https:\/\/www.europesays.com\/fr\/165565\/"},"modified":"2025-06-10T11:37:10","modified_gmt":"2025-06-10T11:37:10","slug":"rima-hassan-et-trois-autres-francais-ont-refuse-leur-expulsion-disrael-greta-thunberg-dans-un-avion-pour-la-france-liberation","status":"publish","type":"post","link":"https:\/\/www.europesays.com\/fr\/165565\/","title":{"rendered":"Rima Hassan et trois autres Fran\u00e7ais ont refus\u00e9 leur expulsion d\u2019Isra\u00ebl, Greta Thunberg dans un avion pour la France \u2013 Lib\u00e9ration"},"content":{"rendered":"<p class=\"sc-ksZaOG ehjQrN text-element\">Deux Fran\u00e7ais dans l\u2019avion. Les six militants fran\u00e7ais <a href=\"https:\/\/www.liberation.fr\/international\/moyen-orient\/gaza-le-bateau-humanitaire-arraisonne-sur-le-point-darriver-en-israel-20250609_JSCV25P6XRDEVHIX4LJLYHFF6A\/\" target=\"_blank\" rel=\"nofollow noopener\" title=\"https:\/\/www.liberation.fr\/international\/moyen-orient\/gaza-le-bateau-humanitaire-arraisonne-sur-le-point-darriver-en-israel-20250609_JSCV25P6XRDEVHIX4LJLYHFF6A\/\">arr\u00eat\u00e9s par les autorit\u00e9s isra\u00e9liennes<\/a> \u00e0 bord d\u2019un bateau dont le but \u00e9tait de briser le blocus de Gaza ont re\u00e7u la visite de diplomates fran\u00e7ais. Et <a href=\"https:\/\/www.liberation.fr\/international\/moyen-orient\/le-bateau-pour-gaza-intercepte-par-israel-ses-passagers-invites-a-rentrer-chez-eux-20250609_LLEMQKWSWZDNHPPIRAV7WR3YWY\/\" target=\"_blank\" rel=\"nofollow noopener\" title=\"https:\/\/www.liberation.fr\/international\/moyen-orient\/le-bateau-pour-gaza-intercepte-par-israel-ses-passagers-invites-a-rentrer-chez-eux-20250609_LLEMQKWSWZDNHPPIRAV7WR3YWY\/\">deux d\u2019entre eux ont accept\u00e9 d\u2019\u00eatre expuls\u00e9s<\/a> d\u00e8s ce mardi 10 juin, a annonc\u00e9 le ministre des Affaires \u00e9trang\u00e8res Jean-No\u00ebl Barrot. Les deux ressortissants ayant sign\u00e9 un document autorisant leur expulsion sont un journaliste pour la cha\u00eene qatarie Al Jazeera, Omar Faiad, et un m\u00e9decin, Baptiste Andr\u00e9, a pr\u00e9cis\u00e9 une source diplomatique fran\u00e7aise.<\/p>\n<p class=\"sc-ksZaOG ehjQrN text-element\">\u00abA ce jour, deux d\u2019entre eux ont accept\u00e9 de signer les papiers les expulsant du territoire isra\u00e9lien et leur permettant de rentrer dans notre pays. Quatre l\u2019ont refus\u00e9\u00bb, a-t-il d\u00e9clar\u00e9 ce mardi midi. En d\u00e9but de matin\u00e9e, un seul avait accept\u00e9 l\u2019expulsion. Ceux qui ont refus\u00e9 de signer le document devront d\u00e9sormais \u00eatre pr\u00e9sent\u00e9s \u00e0 un juge dans les prochains jours qui d\u00e9cidera, ou non, de leur expulsion.<\/p>\n<p class=\"sc-ksZaOG ehjQrN text-element\">L\u2019eurod\u00e9put\u00e9e LFI Rima Hassan, qui faisait partie des personnalit\u00e9s \u00e0 bord du navire, aurait refus\u00e9 de son c\u00f4t\u00e9 de signer le document et serait donc toujours en Isra\u00ebl, selon <a href=\"\" target=\"_blank\" rel=\"\" title=\"\">le m\u00e9dia isra\u00e9lien Ynet<\/a>. Contrairement \u00e0 l\u2019activiste su\u00e9doise, Greta Thunberg, qui se trouve actuellement dans un avion \u00e0 destination de la France, a pr\u00e9cis\u00e9 le minist\u00e8re isra\u00e9lien des Affaires \u00e9trang\u00e8res.<\/p>\n<p class=\"sc-ksZaOG ehjQrN text-element\">\u00abLes Fran\u00e7ais de la <a href=\"https:\/\/x.com\/hashtag\/FreedomFlotilla?src=hashtag_click\" target=\"_blank\" rel=\"nofollow\">#FreedomFlotilla<\/a>, dont Rima, n\u2019ont pas refus\u00e9 d\u2019\u00eatre rapatri\u00e9s en France. Ils ont refus\u00e9 de signer un document dans lequel ils devaient reconna\u00eetre \u00eatre entr\u00e9s ill\u00e9galement sur le territoire isra\u00e9lien, condition fix\u00e9e par Isra\u00ebl pour leur lib\u00e9ration\u00bb, a pr\u00e9cis\u00e9 Cl\u00e9mence Guett\u00e9. La d\u00e9put\u00e9e LFI d\u00e9nonce un document \u00abinacceptable\u00bb car \u00abl\u2019arrestation par Isra\u00ebl de la flottille a eu lieu dans les eaux internationales\u00bb et que \u00abla flottille n\u2019est pas entr\u00e9e sur le territoire isra\u00e9lien et n\u2019en a pas eu l\u2019intention\u00bb puisque \u00abla bande de Gaza n\u2019en fait pas partie\u00bb.<\/p>\n<p class=\"sc-ksZaOG ehjQrN text-element\">La France a \u00abpass\u00e9 tous les messages\u00bb \u00e0 Isra\u00ebl pour que \u00abla protection\u00bb de ses ressortissants \u00absoit assur\u00e9e\u00bb et qu\u2019ils \u00abpuissent retrouver le sol fran\u00e7ais\u00bb, avait assur\u00e9 lundi le pr\u00e9sident Emmanuel Macron, d\u00e9non\u00e7ant comme un \u00abscandale\u00bb le blocus humanitaire \u00e0 Gaza. Des dizaines de <a href=\"https:\/\/www.liberation.fr\/politique\/les-insoumis-en-pointe-sur-le-soutien-a-la-flottille-pour-gaza-20250609_4UMW7LCEA5BSPJX6Z7JUW6ICSM\/\" target=\"_blank\" rel=\"nofollow noopener\" title=\"https:\/\/www.liberation.fr\/politique\/les-insoumis-en-pointe-sur-le-soutien-a-la-flottille-pour-gaza-20250609_4UMW7LCEA5BSPJX6Z7JUW6ICSM\/\">milliers de personnes se sont rassembl\u00e9es lundi soir \u00e0 travers la France<\/a> \u00e0 l\u2019appel de la gauche en soutien \u00e0 ces militants.<\/p>\n<p class=\"sc-ksZaOG ehjQrN text-element\">\u00abL\u2019\u00e9quipe diplomatique et consulaire fran\u00e7aise \u00e0 Tel Aviv restera au contact de nos ressortissants, comme le lui permet la protection consulaire, pour s\u2019assurer de leur \u00e9tat jusqu\u2019\u00e0 leur retour en France\u00bb, a assur\u00e9 mardi le chef de la diplomatie fran\u00e7aise, en pr\u00e9cisant que \u00ables appels d\u2019information aux proches ont \u00e9t\u00e9 pass\u00e9s \u00e0 cinq d\u2019entre eux sit\u00f4t apr\u00e8s les visites consulaires, soit apr\u00e8s 3 heures du matin\u00bb. Jean-No\u00ebl Barrot a \u00e9galement d\u00e9nonc\u00e9 les \u00abman\u0153uvres de d\u00e9sinformation\u00bb d\u2019un \u00abcertain nombre de responsables politiques\u00bb.<\/p>\n<p class=\"sc-ksZaOG ehjQrN text-element\">Le leader de La France insoumise, Jean-Luc M\u00e9lenchon, avait fustig\u00e9 quelques heures plus t\u00f4t sur X la \u00abnullit\u00e9 des services fran\u00e7ais\u00bb en affirmant que les familles des ressortissants retenus en Isra\u00ebl n\u2019avaient \u00abaucune nouvelle\u00bb.<\/p>\n<p class=\"sc-ksZaOG ehjQrN text-element\"><b>Mise \u00e0 jour \u00e0 13 heures <\/b>: un autre fran\u00e7ais a accept\u00e9 d\u2019\u00eatre expuls\u00e9 ; \u00e0 13 h 34 avec le nom des deux Fran\u00e7ais expuls\u00e9s.<\/p>\n","protected":false},"excerpt":{"rendered":"Deux Fran\u00e7ais dans l\u2019avion. Les six militants fran\u00e7ais arr\u00eat\u00e9s par les autorit\u00e9s isra\u00e9liennes \u00e0 bord d\u2019un bateau dont&hellip;\n","protected":false},"author":2,"featured_media":165566,"comment_status":"","ping_status":"","sticky":false,"template":"","format":"standard","meta":{"footnotes":""},"categories":[2],"tags":[11,1011,27,3522,664,780,12,25,15442],"class_list":{"0":"post-165565","1":"post","2":"type-post","3":"status-publish","4":"format-standard","5":"has-post-thumbnail","7":"category-actualites","8":"tag-actualites","9":"tag-fr","10":"tag-france","11":"tag-guerre-hamas-israel","12":"tag-israel","13":"tag-lfi","14":"tag-news","15":"tag-republique-francaise","16":"tag-rima-hassan"},"share_on_mastodon":{"url":"https:\/\/pubeurope.com\/@fr\/114658872129592066","error":""},"_links":{"self":[{"href":"https:\/\/www.europesays.com\/fr\/wp-json\/wp\/v2\/posts\/165565","targetHints":{"allow":["GET"]}}],"collection":[{"href":"https:\/\/www.europesays.com\/fr\/wp-json\/wp\/v2\/posts"}],"about":[{"href":"https:\/\/www.europesays.com\/fr\/wp-json\/wp\/v2\/types\/post"}],"author":[{"embeddable":true,"href":"https:\/\/www.europesays.com\/fr\/wp-json\/wp\/v2\/users\/2"}],"replies":[{"embeddable":true,"href":"https:\/\/www.europesays.com\/fr\/wp-json\/wp\/v2\/comments?post=165565"}],"version-history":[{"count":0,"href":"https:\/\/www.europesays.com\/fr\/wp-json\/wp\/v2\/posts\/165565\/revisions"}],"wp:featuredmedia":[{"embeddable":true,"href":"https:\/\/www.europesays.com\/fr\/wp-json\/wp\/v2\/media\/165566"}],"wp:attachment":[{"href":"https:\/\/www.europesays.com\/fr\/wp-json\/wp\/v2\/media?parent=165565"}],"wp:term":[{"taxonomy":"category","embeddable":true,"href":"https:\/\/www.europesays.com\/fr\/wp-json\/wp\/v2\/categories?post=165565"},{"taxonomy":"post_tag","embeddable":true,"href":"https:\/\/www.europesays.com\/fr\/wp-json\/wp\/v2\/tags?post=165565"}],"curies":[{"name":"wp","href":"https:\/\/api.w.org\/{rel}","templated":true}]}}