{"id":165571,"date":"2025-06-10T11:42:09","date_gmt":"2025-06-10T11:42:09","guid":{"rendered":"https:\/\/www.europesays.com\/fr\/165571\/"},"modified":"2025-06-10T11:42:09","modified_gmt":"2025-06-10T11:42:09","slug":"roland-garros-atp-stuttgart-zverev-sagace-jai-perdu-contre-djokovic-pas-contre-hans-peter-classe-250e-mondial","status":"publish","type":"post","link":"https:\/\/www.europesays.com\/fr\/165571\/","title":{"rendered":"Roland Garros, ATP &#8211; Stuttgart > Zverev s&rsquo;agace : \u00ab\u00a0J&rsquo;ai perdu contre Djokovic, pas contre Hans Peter, class\u00e9 250e mondial !\u00a0\u00bb"},"content":{"rendered":"<p>De passage en conf\u00e9\u00adrence de presse \u00e0 Stuttgart, o\u00f9 il va commencer sa saison sur gazon, Alexander Zverev a r\u00e9pondu aux critiques, <a href=\"https:\/\/www.welovetennis.fr\/roland-garros\/becker-nepargne-pas-zverev-quest-ce-quil-veut-est-il-heureux-detre-numero-deux-mondial-ou-veut-il-plus-regardez-la-carriere-de-nadal-toni-etait-la-pendant-longtemps-puis-moya-et-roig\" data-wpel-link=\"internal\" target=\"_blank\" rel=\"noopener\">et notam\u00adment celles de Boris Becker<\/a>, apr\u00e8s sa d\u00e9faite contre Novak Djokovic en quarts de finale de Roland\u2010Garros.\u00a0<\/p>\n<p><strong>\u00ab\u202fQuand les choses ne vont pas bien pour moi, tout le monde devient soudai\u00adne\u00adment tr\u00e8s intel\u00adli\u00adgent. Malheureusement, Boris en fait partie. Je suis revenu de bles\u00adsure pour atteindre la deuxi\u00e8me place mondiale. Je me consi\u00add\u00e8re toujours comme un pr\u00e9ten\u00addant au titre face aux deux joueurs au sommet. M\u00eame si ce n\u2019\u00e9tait pas mon meilleur match, j\u2019ai perdu contre Djokovic, pas contre Hanspeter, class\u00e9 250e mondial.\u202f\u00bb<\/strong><\/p>\n<p class=\"post-published-date\" style=\"color: silver; font-size: 75%; text-align: left;\">Publi\u00e9 le mardi 10 juin 2025 \u00e0 12:13<\/p>\n","protected":false},"excerpt":{"rendered":"De passage en conf\u00e9\u00adrence de presse \u00e0 Stuttgart, o\u00f9 il va commencer sa saison sur gazon, Alexander Zverev&hellip;\n","protected":false},"author":2,"featured_media":165572,"comment_status":"","ping_status":"","sticky":false,"template":"","format":"standard","meta":{"footnotes":""},"categories":[1415],"tags":[105,1011,27,60,1467,4542],"class_list":{"0":"post-165571","1":"post","2":"type-post","3":"status-publish","4":"format-standard","5":"has-post-thumbnail","7":"category-tennis","8":"tag-djokovic","9":"tag-fr","10":"tag-france","11":"tag-sports","12":"tag-tennis","13":"tag-zverev"},"share_on_mastodon":{"url":"https:\/\/pubeurope.com\/@fr\/114658891687993274","error":""},"_links":{"self":[{"href":"https:\/\/www.europesays.com\/fr\/wp-json\/wp\/v2\/posts\/165571","targetHints":{"allow":["GET"]}}],"collection":[{"href":"https:\/\/www.europesays.com\/fr\/wp-json\/wp\/v2\/posts"}],"about":[{"href":"https:\/\/www.europesays.com\/fr\/wp-json\/wp\/v2\/types\/post"}],"author":[{"embeddable":true,"href":"https:\/\/www.europesays.com\/fr\/wp-json\/wp\/v2\/users\/2"}],"replies":[{"embeddable":true,"href":"https:\/\/www.europesays.com\/fr\/wp-json\/wp\/v2\/comments?post=165571"}],"version-history":[{"count":0,"href":"https:\/\/www.europesays.com\/fr\/wp-json\/wp\/v2\/posts\/165571\/revisions"}],"wp:featuredmedia":[{"embeddable":true,"href":"https:\/\/www.europesays.com\/fr\/wp-json\/wp\/v2\/media\/165572"}],"wp:attachment":[{"href":"https:\/\/www.europesays.com\/fr\/wp-json\/wp\/v2\/media?parent=165571"}],"wp:term":[{"taxonomy":"category","embeddable":true,"href":"https:\/\/www.europesays.com\/fr\/wp-json\/wp\/v2\/categories?post=165571"},{"taxonomy":"post_tag","embeddable":true,"href":"https:\/\/www.europesays.com\/fr\/wp-json\/wp\/v2\/tags?post=165571"}],"curies":[{"name":"wp","href":"https:\/\/api.w.org\/{rel}","templated":true}]}}