{"id":165579,"date":"2025-06-10T11:47:12","date_gmt":"2025-06-10T11:47:12","guid":{"rendered":"https:\/\/www.europesays.com\/fr\/165579\/"},"modified":"2025-06-10T11:47:12","modified_gmt":"2025-06-10T11:47:12","slug":"le-psg-proche-dun-accord-pour-un-transfert-a-20-me","status":"publish","type":"post","link":"https:\/\/www.europesays.com\/fr\/165579\/","title":{"rendered":"le PSG proche d&rsquo;un accord pour un transfert \u00e0 20 M\u20ac !"},"content":{"rendered":"<p>Le mercato a commenc\u00e9 pour les clubs qualifi\u00e9s pour la Coupe du Monde des Clubs et le PSG a d\u00e9cid\u00e9 de passer la seconde en coulisses. Des joueurs devraient rejoindre la capitale dans les prochaines semaines, voire les prochains jours, pendant que d\u2019autres feront leurs valises pour connaitre une nouvelle destination.<\/p>\n<p>Paris, qui a plac\u00e9 plusieurs noms dans sa liste des ind\u00e9sirables, aimerait trouver des points de chute rapidement. Pr\u00eat\u00e9 sous les couleurs du Fenerbah\u00e7e cette saison, <a href=\"https:\/\/allezparis.fr\/joueurs\/milan-skriniar\" target=\"_blank\" rel=\"noopener\">Milan Skriniar<\/a> pourrait \u00eatre l\u2019un des premiers \u00e0 quitter le navire. Un accord pour un transfert d\u00e9finitif serait tout proche d\u2019\u00eatre trouv\u00e9.<\/p>\n<p><img loading=\"lazy\" data-lazyloaded=\"1\" width=\"72\" height=\"72\" decoding=\"async\" src=\"https:\/\/www.europesays.com\/fr\/wp-content\/uploads\/2025\/06\/1f4cc.png\" alt=\"\ud83d\udccc\" class=\"wp-smiley\" style=\"height: 1em; max-height: 1em;\"\/>\u00a0 Sur le m\u00eame sujet<\/p>\n<ul class=\"liste-articles-sim\">\n<li><a href=\"https:\/\/allezparis.fr\/mercato\/mercato-larabie-saoudite-fonce-sur-un-cadre-le-psg-inquiet-42181\" target=\"_blank\" rel=\"noopener\">Mercato : l\u2019Arabie Saoudite fonce sur un cadre, le PSG inquiet ?<\/a><\/li>\n<li><a href=\"https:\/\/allezparis.fr\/mercato\/psg-mercato-luis-campos-sort-sa-carte-secrete-pour-illya-zabarnyi-42185\" target=\"_blank\" rel=\"noopener\">PSG, Mercato : Luis Campos sort sa carte secr\u00e8te pour Illya Zabarnyi<\/a><\/li>\n<\/ul>\n<p>Le PSG tout proche de trouver un accord<\/p>\n<p>Selon les derni\u00e8res informations de <strong><a href=\"https:\/\/ajansspor.com\/\" target=\"_blank\" rel=\"noopener\">Ajansspor<\/a><\/strong>, Milan Skriniar devrait bien rester sur les terres turques la saison prochaine. L\u2019ancien d\u00e9fenseur de l\u2019Inter Milan s\u2019y sentirait bien et aimerait continuer son aventure. Pour cela, le PSG serait proche d\u2019accepter une offre d\u2019environ 20 millions d\u2019euros, soit le montant demand\u00e9. Fenerbah\u00e7e tenterait actuellement de baisser un peu cette somme, allant plus vers les 15 millions d\u2019euros.<\/p>\n<p>Quoi qu\u2019il en soit, Skriniar ne sera plus un joueur du PSG la saison prochaine. Un accord total pourrait \u00eatre rapidement trouv\u00e9 et ainsi permettre au club de la capitale de rajouter un peu d\u2019argent dans les caisses. Le joueur, quant \u00e0 lui, aura l\u2019occasion de confirmer sa bonne forme et de marquer son histoire en Turquie.<\/p>\n<p>Pub.\tle 10\/06\/2025 &#8211; 10:00<\/p>\n","protected":false},"excerpt":{"rendered":"Le mercato a commenc\u00e9 pour les clubs qualifi\u00e9s pour la Coupe du Monde des Clubs et le PSG&hellip;\n","protected":false},"author":2,"featured_media":165580,"comment_status":"","ping_status":"","sticky":false,"template":"","format":"standard","meta":{"footnotes":""},"categories":[1410],"tags":[27990,63,1011,27,1434,27992,93,60],"class_list":{"0":"post-165579","1":"post","2":"type-post","3":"status-publish","4":"format-standard","5":"has-post-thumbnail","7":"category-football","8":"tag-fenerbahce","9":"tag-football","10":"tag-fr","11":"tag-france","12":"tag-mercato","13":"tag-milan-skriniar","14":"tag-psg","15":"tag-sports"},"share_on_mastodon":{"url":"https:\/\/pubeurope.com\/@fr\/114658911556433117","error":""},"_links":{"self":[{"href":"https:\/\/www.europesays.com\/fr\/wp-json\/wp\/v2\/posts\/165579","targetHints":{"allow":["GET"]}}],"collection":[{"href":"https:\/\/www.europesays.com\/fr\/wp-json\/wp\/v2\/posts"}],"about":[{"href":"https:\/\/www.europesays.com\/fr\/wp-json\/wp\/v2\/types\/post"}],"author":[{"embeddable":true,"href":"https:\/\/www.europesays.com\/fr\/wp-json\/wp\/v2\/users\/2"}],"replies":[{"embeddable":true,"href":"https:\/\/www.europesays.com\/fr\/wp-json\/wp\/v2\/comments?post=165579"}],"version-history":[{"count":0,"href":"https:\/\/www.europesays.com\/fr\/wp-json\/wp\/v2\/posts\/165579\/revisions"}],"wp:featuredmedia":[{"embeddable":true,"href":"https:\/\/www.europesays.com\/fr\/wp-json\/wp\/v2\/media\/165580"}],"wp:attachment":[{"href":"https:\/\/www.europesays.com\/fr\/wp-json\/wp\/v2\/media?parent=165579"}],"wp:term":[{"taxonomy":"category","embeddable":true,"href":"https:\/\/www.europesays.com\/fr\/wp-json\/wp\/v2\/categories?post=165579"},{"taxonomy":"post_tag","embeddable":true,"href":"https:\/\/www.europesays.com\/fr\/wp-json\/wp\/v2\/tags?post=165579"}],"curies":[{"name":"wp","href":"https:\/\/api.w.org\/{rel}","templated":true}]}}